{"id":18605,"date":"2024-06-26T23:12:43","date_gmt":"2024-06-27T02:12:43","guid":{"rendered":"https:\/\/acontecenafronteira.com.br\/?p=18605"},"modified":"2024-06-26T23:12:44","modified_gmt":"2024-06-27T02:12:44","slug":"17o-edicao-da-festa-do-colono-acontece-dia-28-de-julho-na-comunidade-rural-de-aparecidinha","status":"publish","type":"post","link":"https:\/\/acontecenafronteira.com.br\/index.php\/2024\/06\/26\/17o-edicao-da-festa-do-colono-acontece-dia-28-de-julho-na-comunidade-rural-de-aparecidinha\/","title":{"rendered":"17\u00ba edi\u00e7\u00e3o da Festa do Colono acontece dia 28 de julho na comunidade rural de Aparecidinha"},"content":{"rendered":"\n<p><em><strong>Evento tem in\u00edcio com a tradicional Caminhada da Natureza, e segue com churrasco mais m\u00fasica ao vivo<\/strong><\/em><\/p>\n\n\n\n<p>A Secretaria de Desenvolvimento Industrial, Comercial e Agropecu\u00e1rio de Foz do Igua\u00e7u, em parceria com o Sindicato Rural e a Associa\u00e7\u00e3o da Vila Aparecidinha, promove no dia 28 de julho (domingo) a 17\u00aa edi\u00e7\u00e3o da Festa do Colono, evento que celebra o Dia do Colono e o Dia do Agricultor, celebrados em 25 e 28 de julho, respectivamente.<\/p>\n\n\n\n<p>A festa acontecer\u00e1 na comunidade rural de Aparecidinha, na divisa entre Foz do Igua\u00e7u e Santa Terezinha de Itaipu. A programa\u00e7\u00e3o tem in\u00edcio \u00e0s 8h com a tradicional Caminhada da Natureza, por um percurso de 10 km em meio \u00e0 \u00e1rea rural. Os ciclistas tamb\u00e9m est\u00e3o convidados a participar do percurso. As inscri\u00e7\u00f5es podem ser feitas pouco antes da caminhada, no pr\u00f3prio local. Al\u00e9m disso, haver\u00e1 o sorteio de brindes aos participantes.<\/p>\n\n\n\n<p>A partir do meio dia est\u00e1 marcado o almo\u00e7o, servido de uma costela de 2,5 quilos, al\u00e9m dos acompanhamentos de arroz, mandioca e saladas. Com as vendas abertas na comunidade de Aparecidinha e no Sindicato Rural, o valor do ingresso \u00e9 de R$ 120,00 e d\u00e1 direito ao churrasco completo. Quem for participar do almo\u00e7o e optar pelo consumo no local, \u00e9 indicado levar pratos e talheres. A partir das 14h, a programa\u00e7\u00e3o continua com baile e m\u00fasica ao vivo.<\/p>\n\n\n\n<p>Segundo o secret\u00e1rio de Desenvolvimento Industrial, Comercial e Agropecu\u00e1rio de Foz do Igua\u00e7u, Vilmar Andreola, \u201cestamos felizes em convidar a comunidade para mais uma edi\u00e7\u00e3o da Festa do Colono. Al\u00e9m da tradicional Caminhada da Natureza e churrascada, o evento tamb\u00e9m vai contar com a exposi\u00e7\u00e3o de maquin\u00e1rios agr\u00edcolas. Ser\u00e1 um dia maravilhoso!\u201d.<\/p>\n\n\n\n<p>A prefeitura de Santa Terezinha de Itaipu, por meio da Secretaria de Agricultura, Guarda Municipal, Secretaria de Sa\u00fade e Sindicato Rural, e a prefeitura de Foz do Igua\u00e7u, atrav\u00e9s da Secretaria de Esporte e Lazer, Guarda Municipal, Pol\u00edcia Militar e Foztrans, tamb\u00e9m s\u00e3o parceiros da festa.<\/p>\n","protected":false},"excerpt":{"rendered":"<p>Evento tem in\u00edcio com a tradicional Caminhada da Natureza, e segue com churrasco mais m\u00fasica ao vivo A Secretaria de Desenvolvimento Industrial, Comercial e Agropecu\u00e1rio de Foz do Igua\u00e7u, em parceria com o Sindicato Rural e a Associa\u00e7\u00e3o da Vila Aparecidinha, promove no dia 28 de julho (domingo) a 17\u00aa edi\u00e7\u00e3o da Festa do Colono, [&hellip;]<\/p>\n","protected":false},"author":2,"featured_media":18606,"comment_status":"open","ping_status":"open","sticky":false,"template":"","format":"standard","meta":{"om_disable_all_campaigns":false,"_monsterinsights_skip_tracking":false,"_monsterinsights_sitenote_active":false,"_monsterinsights_sitenote_note":"","_monsterinsights_sitenote_category":0,"footnotes":""},"categories":[13],"tags":[],"class_list":["post-18605","post","type-post","status-publish","format-standard","has-post-thumbnail","hentry","category-entretenimento"],"_links":{"self":[{"href":"https:\/\/acontecenafronteira.com.br\/index.php\/wp-json\/wp\/v2\/posts\/18605","targetHints":{"allow":["GET"]}}],"collection":[{"href":"https:\/\/acontecenafronteira.com.br\/index.php\/wp-json\/wp\/v2\/posts"}],"about":[{"href":"https:\/\/acontecenafronteira.com.br\/index.php\/wp-json\/wp\/v2\/types\/post"}],"author":[{"embeddable":true,"href":"https:\/\/acontecenafronteira.com.br\/index.php\/wp-json\/wp\/v2\/users\/2"}],"replies":[{"embeddable":true,"href":"https:\/\/acontecenafronteira.com.br\/index.php\/wp-json\/wp\/v2\/comments?post=18605"}],"version-history":[{"count":1,"href":"https:\/\/acontecenafronteira.com.br\/index.php\/wp-json\/wp\/v2\/posts\/18605\/revisions"}],"predecessor-version":[{"id":18607,"href":"https:\/\/acontecenafronteira.com.br\/index.php\/wp-json\/wp\/v2\/posts\/18605\/revisions\/18607"}],"wp:featuredmedia":[{"embeddable":true,"href":"https:\/\/acontecenafronteira.com.br\/index.php\/wp-json\/wp\/v2\/media\/18606"}],"wp:attachment":[{"href":"https:\/\/acontecenafronteira.com.br\/index.php\/wp-json\/wp\/v2\/media?parent=18605"}],"wp:term":[{"taxonomy":"category","embeddable":true,"href":"https:\/\/acontecenafronteira.com.br\/index.php\/wp-json\/wp\/v2\/categories?post=18605"},{"taxonomy":"post_tag","embeddable":true,"href":"https:\/\/acontecenafronteira.com.br\/index.php\/wp-json\/wp\/v2\/tags?post=18605"}],"curies":[{"name":"wp","href":"https:\/\/api.w.org\/{rel}","templated":true}]}}