{"id":18601,"date":"2024-06-26T23:05:26","date_gmt":"2024-06-27T02:05:26","guid":{"rendered":"https:\/\/acontecenafronteira.com.br\/?p=18601"},"modified":"2024-06-26T23:08:45","modified_gmt":"2024-06-27T02:08:45","slug":"ubs-porto-belo-recebe-novos-equipamentos","status":"publish","type":"post","link":"https:\/\/acontecenafronteira.com.br\/index.php\/2024\/06\/26\/ubs-porto-belo-recebe-novos-equipamentos\/","title":{"rendered":"UBS Porto Belo recebe novos equipamentos"},"content":{"rendered":"\n<p><em><strong>Projeto de moderniza\u00e7\u00e3o prev\u00ea a melhoria em todas as 29 Unidades B\u00e1sicas de Sa\u00fade de Foz<\/strong><\/em><\/p>\n\n\n\n<p>A prefeitura de Foz do Igua\u00e7u, por meio da Secretaria de Sa\u00fade, deu seguimento nesta quarta-feira (26) ao plano de moderniza\u00e7\u00e3o das Unidades B\u00e1sicas de Sa\u00fade (UBS) da cidade, desta vez, na UBS Porto Belo, com a entrega de 16 novos computadores, al\u00e9m de cadeiras e outros m\u00f3veis para a unidade.<\/p>\n\n\n\n<p>A iniciativa tem por objetivo equipar todas as 29 UBSs com novos recursos tecnol\u00f3gicos e melhorias estruturais, oferecendo um atendimento mais eficiente aos pacientes.<\/p>\n\n\n\n<p>Segundo o secret\u00e1rio de Sa\u00fade, Ulisses Figueiredo, a preocupa\u00e7\u00e3o com a sa\u00fade no munic\u00edpio tem impulsionado melhorias nos servi\u00e7os. \u201cDurante as visitas nas UBSs, aproveitamos para conversar com a popula\u00e7\u00e3o e identificar as principais demandas, buscando compreender as reais condi\u00e7\u00f5es das unidades de sa\u00fade\u201d.<\/p>\n\n\n\n<p>A primeira fase desse processo teve in\u00edcio com a entrega dos novos computadores \u00e0 UBS Jardim Am\u00e9rica. A estrat\u00e9gia da Secretaria de Sa\u00fade \u00e9 completar a distribui\u00e7\u00e3o de todos os equipamentos at\u00e9 o final de 2024, seguindo um cronograma de entrega e instala\u00e7\u00e3o. Todas as etapas s\u00e3o organizadas para que as UBSs recebam as novas aquisi\u00e7\u00f5es de forma simult\u00e2nea, garantindo que cada unidade seja beneficiada em breve.<\/p>\n\n\n\n<p>Para o projeto de moderniza\u00e7\u00e3o das UBSs foram adquiridos 369 computadores, al\u00e9m da instala\u00e7\u00e3o de 418 novos aparelhos de ar condicionado em substitui\u00e7\u00e3o aos antigos nas Unidades de Sa\u00fade, totalizando um investimento de R$ 2.313.468,68.<\/p>\n\n\n\n<p><em>Foto: Bruno Martins<\/em><\/p>\n","protected":false},"excerpt":{"rendered":"<p>Projeto de moderniza\u00e7\u00e3o prev\u00ea a melhoria em todas as 29 Unidades B\u00e1sicas de Sa\u00fade de Foz A prefeitura de Foz do Igua\u00e7u, por meio da Secretaria de Sa\u00fade, deu seguimento nesta quarta-feira (26) ao plano de moderniza\u00e7\u00e3o das Unidades B\u00e1sicas de Sa\u00fade (UBS) da cidade, desta vez, na UBS Porto Belo, com a entrega de [&hellip;]<\/p>\n","protected":false},"author":2,"featured_media":18602,"comment_status":"open","ping_status":"open","sticky":false,"template":"","format":"standard","meta":{"om_disable_all_campaigns":false,"_monsterinsights_skip_tracking":false,"_monsterinsights_sitenote_active":false,"_monsterinsights_sitenote_note":"","_monsterinsights_sitenote_category":0,"footnotes":""},"categories":[4,10],"tags":[],"class_list":["post-18601","post","type-post","status-publish","format-standard","has-post-thumbnail","hentry","category-cidade","category-saude"],"_links":{"self":[{"href":"https:\/\/acontecenafronteira.com.br\/index.php\/wp-json\/wp\/v2\/posts\/18601","targetHints":{"allow":["GET"]}}],"collection":[{"href":"https:\/\/acontecenafronteira.com.br\/index.php\/wp-json\/wp\/v2\/posts"}],"about":[{"href":"https:\/\/acontecenafronteira.com.br\/index.php\/wp-json\/wp\/v2\/types\/post"}],"author":[{"embeddable":true,"href":"https:\/\/acontecenafronteira.com.br\/index.php\/wp-json\/wp\/v2\/users\/2"}],"replies":[{"embeddable":true,"href":"https:\/\/acontecenafronteira.com.br\/index.php\/wp-json\/wp\/v2\/comments?post=18601"}],"version-history":[{"count":2,"href":"https:\/\/acontecenafronteira.com.br\/index.php\/wp-json\/wp\/v2\/posts\/18601\/revisions"}],"predecessor-version":[{"id":18604,"href":"https:\/\/acontecenafronteira.com.br\/index.php\/wp-json\/wp\/v2\/posts\/18601\/revisions\/18604"}],"wp:featuredmedia":[{"embeddable":true,"href":"https:\/\/acontecenafronteira.com.br\/index.php\/wp-json\/wp\/v2\/media\/18602"}],"wp:attachment":[{"href":"https:\/\/acontecenafronteira.com.br\/index.php\/wp-json\/wp\/v2\/media?parent=18601"}],"wp:term":[{"taxonomy":"category","embeddable":true,"href":"https:\/\/acontecenafronteira.com.br\/index.php\/wp-json\/wp\/v2\/categories?post=18601"},{"taxonomy":"post_tag","embeddable":true,"href":"https:\/\/acontecenafronteira.com.br\/index.php\/wp-json\/wp\/v2\/tags?post=18601"}],"curies":[{"name":"wp","href":"https:\/\/api.w.org\/{rel}","templated":true}]}}