{"id":18592,"date":"2024-06-24T17:52:58","date_gmt":"2024-06-24T20:52:58","guid":{"rendered":"https:\/\/acontecenafronteira.com.br\/?p=18592"},"modified":"2024-06-24T17:52:58","modified_gmt":"2024-06-24T20:52:58","slug":"visac-promove-arraia-no-onibus-a-partir-de-segunda-feira-24","status":"publish","type":"post","link":"https:\/\/acontecenafronteira.com.br\/index.php\/2024\/06\/24\/visac-promove-arraia-no-onibus-a-partir-de-segunda-feira-24\/","title":{"rendered":"VISAC promove arrai\u00e1 no \u00f4nibus a partir de segunda-feira (24)"},"content":{"rendered":"\n<p><strong><em>Para celebrar S\u00e3o Jo\u00e3o, Padroeiro de Foz do Igua\u00e7u, e levar um pouco de divers\u00e3o aos igua\u00e7uenses, de segunda-feira (24) at\u00e9 sexta-feira (28), os passageiros que utilizam as linhas 315 (Portal da Foz) e 120 (Parque Nacional do Igua\u00e7u) v\u00e3o se surpreender.<\/em><\/strong><\/p>\n\n\n\n<p>Durante toda a semana, essas duas linhas estar\u00e3o em clima de Festa Junina itinerante. O arrai\u00e1 come\u00e7ar\u00e1 logo na entrada do \u00f4nibus.<\/p>\n\n\n\n<p>Oito motoristas respons\u00e1veis pelas linhas estar\u00e3o vestidos \u00e0 car\u00e1ter, distribuir\u00e3o balas e doces e todo o \u00f4nibus estar\u00e1 enfeitado com bandeirolas e adere\u00e7os obrigat\u00f3rios da festa caipira. Para completar uma playlist que vai de quadrilha ao forr\u00f3.<\/p>\n\n\n\n<p>O motorista Peterson dos Santos, que far\u00e1 a linha 120, j\u00e1 \u00e9 veterano nessas a\u00e7\u00f5es da VISAC. Ele foi o Papai Noel do \u00f4nibus de Natal.<\/p>\n\n\n\n<p>Para Ericka Berchyer que estar\u00e1 na linha 315 ser\u00e1 novidade. \u201cSer\u00e1 uma experi\u00eancia muito positiva. \u00c9 muito bom levar alegria para as pessoas, sobretudo, para aquelas que estar\u00e3o indo para o trabalho\u201d, disse.<\/p>\n\n\n\n<p>Tamb\u00e9m fazem parte do projeto os motoristas: Erondes Domingos,<br>Maikon Douglas, Vinicius Nunes, Jo\u00e3o Pedro, Almiro Lopes e Anderson da Costa.<\/p>\n\n\n\n<p>O prop\u00f3sito da equipe de Recursos Humanos da VISAC respons\u00e1vel pela inciativa \u00e9 justamente promover uma viagem de muita divers\u00e3o e alegria.<\/p>\n\n\n\n<p>Um dos motivos da escolha das linhas e o itiner\u00e1rio extenso. Assim, os passageiros ter\u00e3o bastante tempo para se divertir e quem sabe organizar uma quadrilha dentro do \u00f4nibus.<\/p>\n\n\n\n<p>A primeira tabela da linha 315 sai do Portal da Foz \u00e0s 6h03 com previs\u00e3o de chegada no Terminal de \u00d4nibus \u00e0s 6h43. J\u00e1 a 120 sai do Terminal 5h53 e chega no Centro de Visitantes do Parque Nacional \u00e0s 6h36. Os hor\u00e1rios completos est\u00e3o dispon\u00edveis em https:\/\/www.instagram.com\/visac_foz\/.<\/p>\n","protected":false},"excerpt":{"rendered":"<p>Para celebrar S\u00e3o Jo\u00e3o, Padroeiro de Foz do Igua\u00e7u, e levar um pouco de divers\u00e3o aos igua\u00e7uenses, de segunda-feira (24) at\u00e9 sexta-feira (28), os passageiros que utilizam as linhas 315 (Portal da Foz) e 120 (Parque Nacional do Igua\u00e7u) v\u00e3o se surpreender. Durante toda a semana, essas duas linhas estar\u00e3o em clima de Festa Junina [&hellip;]<\/p>\n","protected":false},"author":2,"featured_media":18593,"comment_status":"open","ping_status":"open","sticky":false,"template":"","format":"standard","meta":{"om_disable_all_campaigns":false,"_monsterinsights_skip_tracking":false,"_monsterinsights_sitenote_active":false,"_monsterinsights_sitenote_note":"","_monsterinsights_sitenote_category":0,"footnotes":""},"categories":[4,25],"tags":[],"class_list":["post-18592","post","type-post","status-publish","format-standard","has-post-thumbnail","hentry","category-cidade","category-transporte"],"_links":{"self":[{"href":"https:\/\/acontecenafronteira.com.br\/index.php\/wp-json\/wp\/v2\/posts\/18592","targetHints":{"allow":["GET"]}}],"collection":[{"href":"https:\/\/acontecenafronteira.com.br\/index.php\/wp-json\/wp\/v2\/posts"}],"about":[{"href":"https:\/\/acontecenafronteira.com.br\/index.php\/wp-json\/wp\/v2\/types\/post"}],"author":[{"embeddable":true,"href":"https:\/\/acontecenafronteira.com.br\/index.php\/wp-json\/wp\/v2\/users\/2"}],"replies":[{"embeddable":true,"href":"https:\/\/acontecenafronteira.com.br\/index.php\/wp-json\/wp\/v2\/comments?post=18592"}],"version-history":[{"count":1,"href":"https:\/\/acontecenafronteira.com.br\/index.php\/wp-json\/wp\/v2\/posts\/18592\/revisions"}],"predecessor-version":[{"id":18594,"href":"https:\/\/acontecenafronteira.com.br\/index.php\/wp-json\/wp\/v2\/posts\/18592\/revisions\/18594"}],"wp:featuredmedia":[{"embeddable":true,"href":"https:\/\/acontecenafronteira.com.br\/index.php\/wp-json\/wp\/v2\/media\/18593"}],"wp:attachment":[{"href":"https:\/\/acontecenafronteira.com.br\/index.php\/wp-json\/wp\/v2\/media?parent=18592"}],"wp:term":[{"taxonomy":"category","embeddable":true,"href":"https:\/\/acontecenafronteira.com.br\/index.php\/wp-json\/wp\/v2\/categories?post=18592"},{"taxonomy":"post_tag","embeddable":true,"href":"https:\/\/acontecenafronteira.com.br\/index.php\/wp-json\/wp\/v2\/tags?post=18592"}],"curies":[{"name":"wp","href":"https:\/\/api.w.org\/{rel}","templated":true}]}}