{"id":18589,"date":"2024-06-22T23:58:55","date_gmt":"2024-06-23T02:58:55","guid":{"rendered":"https:\/\/acontecenafronteira.com.br\/?p=18589"},"modified":"2024-06-22T23:58:56","modified_gmt":"2024-06-23T02:58:56","slug":"foz-do-iguacu-celebra-o-dia-internacional-do-yoga-2024-no-mirante-central-da-itaipu-binacional","status":"publish","type":"post","link":"https:\/\/acontecenafronteira.com.br\/index.php\/2024\/06\/22\/foz-do-iguacu-celebra-o-dia-internacional-do-yoga-2024-no-mirante-central-da-itaipu-binacional\/","title":{"rendered":"Foz do Igua\u00e7u Celebra o Dia Internacional do Yoga 2024 no Mirante Central da Itaipu Binacional"},"content":{"rendered":"\n<p><strong><em>Evento re\u00fane autoridades e comunidade para uma aula especial de yoga, promovendo sa\u00fade e bem-estar no cen\u00e1rio deslumbrante da Itaipu Binacional.<\/em><\/strong><\/p>\n\n\n\n<p>Ontem, 21 de junho, Foz do Igua\u00e7u comemorou a 5\u00aa edi\u00e7\u00e3o do Dia Internacional do Yoga no Mirante Central da Itaipu Binacional. O evento destacou-se pela realiza\u00e7\u00e3o de uma aula de yoga conduzida por instrutores da associa\u00e7\u00e3o RudRaksha.<\/p>\n\n\n\n<p>Autoridades importantes estiveram presentes, incluindo o Sr. Preetham S., C\u00f4nsul Adjunto da \u00cdndia em S\u00e3o Paulo, acompanhado por sua esposa, al\u00e9m de Viviane Welter, Diretora de Marketing e comerical do Turismo Itaipu, Secret\u00e1rio de Turismo da cidade de Foz do Igua\u00e7u, Sr. Andr\u00e9 Alliana, e Jihad Abu Ali, Diretor de Assuntos Internacionais.<\/p>\n\n\n\n<p>A celebra\u00e7\u00e3o do Dia Internacional do Yoga foi estabelecida pela Organiza\u00e7\u00e3o das Na\u00e7\u00f5es Unidas (ONU) em dezembro de 2014, visando promover a sa\u00fade, o bem-estar e a integra\u00e7\u00e3o cultural atrav\u00e9s da pr\u00e1tica milenar origin\u00e1ria da \u00cdndia. Em Foz do Igua\u00e7u, a tradi\u00e7\u00e3o teve in\u00edcio em 2019 e agora \u00e9 oficialmente reconhecida no calend\u00e1rio de eventos do munic\u00edpio, conforme estabelecido pelo projeto de lei n\u00ba 54\/2023.<\/p>\n\n\n\n<p>A iniciativa, organizada em colabora\u00e7\u00e3o entre a Prefeitura Municipal, o Parque Tecnol\u00f3gico Itaipu, a Embaixada da \u00cdndia e a Associa\u00e7\u00e3o de Yoga RudRaksha, refor\u00e7a o compromisso da cidade em promover um estilo de vida saud\u00e1vel e consciente.<\/p>\n\n\n\n<p>Este evento destaca-se como mais um passo significativo na promo\u00e7\u00e3o do yoga e seus benef\u00edcios para a comunidade de Foz do Igua\u00e7u.<\/p>\n\n\n\n<p>Fotos: Kiko Sierich\/PTI<\/p>\n","protected":false},"excerpt":{"rendered":"<p>Evento re\u00fane autoridades e comunidade para uma aula especial de yoga, promovendo sa\u00fade e bem-estar no cen\u00e1rio deslumbrante da Itaipu Binacional. Ontem, 21 de junho, Foz do Igua\u00e7u comemorou a 5\u00aa edi\u00e7\u00e3o do Dia Internacional do Yoga no Mirante Central da Itaipu Binacional. O evento destacou-se pela realiza\u00e7\u00e3o de uma aula de yoga conduzida por [&hellip;]<\/p>\n","protected":false},"author":2,"featured_media":18590,"comment_status":"open","ping_status":"open","sticky":false,"template":"","format":"standard","meta":{"om_disable_all_campaigns":false,"_monsterinsights_skip_tracking":false,"_monsterinsights_sitenote_active":false,"_monsterinsights_sitenote_note":"","_monsterinsights_sitenote_category":0,"footnotes":""},"categories":[4,11],"tags":[],"class_list":["post-18589","post","type-post","status-publish","format-standard","has-post-thumbnail","hentry","category-cidade","category-itaipu"],"_links":{"self":[{"href":"https:\/\/acontecenafronteira.com.br\/index.php\/wp-json\/wp\/v2\/posts\/18589","targetHints":{"allow":["GET"]}}],"collection":[{"href":"https:\/\/acontecenafronteira.com.br\/index.php\/wp-json\/wp\/v2\/posts"}],"about":[{"href":"https:\/\/acontecenafronteira.com.br\/index.php\/wp-json\/wp\/v2\/types\/post"}],"author":[{"embeddable":true,"href":"https:\/\/acontecenafronteira.com.br\/index.php\/wp-json\/wp\/v2\/users\/2"}],"replies":[{"embeddable":true,"href":"https:\/\/acontecenafronteira.com.br\/index.php\/wp-json\/wp\/v2\/comments?post=18589"}],"version-history":[{"count":1,"href":"https:\/\/acontecenafronteira.com.br\/index.php\/wp-json\/wp\/v2\/posts\/18589\/revisions"}],"predecessor-version":[{"id":18591,"href":"https:\/\/acontecenafronteira.com.br\/index.php\/wp-json\/wp\/v2\/posts\/18589\/revisions\/18591"}],"wp:featuredmedia":[{"embeddable":true,"href":"https:\/\/acontecenafronteira.com.br\/index.php\/wp-json\/wp\/v2\/media\/18590"}],"wp:attachment":[{"href":"https:\/\/acontecenafronteira.com.br\/index.php\/wp-json\/wp\/v2\/media?parent=18589"}],"wp:term":[{"taxonomy":"category","embeddable":true,"href":"https:\/\/acontecenafronteira.com.br\/index.php\/wp-json\/wp\/v2\/categories?post=18589"},{"taxonomy":"post_tag","embeddable":true,"href":"https:\/\/acontecenafronteira.com.br\/index.php\/wp-json\/wp\/v2\/tags?post=18589"}],"curies":[{"name":"wp","href":"https:\/\/api.w.org\/{rel}","templated":true}]}}