{"id":18582,"date":"2024-06-21T18:00:24","date_gmt":"2024-06-21T21:00:24","guid":{"rendered":"https:\/\/acontecenafronteira.com.br\/?p=18582"},"modified":"2024-06-21T18:00:25","modified_gmt":"2024-06-21T21:00:25","slug":"itaipu-e-pti-fazem-entrega-da-edificacao-do-mercado-publico-e-assinatura-de-contratos-com-lojistas-na-segunda-feira-24","status":"publish","type":"post","link":"https:\/\/acontecenafronteira.com.br\/index.php\/2024\/06\/21\/itaipu-e-pti-fazem-entrega-da-edificacao-do-mercado-publico-e-assinatura-de-contratos-com-lojistas-na-segunda-feira-24\/","title":{"rendered":"Itaipu e PTI fazem entrega da edifica\u00e7\u00e3o do Mercado P\u00fablico e assinatura de contratos com lojistas na segunda-feira (24)"},"content":{"rendered":"\n<p><strong><em>Durante a cerim\u00f4nia, haver\u00e1 tamb\u00e9m a assinatura de contratos com os artistas que integrar\u00e3o o Circuito Cultural e o an\u00fancio oficial do nome do mercado<\/em><\/strong><\/p>\n\n\n\n<p>Na pr\u00f3xima segunda-feira, 24 de junho, a Itaipu Binacional e o Parque Tecnol\u00f3gico Itaipu (PTI) far\u00e3o a entrega da edifica\u00e7\u00e3o do Mercado P\u00fablico de Foz do Igua\u00e7u e a assinatura dos contratos com os primeiros permission\u00e1rios e artistas que integrar\u00e3o o Circuito Cultural. Durante a cerim\u00f4nia, que iniciar\u00e1 \u00e0s 18h30, tamb\u00e9m ser\u00e1 anunciado o nome oficial do Mercado P\u00fablico.<\/p>\n\n\n\n<p>A cerim\u00f4nia contar\u00e1 com a presen\u00e7a de diversas autoridades, entre elas o Diretor Geral da Itaipu Binacional, Enio Verri; o Diretor de Coordena\u00e7\u00e3o da Itaipu, Carlos Carboni; o Diretor de Turismo do Parque Tecnol\u00f3gico Itaipu, Yuri Benites; o prefeito de Foz do Igua\u00e7u, Chico Brasileiro, entre outras.<br>Com 4,7 mil metros quadrados de \u00e1rea constru\u00edda, o Mercado P\u00fablico ter\u00e1 56 boxes, sendo 42 comerciais, 12 sociais (com a finalidade de fortalecer a agricultura familiar e pequenos produtores) e 2 destinados \u00e0 \u00e1rea administrativa do PTI, que far\u00e1 a gest\u00e3o do espa\u00e7o.<\/p>\n\n\n\n<p>A estimativa \u00e9 que o mercado gere mais de 450 empregos diretos e indiretos, contribuindo com a gera\u00e7\u00e3o de renda e o desenvolvimento econ\u00f4mico de Foz do Igua\u00e7u.<\/p>\n\n\n\n<p>O local contar\u00e1 com restaurantes, cafeterias, lojas de doces e sobremesas, hortifr\u00fati, artesanato e cooperativas, al\u00e9m de \u00e1reas de lazer e espa\u00e7o kids.<\/p>\n\n\n\n<p>Como um novo atrativo tur\u00edstico do munic\u00edpio, o mercado ter\u00e1 atividades culturais por meio do projeto Circuito Cultural da Itaipu, que ir\u00e1 manter as atividades por um per\u00edodo inicial de tr\u00eas anos.<br>Ser\u00e3o apresenta\u00e7\u00f5es art\u00edsticas e culturais de quinta a domingo, al\u00e9m de eventos espec\u00edficos, como feiras, exposi\u00e7\u00f5es, apresenta\u00e7\u00f5es de m\u00fasica e dan\u00e7a em datas comemorativas e feriados. A iniciativa visa dar destaque para talentos regionais, consolidando o Mercado P\u00fablico como um ponto de encontro cultural.<\/p>\n\n\n\n<p><strong>Novo edital<br><\/strong>Um novo edital para ocupa\u00e7\u00e3o de 32 espa\u00e7os comerciais (ainda dispon\u00edveis da estrutura) foi lan\u00e7ado no dia 07 deste m\u00eas e a sele\u00e7\u00e3o est\u00e1 marcada para 26 de junho, por meio do sistema \u201cLicita\u00e7\u00f5es-e\u201d (www.licitacoes-e.com.br). A disputa ser\u00e1 feita na modalidade de avalia\u00e7\u00e3o competitiva, no tipo maior lance de pre\u00e7o por box (respeitando os valores m\u00ednimos e m\u00e1ximos estipulados).<\/p>\n\n\n\n<p><strong>Coletiva de Imprensa<\/strong><br>Ap\u00f3s a cerim\u00f4nia, os jornalistas poder\u00e3o participar de uma coletiva de imprensa, \u00e0s 20h, no espa\u00e7o interno do mercado. As equipes interessadas em acompanhar o evento devem confirmar presen\u00e7a at\u00e9 esta sexta-feira, 21 de junho, atrav\u00e9s do link: https:\/\/forms.office.com\/r\/yVm8CLtVAi.<\/p>\n\n\n\n<p>Foto: Kiko Sierich<\/p>\n","protected":false},"excerpt":{"rendered":"<p>Durante a cerim\u00f4nia, haver\u00e1 tamb\u00e9m a assinatura de contratos com os artistas que integrar\u00e3o o Circuito Cultural e o an\u00fancio oficial do nome do mercado Na pr\u00f3xima segunda-feira, 24 de junho, a Itaipu Binacional e o Parque Tecnol\u00f3gico Itaipu (PTI) far\u00e3o a entrega da edifica\u00e7\u00e3o do Mercado P\u00fablico de Foz do Igua\u00e7u e a assinatura [&hellip;]<\/p>\n","protected":false},"author":2,"featured_media":18583,"comment_status":"open","ping_status":"open","sticky":false,"template":"","format":"standard","meta":{"om_disable_all_campaigns":false,"_monsterinsights_skip_tracking":false,"_monsterinsights_sitenote_active":false,"_monsterinsights_sitenote_note":"","_monsterinsights_sitenote_category":0,"footnotes":""},"categories":[11],"tags":[],"class_list":["post-18582","post","type-post","status-publish","format-standard","has-post-thumbnail","hentry","category-itaipu"],"_links":{"self":[{"href":"https:\/\/acontecenafronteira.com.br\/index.php\/wp-json\/wp\/v2\/posts\/18582","targetHints":{"allow":["GET"]}}],"collection":[{"href":"https:\/\/acontecenafronteira.com.br\/index.php\/wp-json\/wp\/v2\/posts"}],"about":[{"href":"https:\/\/acontecenafronteira.com.br\/index.php\/wp-json\/wp\/v2\/types\/post"}],"author":[{"embeddable":true,"href":"https:\/\/acontecenafronteira.com.br\/index.php\/wp-json\/wp\/v2\/users\/2"}],"replies":[{"embeddable":true,"href":"https:\/\/acontecenafronteira.com.br\/index.php\/wp-json\/wp\/v2\/comments?post=18582"}],"version-history":[{"count":1,"href":"https:\/\/acontecenafronteira.com.br\/index.php\/wp-json\/wp\/v2\/posts\/18582\/revisions"}],"predecessor-version":[{"id":18584,"href":"https:\/\/acontecenafronteira.com.br\/index.php\/wp-json\/wp\/v2\/posts\/18582\/revisions\/18584"}],"wp:featuredmedia":[{"embeddable":true,"href":"https:\/\/acontecenafronteira.com.br\/index.php\/wp-json\/wp\/v2\/media\/18583"}],"wp:attachment":[{"href":"https:\/\/acontecenafronteira.com.br\/index.php\/wp-json\/wp\/v2\/media?parent=18582"}],"wp:term":[{"taxonomy":"category","embeddable":true,"href":"https:\/\/acontecenafronteira.com.br\/index.php\/wp-json\/wp\/v2\/categories?post=18582"},{"taxonomy":"post_tag","embeddable":true,"href":"https:\/\/acontecenafronteira.com.br\/index.php\/wp-json\/wp\/v2\/tags?post=18582"}],"curies":[{"name":"wp","href":"https:\/\/api.w.org\/{rel}","templated":true}]}}