{"id":18571,"date":"2024-06-20T19:25:28","date_gmt":"2024-06-20T22:25:28","guid":{"rendered":"https:\/\/acontecenafronteira.com.br\/?p=18571"},"modified":"2024-06-20T19:25:29","modified_gmt":"2024-06-20T22:25:29","slug":"feriado-de-sao-joao-batista-nao-altera-servicos-essenciais-da-prefeitura","status":"publish","type":"post","link":"https:\/\/acontecenafronteira.com.br\/index.php\/2024\/06\/20\/feriado-de-sao-joao-batista-nao-altera-servicos-essenciais-da-prefeitura\/","title":{"rendered":"Feriado de S\u00e3o Jo\u00e3o Batista n\u00e3o altera servi\u00e7os essenciais da prefeitura"},"content":{"rendered":"\n<p><strong><em>Funcionamento segue normal aos servi\u00e7os de urg\u00eancia e emerg\u00eancia na sa\u00fade, seguran\u00e7a p\u00fablica, coleta de lixo e assist\u00eancia social<\/em><\/strong><\/p>\n\n\n\n<p>O feriado de S\u00e3o Jo\u00e3o Batista, padroeiro de Foz do Igua\u00e7u, na segunda-feira (24) n\u00e3o altera o funcionamento dos servi\u00e7os b\u00e1sicos ao munic\u00edpio.<\/p>\n\n\n\n<p>As reparti\u00e7\u00f5es p\u00fablicas da prefeitura de Foz fecham na segunda-feira (24) em fun\u00e7\u00e3o do feriado. Tamb\u00e9m n\u00e3o haver\u00e1 aula nas escolas e Centros Municipais de Educa\u00e7\u00e3o Infantil (CMEIs) na segunda-feira.<\/p>\n\n\n\n<p>Funcionam de forma ininterrupta as UPAS Jo\u00e3o Samek (Jardim das Palmeiras) e Walter Cavalcante Barbosa (Morumbi), al\u00e9m da Unidade 24 Horas Padre \u00cdtalo, que funciona no Poliambulat\u00f3rio Nossa Senhora Aparecida, no Porto Meira. O SAMU (Servi\u00e7o de Atendimento M\u00f3vel de Urg\u00eancia) estar\u00e1 dispon\u00edvel atrav\u00e9s do telefone 192 para casos de urg\u00eancia e emerg\u00eancia, funcionando em escala normal. J\u00e1 as UBSs estar\u00e3o fechadas na segunda-feira (24) de feriado, mas retomam o funcionamento na ter\u00e7a-feira (25).<\/p>\n\n\n\n<p>Durante o feriado do dia 24, os servi\u00e7os de coleta de lixo, reciclagem e limpeza urbana, assim como os atendimentos da Secretaria de Assist\u00eancia Social, incluindo as casas de passagem, o Centro POP e a Abordagem Social, operam normalmente. Quanto \u00e0 seguran\u00e7a p\u00fablica, a Guarda Municipal pode ser acionada pelo telefone 153 e a Defesa Civil atrav\u00e9s do 190.<\/p>\n\n\n\n<p>No turismo, al\u00e9m dos atrativos de Foz do Igua\u00e7u estarem abertos durante o feriado do padroeiro da cidade, o CAT (Centro de Atendimento ao Turista) e o TELETUR tamb\u00e9m funcionam em hor\u00e1rio normal.<\/p>\n\n\n\n<p>Foto: Thiago Dutra<\/p>\n","protected":false},"excerpt":{"rendered":"<p>Funcionamento segue normal aos servi\u00e7os de urg\u00eancia e emerg\u00eancia na sa\u00fade, seguran\u00e7a p\u00fablica, coleta de lixo e assist\u00eancia social O feriado de S\u00e3o Jo\u00e3o Batista, padroeiro de Foz do Igua\u00e7u, na segunda-feira (24) n\u00e3o altera o funcionamento dos servi\u00e7os b\u00e1sicos ao munic\u00edpio. As reparti\u00e7\u00f5es p\u00fablicas da prefeitura de Foz fecham na segunda-feira (24) em fun\u00e7\u00e3o [&hellip;]<\/p>\n","protected":false},"author":2,"featured_media":18575,"comment_status":"open","ping_status":"open","sticky":false,"template":"","format":"standard","meta":{"om_disable_all_campaigns":false,"_monsterinsights_skip_tracking":false,"_monsterinsights_sitenote_active":false,"_monsterinsights_sitenote_note":"","_monsterinsights_sitenote_category":0,"footnotes":""},"categories":[4],"tags":[],"class_list":["post-18571","post","type-post","status-publish","format-standard","has-post-thumbnail","hentry","category-cidade"],"_links":{"self":[{"href":"https:\/\/acontecenafronteira.com.br\/index.php\/wp-json\/wp\/v2\/posts\/18571","targetHints":{"allow":["GET"]}}],"collection":[{"href":"https:\/\/acontecenafronteira.com.br\/index.php\/wp-json\/wp\/v2\/posts"}],"about":[{"href":"https:\/\/acontecenafronteira.com.br\/index.php\/wp-json\/wp\/v2\/types\/post"}],"author":[{"embeddable":true,"href":"https:\/\/acontecenafronteira.com.br\/index.php\/wp-json\/wp\/v2\/users\/2"}],"replies":[{"embeddable":true,"href":"https:\/\/acontecenafronteira.com.br\/index.php\/wp-json\/wp\/v2\/comments?post=18571"}],"version-history":[{"count":1,"href":"https:\/\/acontecenafronteira.com.br\/index.php\/wp-json\/wp\/v2\/posts\/18571\/revisions"}],"predecessor-version":[{"id":18576,"href":"https:\/\/acontecenafronteira.com.br\/index.php\/wp-json\/wp\/v2\/posts\/18571\/revisions\/18576"}],"wp:featuredmedia":[{"embeddable":true,"href":"https:\/\/acontecenafronteira.com.br\/index.php\/wp-json\/wp\/v2\/media\/18575"}],"wp:attachment":[{"href":"https:\/\/acontecenafronteira.com.br\/index.php\/wp-json\/wp\/v2\/media?parent=18571"}],"wp:term":[{"taxonomy":"category","embeddable":true,"href":"https:\/\/acontecenafronteira.com.br\/index.php\/wp-json\/wp\/v2\/categories?post=18571"},{"taxonomy":"post_tag","embeddable":true,"href":"https:\/\/acontecenafronteira.com.br\/index.php\/wp-json\/wp\/v2\/tags?post=18571"}],"curies":[{"name":"wp","href":"https:\/\/api.w.org\/{rel}","templated":true}]}}