{"id":18570,"date":"2024-06-20T19:24:36","date_gmt":"2024-06-20T22:24:36","guid":{"rendered":"https:\/\/acontecenafronteira.com.br\/?p=18570"},"modified":"2024-06-20T19:24:38","modified_gmt":"2024-06-20T22:24:38","slug":"secretaria-geral-das-microrregioes-de-agua-e-esgotamento-sanitario-do-parana-conhece-programa-municipal-de-gestao-de-residuos-reciclaveis-em-foz-do-iguacu","status":"publish","type":"post","link":"https:\/\/acontecenafronteira.com.br\/index.php\/2024\/06\/20\/secretaria-geral-das-microrregioes-de-agua-e-esgotamento-sanitario-do-parana-conhece-programa-municipal-de-gestao-de-residuos-reciclaveis-em-foz-do-iguacu\/","title":{"rendered":"Secret\u00e1ria Geral das Microrregi\u00f5es de \u00c1gua e Esgotamento Sanit\u00e1rio do Paran\u00e1 conhece Programa Municipal de Gest\u00e3o de Res\u00edduos Recicl\u00e1veis em Foz do Igua\u00e7u"},"content":{"rendered":"\n<p><strong><em>Visita t\u00e9cnica destaca potencial do programa para ser modelo estadual em coleta seletiva e gest\u00e3o de res\u00edduos org\u00e2nicos<\/em><\/strong><\/p>\n\n\n\n<p>No dia de ontem (18), M\u00e1rcia de Oliveira Amorim, Secret\u00e1ria Geral das Microrregi\u00f5es de \u00c1gua e Esgotamento Sanit\u00e1rio do Paran\u00e1, realizou uma visita t\u00e9cnica \u00e0 Unidade de Valoriza\u00e7\u00e3o de Res\u00edduos Recicl\u00e1veis Graciela Mara Barbosa, tendo a oportunidade de conhecer o Programa Municipal de Coleta Seletiva na pr\u00e1tica. M\u00e1rcia foi recepcionada pela Secret\u00e1ria Municipal de Meio Ambiente de Foz do Igua\u00e7u, a Coordenadora da Gest\u00e3o de Res\u00edduos da Secretaria Municipal de Meio Ambiente, e o presidente e vice-presidente da Cooperativa Am\u00e9rica.<\/p>\n\n\n\n<p>A Secret\u00e1ria parabenizou a prefeitura e todos os envolvidos pelo importante e exemplar trabalho realizado, destacando que o programa municipal tem potencial para alavancar um projeto piloto para todo o Paran\u00e1, tanto na metodologia de coleta seletiva de res\u00edduos recicl\u00e1veis quanto no aproveitamento de res\u00edduos org\u00e2nicos por meio de biodigestores de pequeno porte.<\/p>\n\n\n\n<p>Sobre o Programa Municipal de Coleta Seletiva de Res\u00edduos Recicl\u00e1veis:<\/p>\n\n\n\n<p>Um dos maiores programas de inclus\u00e3o socioambiental dos munic\u00edpios com at\u00e9 300 mil habitantes do Paran\u00e1. Atualmente operado por cinco cooperativas de catadores e catadoras de materiais recicl\u00e1veis, com contrato com a prefeitura para destina\u00e7\u00e3o ambientalmente adequada. Possui em torno de 140 cooperados, sendo as cinco cooperativas presididas por mulheres.<\/p>\n\n\n\n<p>O programa atende 100% da \u00e1rea urbana e rural do munic\u00edpio, com sete Unidades de Valoriza\u00e7\u00e3o de Recicl\u00e1veis em opera\u00e7\u00e3o e duas em constru\u00e7\u00e3o. Desde o in\u00edcio do programa, foram coletadas 9.097,80 toneladas de materiais, desviados do aterro sanit\u00e1rio e enviados para a cadeia da reciclagem. Foram investidos R$ 21.304.406,63 desde o in\u00edcio do programa em reformas, amplia\u00e7\u00f5es, maquin\u00e1rios e contratos, com uma renda m\u00e9dia mensal de R$ 1.800,00, al\u00e9m de benef\u00edcios, para cada catador (a). Os investimentos s\u00e3o provenientes de recursos pr\u00f3prios da Prefeitura de Foz do Igua\u00e7u e importantes parcerias com o Governo do Estado do Paran\u00e1 e Itaipu Binacional.<\/p>\n\n\n\n<p><strong>Gest\u00e3o de Res\u00edduos Org\u00e2nicos:<\/strong><\/p>\n\n\n\n<p>Em 2023, foi iniciada a gest\u00e3o de res\u00edduos org\u00e2nicos com a instala\u00e7\u00e3o de biodigestores em unidades de ensino, pr\u00e9dios p\u00fablicos e regi\u00f5es de vulnerabilidade social. Os res\u00edduos org\u00e2nicos s\u00e3o transformados em biog\u00e1s e biofertilizantes. Em um ano e tr\u00eas meses, foram desviados 160.869,56 kg de res\u00edduos org\u00e2nicos do aterro sanit\u00e1rio, produzindo a mesma quantidade de fertilizante natural l\u00edquido. A iniciativa reduziu 1,5 kg de emiss\u00f5es de gases de efeito estufa e economizou R$ 129.600,00 com a aquisi\u00e7\u00e3o de botij\u00f5es de g\u00e1s.<\/p>\n\n\n\n<p><strong>Pr\u00f3ximas Visitas T\u00e9cnicas:<\/strong><\/p>\n\n\n\n<p>A representante do governo do Estado realizar\u00e1, durante a semana, visitas t\u00e9cnicas ao aterro sanit\u00e1rio municipal para conhecer a esta\u00e7\u00e3o de tratamento de chorume e esta\u00e7\u00f5es de tratamento de \u00e1gua e esgoto da SANEPAR. Essas visitas s\u00e3o parte de uma iniciativa para expandir e aprimorar os projetos de gest\u00e3o de res\u00edduos e saneamento b\u00e1sico em todo o Paran\u00e1, com base nas pr\u00e1ticas exitosas implementadas em Foz do Igua\u00e7u.<\/p>\n","protected":false},"excerpt":{"rendered":"<p>Visita t\u00e9cnica destaca potencial do programa para ser modelo estadual em coleta seletiva e gest\u00e3o de res\u00edduos org\u00e2nicos No dia de ontem (18), M\u00e1rcia de Oliveira Amorim, Secret\u00e1ria Geral das Microrregi\u00f5es de \u00c1gua e Esgotamento Sanit\u00e1rio do Paran\u00e1, realizou uma visita t\u00e9cnica \u00e0 Unidade de Valoriza\u00e7\u00e3o de Res\u00edduos Recicl\u00e1veis Graciela Mara Barbosa, tendo a oportunidade [&hellip;]<\/p>\n","protected":false},"author":2,"featured_media":18573,"comment_status":"open","ping_status":"open","sticky":false,"template":"","format":"standard","meta":{"om_disable_all_campaigns":false,"_monsterinsights_skip_tracking":false,"_monsterinsights_sitenote_active":false,"_monsterinsights_sitenote_note":"","_monsterinsights_sitenote_category":0,"footnotes":""},"categories":[4],"tags":[],"class_list":["post-18570","post","type-post","status-publish","format-standard","has-post-thumbnail","hentry","category-cidade"],"_links":{"self":[{"href":"https:\/\/acontecenafronteira.com.br\/index.php\/wp-json\/wp\/v2\/posts\/18570","targetHints":{"allow":["GET"]}}],"collection":[{"href":"https:\/\/acontecenafronteira.com.br\/index.php\/wp-json\/wp\/v2\/posts"}],"about":[{"href":"https:\/\/acontecenafronteira.com.br\/index.php\/wp-json\/wp\/v2\/types\/post"}],"author":[{"embeddable":true,"href":"https:\/\/acontecenafronteira.com.br\/index.php\/wp-json\/wp\/v2\/users\/2"}],"replies":[{"embeddable":true,"href":"https:\/\/acontecenafronteira.com.br\/index.php\/wp-json\/wp\/v2\/comments?post=18570"}],"version-history":[{"count":1,"href":"https:\/\/acontecenafronteira.com.br\/index.php\/wp-json\/wp\/v2\/posts\/18570\/revisions"}],"predecessor-version":[{"id":18574,"href":"https:\/\/acontecenafronteira.com.br\/index.php\/wp-json\/wp\/v2\/posts\/18570\/revisions\/18574"}],"wp:featuredmedia":[{"embeddable":true,"href":"https:\/\/acontecenafronteira.com.br\/index.php\/wp-json\/wp\/v2\/media\/18573"}],"wp:attachment":[{"href":"https:\/\/acontecenafronteira.com.br\/index.php\/wp-json\/wp\/v2\/media?parent=18570"}],"wp:term":[{"taxonomy":"category","embeddable":true,"href":"https:\/\/acontecenafronteira.com.br\/index.php\/wp-json\/wp\/v2\/categories?post=18570"},{"taxonomy":"post_tag","embeddable":true,"href":"https:\/\/acontecenafronteira.com.br\/index.php\/wp-json\/wp\/v2\/tags?post=18570"}],"curies":[{"name":"wp","href":"https:\/\/api.w.org\/{rel}","templated":true}]}}