{"id":1857,"date":"2021-11-08T13:47:51","date_gmt":"2021-11-08T16:47:51","guid":{"rendered":"https:\/\/acontecenafronteira.com.br\/?p=1857"},"modified":"2021-11-08T13:47:52","modified_gmt":"2021-11-08T16:47:52","slug":"suspeitos-de-participar-de-quadruplo-homicidio-no-paraguai-sao-presos-no-brasil","status":"publish","type":"post","link":"https:\/\/acontecenafronteira.com.br\/index.php\/2021\/11\/08\/suspeitos-de-participar-de-quadruplo-homicidio-no-paraguai-sao-presos-no-brasil\/","title":{"rendered":"Suspeitos de participar de qu\u00e1druplo homic\u00eddio no Paraguai s\u00e3o presos no Brasil"},"content":{"rendered":"\n<p>Quatro suspeitos de participar do qu\u00e1druplo homic\u00eddio em Pedro Juan Caballero, na fronteira com Ponta Por\u00e3 (MS), em outubro deste ano, foram presos no Brasil. A informa\u00e7\u00e3o foi dada pelo promotor de justi\u00e7a do Paraguai, Marcelo Pecci, um dos encarregados pela investiga\u00e7\u00e3o.<\/p>\n\n\n\n<p>\u201cTemos essa informa\u00e7\u00e3o. \u00c9 preciso destacar que a pris\u00e3o foi em territ\u00f3rio brasileiro. A partir da\u00ed se ativa a coopera\u00e7\u00e3o da Pol\u00edcia entre os dois pa\u00edses e do Minist\u00e9rio P\u00fablico. Tamb\u00e9m estamos fazendo contatos para verificar as circunst\u00e2ncias dessa pris\u00e3o \u201c, disse Pecci, em entrevista a r\u00e1dio Monumental, de Assun\u00e7\u00e3o. Os suspeitos presos ainda n\u00e3o tiveram os nomes divulgados.<\/p>\n\n\n\n<p>O crime vitimou Haylee Carolina Acevedo, filha do governador de Amambay; Ronald Acevedo; Osmar Vicente \u00c1lvarez Grance, (31) e as estudantes brasileiras Kaline Reinoso de Oliveira (22); Rhannye Jamilly Borges de Oliveira (19).<\/p>\n\n\n\n<p>Uma das principais hip\u00f3teses do Minist\u00e9rio P\u00fablico \u00e9 que o assassino tenha sido contratado para o crime. Pecci garantiu que essa linha de investiga\u00e7\u00e3o ainda se mant\u00e9m.<\/p>\n\n\n\n<p>via Radio Cultura Foz<\/p>\n","protected":false},"excerpt":{"rendered":"<p>Quatro suspeitos de participar do qu\u00e1druplo homic\u00eddio em Pedro Juan Caballero, na fronteira com Ponta Por\u00e3 (MS), em outubro deste ano, foram presos no Brasil. A informa\u00e7\u00e3o foi dada pelo promotor de justi\u00e7a do Paraguai, Marcelo Pecci, um dos encarregados pela investiga\u00e7\u00e3o. \u201cTemos essa informa\u00e7\u00e3o. \u00c9 preciso destacar que a pris\u00e3o foi em territ\u00f3rio brasileiro. [&hellip;]<\/p>\n","protected":false},"author":2,"featured_media":1858,"comment_status":"open","ping_status":"open","sticky":false,"template":"","format":"standard","meta":{"om_disable_all_campaigns":false,"_monsterinsights_skip_tracking":false,"_monsterinsights_sitenote_active":false,"_monsterinsights_sitenote_note":"","_monsterinsights_sitenote_category":0,"footnotes":""},"categories":[6,5],"tags":[],"class_list":["post-1857","post","type-post","status-publish","format-standard","has-post-thumbnail","hentry","category-mercosul","category-policia"],"_links":{"self":[{"href":"https:\/\/acontecenafronteira.com.br\/index.php\/wp-json\/wp\/v2\/posts\/1857","targetHints":{"allow":["GET"]}}],"collection":[{"href":"https:\/\/acontecenafronteira.com.br\/index.php\/wp-json\/wp\/v2\/posts"}],"about":[{"href":"https:\/\/acontecenafronteira.com.br\/index.php\/wp-json\/wp\/v2\/types\/post"}],"author":[{"embeddable":true,"href":"https:\/\/acontecenafronteira.com.br\/index.php\/wp-json\/wp\/v2\/users\/2"}],"replies":[{"embeddable":true,"href":"https:\/\/acontecenafronteira.com.br\/index.php\/wp-json\/wp\/v2\/comments?post=1857"}],"version-history":[{"count":1,"href":"https:\/\/acontecenafronteira.com.br\/index.php\/wp-json\/wp\/v2\/posts\/1857\/revisions"}],"predecessor-version":[{"id":1859,"href":"https:\/\/acontecenafronteira.com.br\/index.php\/wp-json\/wp\/v2\/posts\/1857\/revisions\/1859"}],"wp:featuredmedia":[{"embeddable":true,"href":"https:\/\/acontecenafronteira.com.br\/index.php\/wp-json\/wp\/v2\/media\/1858"}],"wp:attachment":[{"href":"https:\/\/acontecenafronteira.com.br\/index.php\/wp-json\/wp\/v2\/media?parent=1857"}],"wp:term":[{"taxonomy":"category","embeddable":true,"href":"https:\/\/acontecenafronteira.com.br\/index.php\/wp-json\/wp\/v2\/categories?post=1857"},{"taxonomy":"post_tag","embeddable":true,"href":"https:\/\/acontecenafronteira.com.br\/index.php\/wp-json\/wp\/v2\/tags?post=1857"}],"curies":[{"name":"wp","href":"https:\/\/api.w.org\/{rel}","templated":true}]}}