{"id":18568,"date":"2024-06-19T13:37:55","date_gmt":"2024-06-19T16:37:55","guid":{"rendered":"https:\/\/acontecenafronteira.com.br\/?p=18568"},"modified":"2024-06-19T13:37:56","modified_gmt":"2024-06-19T16:37:56","slug":"artigo-de-opiniao-quem-tem-dor-tem-pressa","status":"publish","type":"post","link":"https:\/\/acontecenafronteira.com.br\/index.php\/2024\/06\/19\/artigo-de-opiniao-quem-tem-dor-tem-pressa\/","title":{"rendered":"Artigo de opini\u00e3o &#8211; Quem tem dor tem pressa"},"content":{"rendered":"\n<p><em><strong>Por Deocl\u00e9cio Duarte<\/strong><\/em><\/p>\n\n\n\n<p>O setor p\u00fablico de sa\u00fade de Foz do Igua\u00e7u precisa melhorar significativamente. H\u00e1 muito tempo observo a grande quantidade de reclama\u00e7\u00f5es das pessoas que buscam atendimento na nossa cidade. As queixas abrangem todos os n\u00edveis de atendimento, desde os mais simples at\u00e9 os de alta complexidade. O problema \u00e9 que doen\u00e7as n\u00e3o tratadas adequadamente no in\u00edcio tendem a piorar, e, com o tempo, os custos do tratamento tornam-se muito maiores do que se fossem tratadas corretamente desde o come\u00e7o.<br>Pesquisas recentes mostram que cerca de 60% dos igua\u00e7uenses consideram a sa\u00fade o principal problema a ser resolvido pelo pr\u00f3ximo prefeito. A sa\u00fade tamb\u00e9m tem sido o principal tema dos requerimentos da C\u00e2mara de Vereadores para a Prefeitura. Esses dados revelam que o problema \u00e9 cr\u00edtico. As filas de espera por cirurgias e especialidades m\u00e9dicas t\u00eam milhares de pessoas aguardando atendimento por meses e at\u00e9 anos, quando n\u00e3o ocorre de a pessoa falecer antes de ser atendida.<br>Quando o Hospital Municipal Padre Germano Lauck (HMPGL) foi constru\u00eddo, o sistema de sa\u00fade da cidade foi totalmente reestruturado, com reformas e constru\u00e7\u00e3o de novas Unidades B\u00e1sicas de Sa\u00fade, al\u00e9m da implementa\u00e7\u00e3o de tecnologia no gerenciamento do setor. Naquela \u00e9poca, a administra\u00e7\u00e3o municipal superou um per\u00edodo cr\u00edtico marcado pelo fechamento da Santa Casa Monsenhor Guilherme e por uma infraestrutura de sa\u00fade ineficiente.<br>Com este artigo, busco mostrar que existem solu\u00e7\u00f5es para todos os problemas quando h\u00e1 vontade e uni\u00e3o para combater os desafios que afetam nossa cidade. Atualmente, o Hospital Municipal enfrenta dificuldades, com d\u00edvidas milion\u00e1rias e um atendimento bem abaixo do esperado. As propostas de regionaliza\u00e7\u00e3o ou federaliza\u00e7\u00e3o do hospital precisam avan\u00e7ar. Hoje, grande parte dos recursos de sa\u00fade do munic\u00edpio \u00e9 direcionada ao HMPGL, comprometendo a preven\u00e7\u00e3o e o atendimento inicial das doen\u00e7as.<br>Precisamos unir todas as for\u00e7as da sociedade e dos governos municipal, estadual e federal na busca de solu\u00e7\u00f5es. Os avan\u00e7os na sa\u00fade podem ser alcan\u00e7ados atrav\u00e9s de a\u00e7\u00f5es eficazes de gerenciamento de recursos e sua aplica\u00e7\u00e3o nos problemas que mais geram insatisfa\u00e7\u00e3o na popula\u00e7\u00e3o. Proponho a realiza\u00e7\u00e3o de mutir\u00f5es de especialidades m\u00e9dicas e cirurgias, al\u00e9m de uma maior utiliza\u00e7\u00e3o da excelente estrutura do Hospital Ministro Costa Cavalcanti (HMCC), mantido pela Itaipu Binacional e refer\u00eancia em oncologia, cardiologia e obstetr\u00edcia. \u00c9 necess\u00e1rio investir para que o HMCC possa suprir outras demandas da sa\u00fade de Foz do Igua\u00e7u.<br>Precisamos agir com urg\u00eancia e intelig\u00eancia para que os recursos p\u00fablicos sejam aplicados de forma eficaz. Conclamo um pacto de todos para que o Sistema P\u00fablico de Sa\u00fade volte a ser destaque em nossa cidade. Afinal, quem tem dor tem pressa. Que possamos levar al\u00edvio ao sofrimento de tantas pessoas.<br>Deocl\u00e9cio Duarte &#8211; Empres\u00e1rio em Foz do Igua\u00e7u<\/p>\n","protected":false},"excerpt":{"rendered":"<p>Por Deocl\u00e9cio Duarte O setor p\u00fablico de sa\u00fade de Foz do Igua\u00e7u precisa melhorar significativamente. H\u00e1 muito tempo observo a grande quantidade de reclama\u00e7\u00f5es das pessoas que buscam atendimento na nossa cidade. As queixas abrangem todos os n\u00edveis de atendimento, desde os mais simples at\u00e9 os de alta complexidade. O problema \u00e9 que doen\u00e7as n\u00e3o [&hellip;]<\/p>\n","protected":false},"author":2,"featured_media":18542,"comment_status":"open","ping_status":"open","sticky":false,"template":"","format":"standard","meta":{"om_disable_all_campaigns":false,"_monsterinsights_skip_tracking":false,"_monsterinsights_sitenote_active":false,"_monsterinsights_sitenote_note":"","_monsterinsights_sitenote_category":0,"footnotes":""},"categories":[4,19,10],"tags":[],"class_list":["post-18568","post","type-post","status-publish","format-standard","has-post-thumbnail","hentry","category-cidade","category-politica","category-saude"],"_links":{"self":[{"href":"https:\/\/acontecenafronteira.com.br\/index.php\/wp-json\/wp\/v2\/posts\/18568","targetHints":{"allow":["GET"]}}],"collection":[{"href":"https:\/\/acontecenafronteira.com.br\/index.php\/wp-json\/wp\/v2\/posts"}],"about":[{"href":"https:\/\/acontecenafronteira.com.br\/index.php\/wp-json\/wp\/v2\/types\/post"}],"author":[{"embeddable":true,"href":"https:\/\/acontecenafronteira.com.br\/index.php\/wp-json\/wp\/v2\/users\/2"}],"replies":[{"embeddable":true,"href":"https:\/\/acontecenafronteira.com.br\/index.php\/wp-json\/wp\/v2\/comments?post=18568"}],"version-history":[{"count":1,"href":"https:\/\/acontecenafronteira.com.br\/index.php\/wp-json\/wp\/v2\/posts\/18568\/revisions"}],"predecessor-version":[{"id":18569,"href":"https:\/\/acontecenafronteira.com.br\/index.php\/wp-json\/wp\/v2\/posts\/18568\/revisions\/18569"}],"wp:featuredmedia":[{"embeddable":true,"href":"https:\/\/acontecenafronteira.com.br\/index.php\/wp-json\/wp\/v2\/media\/18542"}],"wp:attachment":[{"href":"https:\/\/acontecenafronteira.com.br\/index.php\/wp-json\/wp\/v2\/media?parent=18568"}],"wp:term":[{"taxonomy":"category","embeddable":true,"href":"https:\/\/acontecenafronteira.com.br\/index.php\/wp-json\/wp\/v2\/categories?post=18568"},{"taxonomy":"post_tag","embeddable":true,"href":"https:\/\/acontecenafronteira.com.br\/index.php\/wp-json\/wp\/v2\/tags?post=18568"}],"curies":[{"name":"wp","href":"https:\/\/api.w.org\/{rel}","templated":true}]}}