{"id":18564,"date":"2024-06-18T19:28:18","date_gmt":"2024-06-18T22:28:18","guid":{"rendered":"https:\/\/acontecenafronteira.com.br\/?p=18564"},"modified":"2024-06-18T19:28:18","modified_gmt":"2024-06-18T22:28:18","slug":"clientes-da-copel-nao-terao-aumento-na-tarifa-de-energia","status":"publish","type":"post","link":"https:\/\/acontecenafronteira.com.br\/index.php\/2024\/06\/18\/clientes-da-copel-nao-terao-aumento-na-tarifa-de-energia\/","title":{"rendered":"Clientes da Copel n\u00e3o ter\u00e3o aumento na tarifa de energia"},"content":{"rendered":"\n<p><strong><em>Os clientes da Copel n\u00e3o ter\u00e3o aumento na tarifa de energia. O reajuste m\u00e9dio anual foi de 0%, definiu a Ag\u00eancia Nacional de Energia El\u00e9trica (Aneel) em reuni\u00e3o realizada nesta ter\u00e7a-feira (18).<\/em><\/strong><\/p>\n\n\n\n<p>A Aneel \u00e9 o \u00f3rg\u00e3o regulador federal que calcula a tarifa de energia el\u00e9trica de cada \u00e1rea de concess\u00e3o e comunica \u00e0s distribuidoras de energia, que aplicam o ajuste uma vez ao ano.<\/p>\n\n\n\n<p>Nos subgrupos de consumidores, a Aneel determinou uma redu\u00e7\u00e3o de 0,03% nos pr\u00f3ximos 12 meses para os clientes residenciais, profissionais liberais e pequenas empresas atendidos pela Copel em todo o Paran\u00e1.<\/p>\n\n\n\n<p>O pre\u00e7o da energia para os paranaenses fica, portanto, abaixo da infla\u00e7\u00e3o. Nos \u00faltimos 12 meses, o \u00cdndice Nacional de Pre\u00e7os ao Consumidor (IPCA), que mede o aumento dos pre\u00e7os no pa\u00eds, subiu 3,93%.<\/p>\n\n\n\n<p>O c\u00e1lculo da tarifa \u00e9 realizado com base em diferentes fatores que incluem o custo da energia, uso do sistema e encargos setoriais, dentre outros componentes. Para chegar ao valor deste ano, foram abatidos da tarifa cr\u00e9ditos do PIS\/Cofins gerados por uma a\u00e7\u00e3o judicial vencida pela Copel em 2020.<\/p>\n\n\n\n<p>Conforme decis\u00e3o do Superior Tribunal Federal (STF) na \u00e9poca, as distribuidoras de energia el\u00e9trica de todo o Brasil deixaram de recolher PIS e Cofins sobre o ICMS que incidia na tarifa, beneficiando, assim, todas as classes de consumidores. A decis\u00e3o judicial gerou um cr\u00e9dito, que \u00e9 utilizado pela Copel em favor dos clientes.<\/p>\n\n\n\n<p>Outro fator que contribuiu para uma tarifa menor para os clientes residenciais foi a redu\u00e7\u00e3o das parcelas de pagamento dos empr\u00e9stimos da conta Covid e conta escassez h\u00eddrica, que s\u00e3o contabilizados no c\u00e1lculo da tarifa. Os valores se referem a um empr\u00e9stimo utilizado para evitar aumentos significativos na conta de luz nos momentos em que a pandemia e a seca impactaram a vida das pessoas em 2020 e 2021.<\/p>\n\n\n\n<p>A redu\u00e7\u00e3o para os consumidores residenciais foi poss\u00edvel mesmo diante do aumento nos custos com o transporte da eletricidade, compra de energia e aumento da infla\u00e7\u00e3o. Os custos com o transporte de energia compreendem o valor que a Copel retira da tarifa e transfere \u00e0s transmissoras de energia pelo uso do sistema de transmiss\u00e3o.<\/p>\n\n\n\n<p>Apenas para as grandes empresas (clientes atendidos em alta tens\u00e3o), haver\u00e1 reajuste de 0,05%.<\/p>\n\n\n\n<p><strong>INVESTIMENTOS<\/strong>&nbsp;&#8211; Em 2024, a Copel est\u00e1 aplicando o maior montante de sua hist\u00f3ria na amplia\u00e7\u00e3o e moderniza\u00e7\u00e3o da rede el\u00e9trica no Paran\u00e1. Os investimentos somam R$ 2,1 bilh\u00f5es e incluem a constru\u00e7\u00e3o de 20 novas subesta\u00e7\u00f5es, amplia\u00e7\u00e3o de outras 80, al\u00e9m de aportes nos principais programas da companhia, como o Paran\u00e1 Trif\u00e1sico e o Rede El\u00e9trica Inteligente.<\/p>\n\n\n\n<p>Foto: Copel<\/p>\n","protected":false},"excerpt":{"rendered":"<p>Os clientes da Copel n\u00e3o ter\u00e3o aumento na tarifa de energia. O reajuste m\u00e9dio anual foi de 0%, definiu a Ag\u00eancia Nacional de Energia El\u00e9trica (Aneel) em reuni\u00e3o realizada nesta ter\u00e7a-feira (18). A Aneel \u00e9 o \u00f3rg\u00e3o regulador federal que calcula a tarifa de energia el\u00e9trica de cada \u00e1rea de concess\u00e3o e comunica \u00e0s distribuidoras [&hellip;]<\/p>\n","protected":false},"author":2,"featured_media":18565,"comment_status":"open","ping_status":"open","sticky":false,"template":"","format":"standard","meta":{"om_disable_all_campaigns":false,"_monsterinsights_skip_tracking":false,"_monsterinsights_sitenote_active":false,"_monsterinsights_sitenote_note":"","_monsterinsights_sitenote_category":0,"footnotes":""},"categories":[18],"tags":[],"class_list":["post-18564","post","type-post","status-publish","format-standard","has-post-thumbnail","hentry","category-parana"],"_links":{"self":[{"href":"https:\/\/acontecenafronteira.com.br\/index.php\/wp-json\/wp\/v2\/posts\/18564","targetHints":{"allow":["GET"]}}],"collection":[{"href":"https:\/\/acontecenafronteira.com.br\/index.php\/wp-json\/wp\/v2\/posts"}],"about":[{"href":"https:\/\/acontecenafronteira.com.br\/index.php\/wp-json\/wp\/v2\/types\/post"}],"author":[{"embeddable":true,"href":"https:\/\/acontecenafronteira.com.br\/index.php\/wp-json\/wp\/v2\/users\/2"}],"replies":[{"embeddable":true,"href":"https:\/\/acontecenafronteira.com.br\/index.php\/wp-json\/wp\/v2\/comments?post=18564"}],"version-history":[{"count":1,"href":"https:\/\/acontecenafronteira.com.br\/index.php\/wp-json\/wp\/v2\/posts\/18564\/revisions"}],"predecessor-version":[{"id":18566,"href":"https:\/\/acontecenafronteira.com.br\/index.php\/wp-json\/wp\/v2\/posts\/18564\/revisions\/18566"}],"wp:featuredmedia":[{"embeddable":true,"href":"https:\/\/acontecenafronteira.com.br\/index.php\/wp-json\/wp\/v2\/media\/18565"}],"wp:attachment":[{"href":"https:\/\/acontecenafronteira.com.br\/index.php\/wp-json\/wp\/v2\/media?parent=18564"}],"wp:term":[{"taxonomy":"category","embeddable":true,"href":"https:\/\/acontecenafronteira.com.br\/index.php\/wp-json\/wp\/v2\/categories?post=18564"},{"taxonomy":"post_tag","embeddable":true,"href":"https:\/\/acontecenafronteira.com.br\/index.php\/wp-json\/wp\/v2\/tags?post=18564"}],"curies":[{"name":"wp","href":"https:\/\/api.w.org\/{rel}","templated":true}]}}