{"id":18558,"date":"2024-06-18T19:24:36","date_gmt":"2024-06-18T22:24:36","guid":{"rendered":"https:\/\/acontecenafronteira.com.br\/?p=18558"},"modified":"2024-06-18T19:24:37","modified_gmt":"2024-06-18T22:24:37","slug":"apresentador-ratinho-sera-o-novo-personagem-do-museu-de-cera","status":"publish","type":"post","link":"https:\/\/acontecenafronteira.com.br\/index.php\/2024\/06\/18\/apresentador-ratinho-sera-o-novo-personagem-do-museu-de-cera\/","title":{"rendered":"Apresentador Ratinho ser\u00e1 o novo personagem do Museu de Cera"},"content":{"rendered":"\n<p><strong><em>O apresentador Carlos Massa, carinhosamente chamado de Ratinho, ser\u00e1 o novo personagem do Dreamland Museu de Cera. Ele chegar\u00e1 para fortalecer o time personalidades do acervo da televis\u00e3o brasileira, que j\u00e1 conta com Silvio Santos e Roberto Justus.<\/em><\/strong><\/p>\n\n\n\n<p><br>As medidas para a confec\u00e7\u00e3o da est\u00e1tua de cera de Ratinho foram tiradas essa semana pela equipe de artes\u00e3os do Grupo Dreams, no escrit\u00f3rio dele, em S\u00e3o Paulo.<br>A previs\u00e3o \u00e9 de inaugurar a vers\u00e3o de cera do apresentador j\u00e1 no in\u00edcio do pr\u00f3ximo semestre, inclusive com a presen\u00e7a dele em um evento de lan\u00e7amento.<\/p>\n\n\n\n<p><br>Segundo a gerente Comercial do Dreams Park Show, Sabrina Akl, essa a\u00e7\u00e3o faz parte das comemora\u00e7\u00f5es dos 10 anos do parque em Foz do Igua\u00e7u. \u201cTeremos muitas novidades ainda este ano, mas resolvemos come\u00e7ar com o Museu de Cera, que foi o primeiro atrativo do parque\u201d, disse.<br>A escolha por homenagear Ratinho foi pela hist\u00f3ria e legado do apresentador, inclusive pela paix\u00e3o pela cidade tur\u00edstica.<\/p>\n\n\n\n<p><br>Recentemente, em seu programa, ao receber uma igua\u00e7uense, Ratinho disse: \u201cAs pessoas precisam saber que \u00e9 uma del\u00edcia ir para Foz do Igua\u00e7u. Tem muita coisa em Foz do Igua\u00e7u\u201d. O apresentador j\u00e1 esteve diversas vezes na cidade a passeio e no \u00faltimo dia 8 gravou conte\u00fados na cidade para exibir em sua programa\u00e7\u00e3o.<\/p>\n\n\n\n<p><strong>Museu de Cera<\/strong><br>O Museu de Cera, que acaba de completar 10 anos em Foz, conta com mais de 120 personagens da m\u00fasica, do esporte, do cinema, da pol\u00edtica e do imagin\u00e1rio infantil.<br>As est\u00e1tuas, confeccionadas em cera em ateliers pr\u00f3prios do Grupo Dreams, t\u00eam o tamanho, o peso e as caracter\u00edsticas exatas de cada artista.<\/p>\n","protected":false},"excerpt":{"rendered":"<p>O apresentador Carlos Massa, carinhosamente chamado de Ratinho, ser\u00e1 o novo personagem do Dreamland Museu de Cera. Ele chegar\u00e1 para fortalecer o time personalidades do acervo da televis\u00e3o brasileira, que j\u00e1 conta com Silvio Santos e Roberto Justus. As medidas para a confec\u00e7\u00e3o da est\u00e1tua de cera de Ratinho foram tiradas essa semana pela equipe [&hellip;]<\/p>\n","protected":false},"author":2,"featured_media":18559,"comment_status":"open","ping_status":"open","sticky":false,"template":"","format":"standard","meta":{"om_disable_all_campaigns":false,"_monsterinsights_skip_tracking":false,"_monsterinsights_sitenote_active":false,"_monsterinsights_sitenote_note":"","_monsterinsights_sitenote_category":0,"footnotes":""},"categories":[4,13],"tags":[],"class_list":["post-18558","post","type-post","status-publish","format-standard","has-post-thumbnail","hentry","category-cidade","category-entretenimento"],"_links":{"self":[{"href":"https:\/\/acontecenafronteira.com.br\/index.php\/wp-json\/wp\/v2\/posts\/18558","targetHints":{"allow":["GET"]}}],"collection":[{"href":"https:\/\/acontecenafronteira.com.br\/index.php\/wp-json\/wp\/v2\/posts"}],"about":[{"href":"https:\/\/acontecenafronteira.com.br\/index.php\/wp-json\/wp\/v2\/types\/post"}],"author":[{"embeddable":true,"href":"https:\/\/acontecenafronteira.com.br\/index.php\/wp-json\/wp\/v2\/users\/2"}],"replies":[{"embeddable":true,"href":"https:\/\/acontecenafronteira.com.br\/index.php\/wp-json\/wp\/v2\/comments?post=18558"}],"version-history":[{"count":1,"href":"https:\/\/acontecenafronteira.com.br\/index.php\/wp-json\/wp\/v2\/posts\/18558\/revisions"}],"predecessor-version":[{"id":18560,"href":"https:\/\/acontecenafronteira.com.br\/index.php\/wp-json\/wp\/v2\/posts\/18558\/revisions\/18560"}],"wp:featuredmedia":[{"embeddable":true,"href":"https:\/\/acontecenafronteira.com.br\/index.php\/wp-json\/wp\/v2\/media\/18559"}],"wp:attachment":[{"href":"https:\/\/acontecenafronteira.com.br\/index.php\/wp-json\/wp\/v2\/media?parent=18558"}],"wp:term":[{"taxonomy":"category","embeddable":true,"href":"https:\/\/acontecenafronteira.com.br\/index.php\/wp-json\/wp\/v2\/categories?post=18558"},{"taxonomy":"post_tag","embeddable":true,"href":"https:\/\/acontecenafronteira.com.br\/index.php\/wp-json\/wp\/v2\/tags?post=18558"}],"curies":[{"name":"wp","href":"https:\/\/api.w.org\/{rel}","templated":true}]}}