{"id":18544,"date":"2024-06-15T20:58:55","date_gmt":"2024-06-15T23:58:55","guid":{"rendered":"https:\/\/acontecenafronteira.com.br\/?p=18544"},"modified":"2024-06-15T20:59:47","modified_gmt":"2024-06-15T23:59:47","slug":"moradores-conhecem-estrutura-do-mercado-publico-em-cafe-da-manha-com-gestores","status":"publish","type":"post","link":"https:\/\/acontecenafronteira.com.br\/index.php\/2024\/06\/15\/moradores-conhecem-estrutura-do-mercado-publico-em-cafe-da-manha-com-gestores\/","title":{"rendered":"Moradores conhecem estrutura do Mercado P\u00fablico em caf\u00e9 da manh\u00e3 com gestores"},"content":{"rendered":"\n<p><strong><em>Durante o encontro, neste s\u00e1bado (15), vizinhos tamb\u00e9m puderam tirar d\u00favidas sobre o funcionamento do novo atrativo, as categorias de produtos e o modelo de opera\u00e7\u00e3o<\/em><\/strong><\/p>\n\n\n\n<p>A convite da Itaipu Binacional e do Parque Tecnol\u00f3gico Itaipu (PTI), institui\u00e7\u00e3o gestora do Mercado P\u00fablico de Foz do Igua\u00e7u, moradores vizinhos ao novo atrativo participaram neste s\u00e1bado (15) de um caf\u00e9 da manh\u00e3 para conhecer a nova estrutura e tirar d\u00favidas sobre o funcionamento e a gest\u00e3o do espa\u00e7o.<\/p>\n\n\n\n<p>O principal objetivo do encontro, que tamb\u00e9m contou com a presen\u00e7a de futuros lojistas do atrativo, foi aproximar os moradores do novo empreendimento e levar informa\u00e7\u00f5es importantes sobre o conceito, a seguran\u00e7a, o funcionamento e as atividades previstas no Mercado.<\/p>\n\n\n\n<p>No pr\u00f3ximo dia 24 de junho, em uma cerim\u00f4nia para convidados e imprensa, ser\u00e1 feito o lan\u00e7amento oficial da estrutura, com a assinatura dos contratos e entrega das chaves aos primeiros permission\u00e1rios. Na ocasi\u00e3o, tamb\u00e9m ser\u00e1 anunciado o nome oficial do Mercado P\u00fablico.<\/p>\n\n\n\n<blockquote class=\"wp-block-quote is-layout-flow wp-block-quote-is-layout-flow\">\n<p>\u201cO Mercado n\u00e3o ser\u00e1 apenas um espa\u00e7o de gastronomia, mas um espa\u00e7o cultural e de lazer para as fam\u00edlias igua\u00e7uenses e para os turistas. E nada mais importante do que iniciarmos esta hist\u00f3ria com quem convive nesta regi\u00e3o. Queremos partilhar o amor e o dia a dia do mercado com voc\u00eas\u201d, disse o diretor de Turismo do PTI, Yuri Benites.<\/p>\n<\/blockquote>\n\n\n\n<p>Al\u00e9m de apresentar um hist\u00f3rico do Mercado P\u00fablico, desde a sua concep\u00e7\u00e3o at\u00e9 o modelo de gest\u00e3o atual e as categorias de lojas, Benites falou sobre o conceito da nova estrutura \u2013 que abrigar\u00e1 42 boxes comerciais e 12 boxes sociais.<\/p>\n\n\n\n<p>Os vizinhos tamb\u00e9m puderam tirar d\u00favidas sobre o movimento de ve\u00edculos para abastecimento de produtos nas ruas paralelas ao Mercado e sobre a seguran\u00e7a na regi\u00e3o, que foram amplamente esclarecidas pelos gestores.<\/p>\n\n\n\n<p>Aline Teig\u00e3o, gerente de Iniciativas de Turismo da Itaipu, destacou os investimentos que a usina far\u00e1 no espa\u00e7o. \u201cDurante os tr\u00eas primeiros anos, teremos atra\u00e7\u00f5es culturais no Mercado Municipal de quinta a domingo. Tamb\u00e9m teremos uma programa\u00e7\u00e3o cultural diferenciada em datas comemorativas e diversas feiras. Em breve abriremos o credenciamento para os artistas locais se apresentarem no espa\u00e7o\u201d, comentou.<\/p>\n\n\n\n<p><strong>Expectativas<\/strong><br>Moradora da regi\u00e3o, a enfermeira Bruna Cassiano entende que a abertura do Mercado impulsionar\u00e1 o desenvolvimento econ\u00f4mico da cidade. \u201cSempre tivemos uma preocupa\u00e7\u00e3o com um espa\u00e7o fechado (antiga Cobal) e, agora, com a vinda do Mercado, entendemos que \u00e9 um grande avan\u00e7o para o desenvolvimento do munic\u00edpio, pela gera\u00e7\u00e3o de emprego e pela vinda de turistas\u201d, afirma.<\/p>\n\n\n\n<p>Professora da Unila, Ceres Pereira vive na Rua Suindara (ao lado do Mercado) h\u00e1 dez anos. Para ela, ser\u00e1 um novo espa\u00e7o de compras e lazer. \u201cSempre vi com bons olhos este espa\u00e7o e sempre apostei muito nele, porque, para n\u00f3s moradores, ser\u00e1 muito bom pela proximidade, pela variedade de produtos e um grande espa\u00e7o de lazer\u201d.<\/p>\n\n\n\n<p>Os empres\u00e1rios Marcos Roberto e Jo\u00e3o Gon\u00e7alves ter\u00e3o uma pastelaria no local e est\u00e3o otimistas com o futuro do empreendimento. \u201cTrabalhamos neste momento somente com delivery e vamos inaugurar nossa loja f\u00edsica aqui no Mercado. Est\u00e1 tudo bem encaminhado, foi muito tranquilo o processo e estamos ansiosos\u201d, disse Marcos. \u201cVimos como uma grande oportunidade, por ser um local aguardado h\u00e1 muito tempo pela pr\u00f3pria popula\u00e7\u00e3o. Buscamos essa oportunidade pela expectativa dos visitantes, da comunidade e dos turistas\u201d, acrescentou Jo\u00e3o.<\/p>\n\n\n\n<p>F\u00e1bio Alexandre ter\u00e1 um box para a venda de chopes artesanais no Mercado. \u201cJ\u00e1 tem uns oito anos desde que tivemos a primeira conversa sobre investir aqui. Estamos otimistas com essa nova empreitada\u201d, contou o empres\u00e1rio.<\/p>\n\n\n\n<p><strong>Estrutura<\/strong><br>Com 4,7 mil metros quadrados de \u00e1rea constru\u00edda, o Mercado P\u00fablico de Foz do Igua\u00e7u foi constru\u00eddo pela Itaipu Binacional e entregue, em fevereiro de 2024, ao PTI, que far\u00e1 a gest\u00e3o do espa\u00e7o.<\/p>\n\n\n\n<p>O Mercado deve funcionar de domingo a domingo, das 10h \u00e0s 22h, com circuito cultural de quinta a domingo. No local, o p\u00fablico encontrar\u00e1 restaurantes, cafeterias, lojas de doces e sobremesas, hortifr\u00fati, artesanato e cooperativas, al\u00e9m de \u00e1reas de lazer e espa\u00e7o kids.<\/p>\n\n\n\n<p><strong>Novo edital<\/strong><br>Um novo edital para ocupa\u00e7\u00e3o de 32 espa\u00e7os comerciais (ainda dispon\u00edveis da estrutura) foi lan\u00e7ado no dia 07 deste m\u00eas e a sele\u00e7\u00e3o est\u00e1 marcada para 26 de junho, por meio do sistema \u201cLicita\u00e7\u00f5es-e\u201d (www.licitacoes-e.com.br). A disputa ser\u00e1 feita na modalidade de avalia\u00e7\u00e3o competitiva, no tipo maior lance de pre\u00e7o por box (respeitando os valores m\u00ednimos e m\u00e1ximos estipulados).<\/p>\n\n\n\n<figure class=\"wp-block-image size-large\"><img loading=\"lazy\" decoding=\"async\" width=\"1024\" height=\"683\" src=\"https:\/\/acontecenafronteira.com.br\/wp-content\/uploads\/2024\/06\/b4b129fa-9dd2-4b41-9952-9fa2b3eab6ab-1024x683.jpeg?v=1718495907\" alt=\"\" class=\"wp-image-18545\" srcset=\"https:\/\/acontecenafronteira.com.br\/wp-content\/uploads\/2024\/06\/b4b129fa-9dd2-4b41-9952-9fa2b3eab6ab-1024x683.jpeg?v=1718495907 1024w, https:\/\/acontecenafronteira.com.br\/wp-content\/uploads\/2024\/06\/b4b129fa-9dd2-4b41-9952-9fa2b3eab6ab-300x200.jpeg?v=1718495907 300w, https:\/\/acontecenafronteira.com.br\/wp-content\/uploads\/2024\/06\/b4b129fa-9dd2-4b41-9952-9fa2b3eab6ab-768x512.jpeg?v=1718495907 768w, https:\/\/acontecenafronteira.com.br\/wp-content\/uploads\/2024\/06\/b4b129fa-9dd2-4b41-9952-9fa2b3eab6ab.jpeg?v=1718495907 1500w\" sizes=\"auto, (max-width: 1024px) 100vw, 1024px\" \/><\/figure>\n\n\n\n<p>Fotos: Ricardo Machado\/PTI<\/p>\n","protected":false},"excerpt":{"rendered":"<p>Durante o encontro, neste s\u00e1bado (15), vizinhos tamb\u00e9m puderam tirar d\u00favidas sobre o funcionamento do novo atrativo, as categorias de produtos e o modelo de opera\u00e7\u00e3o A convite da Itaipu Binacional e do Parque Tecnol\u00f3gico Itaipu (PTI), institui\u00e7\u00e3o gestora do Mercado P\u00fablico de Foz do Igua\u00e7u, moradores vizinhos ao novo atrativo participaram neste s\u00e1bado (15) [&hellip;]<\/p>\n","protected":false},"author":2,"featured_media":18546,"comment_status":"open","ping_status":"open","sticky":false,"template":"","format":"standard","meta":{"om_disable_all_campaigns":false,"_monsterinsights_skip_tracking":false,"_monsterinsights_sitenote_active":false,"_monsterinsights_sitenote_note":"","_monsterinsights_sitenote_category":0,"footnotes":""},"categories":[11],"tags":[],"class_list":["post-18544","post","type-post","status-publish","format-standard","has-post-thumbnail","hentry","category-itaipu"],"_links":{"self":[{"href":"https:\/\/acontecenafronteira.com.br\/index.php\/wp-json\/wp\/v2\/posts\/18544","targetHints":{"allow":["GET"]}}],"collection":[{"href":"https:\/\/acontecenafronteira.com.br\/index.php\/wp-json\/wp\/v2\/posts"}],"about":[{"href":"https:\/\/acontecenafronteira.com.br\/index.php\/wp-json\/wp\/v2\/types\/post"}],"author":[{"embeddable":true,"href":"https:\/\/acontecenafronteira.com.br\/index.php\/wp-json\/wp\/v2\/users\/2"}],"replies":[{"embeddable":true,"href":"https:\/\/acontecenafronteira.com.br\/index.php\/wp-json\/wp\/v2\/comments?post=18544"}],"version-history":[{"count":2,"href":"https:\/\/acontecenafronteira.com.br\/index.php\/wp-json\/wp\/v2\/posts\/18544\/revisions"}],"predecessor-version":[{"id":18548,"href":"https:\/\/acontecenafronteira.com.br\/index.php\/wp-json\/wp\/v2\/posts\/18544\/revisions\/18548"}],"wp:featuredmedia":[{"embeddable":true,"href":"https:\/\/acontecenafronteira.com.br\/index.php\/wp-json\/wp\/v2\/media\/18546"}],"wp:attachment":[{"href":"https:\/\/acontecenafronteira.com.br\/index.php\/wp-json\/wp\/v2\/media?parent=18544"}],"wp:term":[{"taxonomy":"category","embeddable":true,"href":"https:\/\/acontecenafronteira.com.br\/index.php\/wp-json\/wp\/v2\/categories?post=18544"},{"taxonomy":"post_tag","embeddable":true,"href":"https:\/\/acontecenafronteira.com.br\/index.php\/wp-json\/wp\/v2\/tags?post=18544"}],"curies":[{"name":"wp","href":"https:\/\/api.w.org\/{rel}","templated":true}]}}