{"id":18541,"date":"2024-06-15T14:08:02","date_gmt":"2024-06-15T17:08:02","guid":{"rendered":"https:\/\/acontecenafronteira.com.br\/?p=18541"},"modified":"2024-06-15T14:08:03","modified_gmt":"2024-06-15T17:08:03","slug":"deoclecio-duarte-e-o-nome-do-avante-para-a-prefeito-de-foz-do-iguacu","status":"publish","type":"post","link":"https:\/\/acontecenafronteira.com.br\/index.php\/2024\/06\/15\/deoclecio-duarte-e-o-nome-do-avante-para-a-prefeito-de-foz-do-iguacu\/","title":{"rendered":"Deocl\u00e9cio Duarte \u00e9 o nome do Avante para a prefeito de Foz do Igua\u00e7u"},"content":{"rendered":"\n<p><strong><em>&#8220;Neste momento precisamos de uni\u00e3o em \u00e1reas certas para melhorar a vida dessas pessoas&#8221;<\/em><\/strong><\/p>\n\n\n\n<p>O empres\u00e1rio Deocl\u00e9cio Duarte se filiou ao Avante e colocou o nome \u00e0 disposi\u00e7\u00e3o para disputar a prefeitura de Foz do Igua\u00e7u. Duarte tem realizado um trabalho social em apoio \u00e0s fam\u00edlias a fazer reformas e constru\u00e7\u00e3o de rampas de acesso nas casas nos bairros. <\/p>\n\n\n\n<blockquote class=\"wp-block-quote is-layout-flow wp-block-quote-is-layout-flow\">\n<p>\u201cColoquei meu nome \u00e0 disposi\u00e7\u00e3o do Avante porque apesar de ver, tamb\u00e9m escuto dos moradores que a cidade est\u00e1 em p\u00e9ssima situa\u00e7\u00e3o. Neste momento precisamos de uni\u00e3o em \u00e1reas certas para melhorar a vida dessas pessoas\u201d, disse Deocl\u00e9cio Duarte.<\/p>\n<\/blockquote>\n\n\n\n<p>O empres\u00e1rio aponta como fundamental ao pr\u00f3ximo prefeito est\u00e1 na garantia o acesso e qualifica\u00e7\u00e3o dos servi\u00e7os de sa\u00fade p\u00fablica \u00e0 popula\u00e7\u00e3o, o que considera o grande principal gargalo da cidade. O Avante j\u00e1 sinalizou aos demais partidos que est\u00e1 aberto \u00e0s coliga\u00e7\u00f5es e alian\u00e7as nas elei\u00e7\u00f5es de outubro at\u00e9 na condi\u00e7\u00e3o de vice-prefeito. <\/p>\n\n\n\n<blockquote class=\"wp-block-quote is-layout-flow wp-block-quote-is-layout-flow\">\n<p>\u201cConhe\u00e7o bem cada canto de Foz do Igua\u00e7u e as necessidades dos igua\u00e7uenses. Tenho muitas ideias e tamb\u00e9m sei apoiar boas iniciativas de forma humilde e sem vaidades. Foz do Igua\u00e7u precisa eleger representantes que saibam o que fazer e que realmente tenham compromisso com a nossa cidade\u201d, afirmou Duarte. <\/p>\n<\/blockquote>\n\n\n\n<p>Conte\u00fado do portal Boca Maldita &#8211; bocamaldita.com<\/p>\n\n\n\n<p><\/p>\n","protected":false},"excerpt":{"rendered":"<p>&#8220;Neste momento precisamos de uni\u00e3o em \u00e1reas certas para melhorar a vida dessas pessoas&#8221; O empres\u00e1rio Deocl\u00e9cio Duarte se filiou ao Avante e colocou o nome \u00e0 disposi\u00e7\u00e3o para disputar a prefeitura de Foz do Igua\u00e7u. Duarte tem realizado um trabalho social em apoio \u00e0s fam\u00edlias a fazer reformas e constru\u00e7\u00e3o de rampas de acesso [&hellip;]<\/p>\n","protected":false},"author":2,"featured_media":18542,"comment_status":"open","ping_status":"open","sticky":false,"template":"","format":"standard","meta":{"om_disable_all_campaigns":false,"_monsterinsights_skip_tracking":false,"_monsterinsights_sitenote_active":false,"_monsterinsights_sitenote_note":"","_monsterinsights_sitenote_category":0,"footnotes":""},"categories":[4,24,19],"tags":[],"class_list":["post-18541","post","type-post","status-publish","format-standard","has-post-thumbnail","hentry","category-cidade","category-eleicoes","category-politica"],"_links":{"self":[{"href":"https:\/\/acontecenafronteira.com.br\/index.php\/wp-json\/wp\/v2\/posts\/18541","targetHints":{"allow":["GET"]}}],"collection":[{"href":"https:\/\/acontecenafronteira.com.br\/index.php\/wp-json\/wp\/v2\/posts"}],"about":[{"href":"https:\/\/acontecenafronteira.com.br\/index.php\/wp-json\/wp\/v2\/types\/post"}],"author":[{"embeddable":true,"href":"https:\/\/acontecenafronteira.com.br\/index.php\/wp-json\/wp\/v2\/users\/2"}],"replies":[{"embeddable":true,"href":"https:\/\/acontecenafronteira.com.br\/index.php\/wp-json\/wp\/v2\/comments?post=18541"}],"version-history":[{"count":1,"href":"https:\/\/acontecenafronteira.com.br\/index.php\/wp-json\/wp\/v2\/posts\/18541\/revisions"}],"predecessor-version":[{"id":18543,"href":"https:\/\/acontecenafronteira.com.br\/index.php\/wp-json\/wp\/v2\/posts\/18541\/revisions\/18543"}],"wp:featuredmedia":[{"embeddable":true,"href":"https:\/\/acontecenafronteira.com.br\/index.php\/wp-json\/wp\/v2\/media\/18542"}],"wp:attachment":[{"href":"https:\/\/acontecenafronteira.com.br\/index.php\/wp-json\/wp\/v2\/media?parent=18541"}],"wp:term":[{"taxonomy":"category","embeddable":true,"href":"https:\/\/acontecenafronteira.com.br\/index.php\/wp-json\/wp\/v2\/categories?post=18541"},{"taxonomy":"post_tag","embeddable":true,"href":"https:\/\/acontecenafronteira.com.br\/index.php\/wp-json\/wp\/v2\/tags?post=18541"}],"curies":[{"name":"wp","href":"https:\/\/api.w.org\/{rel}","templated":true}]}}