{"id":18535,"date":"2024-06-14T19:43:29","date_gmt":"2024-06-14T22:43:29","guid":{"rendered":"https:\/\/acontecenafronteira.com.br\/?p=18535"},"modified":"2024-06-14T19:43:29","modified_gmt":"2024-06-14T22:43:29","slug":"governo-do-parana-divulga-resultado-do-concurso-para-quadro-proprio","status":"publish","type":"post","link":"https:\/\/acontecenafronteira.com.br\/index.php\/2024\/06\/14\/governo-do-parana-divulga-resultado-do-concurso-para-quadro-proprio\/","title":{"rendered":"Governo do Paran\u00e1 divulga resultado do concurso para Quadro Pr\u00f3prio"},"content":{"rendered":"\n<p><strong><em>A Secretaria da Administra\u00e7\u00e3o e da Previd\u00eancia (Seap) divulgou nesta sexta-feira (14) o resultado do concurso para o Quadro Pr\u00f3prio do Poder Executivo (QPPE). Os candidatos podem conferir o resultado, al\u00e9m do gabarito oficial da prova objetiva no\u00a0<a href=\"https:\/\/www.institutoaocp.org.br\/concursos\/596\" target=\"_blank\" rel=\"noreferrer noopener\">portal do Instituto AOCP<\/a>, respons\u00e1vel pelo certame, ou\u00a0\u00a0<a href=\"https:\/\/www.aen.pr.gov.br\/sites\/default\/arquivos_restritos\/files\/documento\/2024-06\/dioe_pr_-ex_2024-06-14_-_resultado_do_concurso_2_0.pdf\" target=\"_blank\" rel=\"noreferrer noopener\">aqui<\/a>\u00a0. No total, 25.626 candidatos participaram da prova realizada no \u00faltimo m\u00eas de abril, e 8.208 est\u00e3o aptos a serem convocados.<\/em><\/strong><\/p>\n\n\n\n<p>O concurso disponibilizou inicialmente 253 vagas para diferentes fun\u00e7\u00f5es de Ensino M\u00e9dio, Ensino M\u00e9dio T\u00e9cnico e Ensino Superior, tem validade de dois anos, podendo ser prorrogado por mais dois. Isso significa que mais candidatos aprovados podem ser convocados durante este per\u00edodo, aumentando as oportunidades para os que n\u00e3o forem chamados de imediato.<\/p>\n\n\n\n<blockquote class=\"wp-block-quote is-layout-flow wp-block-quote-is-layout-flow\">\n<p>\u201cEste \u00e9 um resultado muito aguardado pelas mais de 25 mil pessoas que participaram do processo, que aconteceu de modo a assegurar que todos os passos fossem conduzidos com a maior lisura e respeito aos candidatos. A possibilidade de prorroga\u00e7\u00e3o da validade do concurso, permitir\u00e1 que o Estado fa\u00e7a novas convoca\u00e7\u00f5es, fortalecendo ainda mais o servi\u00e7o p\u00fablico\u201d, frisou o secret\u00e1rio da Administra\u00e7\u00e3o, Claudio Stabile.<\/p>\n<\/blockquote>\n\n\n\n<p><strong>PR\u00d3XIMOS PASSOS&nbsp;<\/strong>\u2013&nbsp;Os candidatos aprovados devem agora ficar atentos ao portal oficial do concurso para acompanhar os pr\u00f3ximos passos do processo seletivo. Os aprovados ser\u00e3o convocados conforme a necessidade e seguindo a ordem de classifica\u00e7\u00e3o, mas antes disso, h\u00e1 algumas etapas a serem cumpridas:<\/p>\n\n\n\n<ul class=\"wp-block-list\">\n<li>Per\u00edodo de Recursos: os candidatos t\u00eam um per\u00edodo para entrar com recursos em rela\u00e7\u00e3o ao edital de aprovados.<\/li>\n\n\n\n<li>An\u00e1lise de Recursos: cada recurso ser\u00e1 analisado individualmente, e os resultados ser\u00e3o publicados no portal do certame.<\/li>\n\n\n\n<li>Enquadramento de Pessoas com Defici\u00eancia: o enquadramento dos candidatos com defici\u00eancia seguindo as regras estabelecidas no edital.<\/li>\n\n\n\n<li>Classifica\u00e7\u00e3o Preliminar: ap\u00f3s a an\u00e1lise dos recursos, ser\u00e1 divulgada a classifica\u00e7\u00e3o preliminar dos candidatos.<\/li>\n\n\n\n<li>Convoca\u00e7\u00f5es: Com a finaliza\u00e7\u00e3o das etapas anteriores, ter\u00e1 in\u00edcio a convoca\u00e7\u00e3o dos aprovados para realiza\u00e7\u00e3o da avalia\u00e7\u00e3o m\u00e9dica.<\/li>\n<\/ul>\n\n\n\n<p>Os candidatos devem ficar atentos a todas as atualiza\u00e7\u00f5es no portal oficial do concurso para garantir que n\u00e3o percam nenhuma informa\u00e7\u00e3o importante sobre os pr\u00f3ximos passos e eventuais convoca\u00e7\u00f5es. As novas informa\u00e7\u00f5es devem ser acompanhadas no portal oficial do certame e na<a href=\"https:\/\/www.aen.pr.gov.br\/\" target=\"_blank\" rel=\"noreferrer noopener\">&nbsp;Ag\u00eancia Estadual de Not\u00edcias.<\/a><\/p>\n\n\n\n<p><strong>D\u00daVIDAS&nbsp;<\/strong>\u2013&nbsp;Para eventuais d\u00favidas, os candidatos s\u00e3o orientados a ler atentamente o edital dispon\u00edvel no&nbsp;<a href=\"https:\/\/www.institutoaocp.org.br\/concursos\/596\" target=\"_blank\" rel=\"noreferrer noopener\">Portal Oficial do concurso<\/a>. Para outros questionamentos \u00e9 poss\u00edvel entrar em contato com o Instituto AOCP, respons\u00e1vel pelo processo seletivo, atrav\u00e9s do e-mail candidato@institutoaocp.org.br ou pelo telefone (44) 3013-4900, de segunda a sexta-feira, exceto feriados.<\/p>\n\n\n\n<p>Foto: Roberto Dziura Jr\/AEN<\/p>\n","protected":false},"excerpt":{"rendered":"<p>A Secretaria da Administra\u00e7\u00e3o e da Previd\u00eancia (Seap) divulgou nesta sexta-feira (14) o resultado do concurso para o Quadro Pr\u00f3prio do Poder Executivo (QPPE). Os candidatos podem conferir o resultado, al\u00e9m do gabarito oficial da prova objetiva no\u00a0portal do Instituto AOCP, respons\u00e1vel pelo certame, ou\u00a0\u00a0aqui\u00a0. No total, 25.626 candidatos participaram da prova realizada no \u00faltimo [&hellip;]<\/p>\n","protected":false},"author":2,"featured_media":18536,"comment_status":"open","ping_status":"open","sticky":false,"template":"","format":"standard","meta":{"om_disable_all_campaigns":false,"_monsterinsights_skip_tracking":false,"_monsterinsights_sitenote_active":false,"_monsterinsights_sitenote_note":"","_monsterinsights_sitenote_category":0,"footnotes":""},"categories":[18],"tags":[],"class_list":["post-18535","post","type-post","status-publish","format-standard","has-post-thumbnail","hentry","category-parana"],"_links":{"self":[{"href":"https:\/\/acontecenafronteira.com.br\/index.php\/wp-json\/wp\/v2\/posts\/18535","targetHints":{"allow":["GET"]}}],"collection":[{"href":"https:\/\/acontecenafronteira.com.br\/index.php\/wp-json\/wp\/v2\/posts"}],"about":[{"href":"https:\/\/acontecenafronteira.com.br\/index.php\/wp-json\/wp\/v2\/types\/post"}],"author":[{"embeddable":true,"href":"https:\/\/acontecenafronteira.com.br\/index.php\/wp-json\/wp\/v2\/users\/2"}],"replies":[{"embeddable":true,"href":"https:\/\/acontecenafronteira.com.br\/index.php\/wp-json\/wp\/v2\/comments?post=18535"}],"version-history":[{"count":1,"href":"https:\/\/acontecenafronteira.com.br\/index.php\/wp-json\/wp\/v2\/posts\/18535\/revisions"}],"predecessor-version":[{"id":18537,"href":"https:\/\/acontecenafronteira.com.br\/index.php\/wp-json\/wp\/v2\/posts\/18535\/revisions\/18537"}],"wp:featuredmedia":[{"embeddable":true,"href":"https:\/\/acontecenafronteira.com.br\/index.php\/wp-json\/wp\/v2\/media\/18536"}],"wp:attachment":[{"href":"https:\/\/acontecenafronteira.com.br\/index.php\/wp-json\/wp\/v2\/media?parent=18535"}],"wp:term":[{"taxonomy":"category","embeddable":true,"href":"https:\/\/acontecenafronteira.com.br\/index.php\/wp-json\/wp\/v2\/categories?post=18535"},{"taxonomy":"post_tag","embeddable":true,"href":"https:\/\/acontecenafronteira.com.br\/index.php\/wp-json\/wp\/v2\/tags?post=18535"}],"curies":[{"name":"wp","href":"https:\/\/api.w.org\/{rel}","templated":true}]}}