{"id":18532,"date":"2024-06-14T19:42:15","date_gmt":"2024-06-14T22:42:15","guid":{"rendered":"https:\/\/acontecenafronteira.com.br\/?p=18532"},"modified":"2024-06-14T19:42:15","modified_gmt":"2024-06-14T22:42:15","slug":"prefeito-de-foz-do-iguacu-destaca-que-projetos-do-foz-desenvolve-focam-nas-questoes-sociais-e-no-apoio-aos-pequenos-empreendedores","status":"publish","type":"post","link":"https:\/\/acontecenafronteira.com.br\/index.php\/2024\/06\/14\/prefeito-de-foz-do-iguacu-destaca-que-projetos-do-foz-desenvolve-focam-nas-questoes-sociais-e-no-apoio-aos-pequenos-empreendedores\/","title":{"rendered":"Prefeito de Foz do Igua\u00e7u destaca que projetos do Foz Desenvolve focam nas quest\u00f5es sociais e no apoio aos pequenos empreendedores"},"content":{"rendered":"\n<p><strong><em>O projeto Repara Foz venceu o pr\u00eamio Iguassu Valley na modalidade inova\u00e7\u00e3o de produto. A premia\u00e7\u00e3o foi entregue nesta ter\u00e7a-feira, 12, na segunda edi\u00e7\u00e3o do evento que re\u00fane mais de duas mil pessoas e busca fomentar a\u00e7\u00f5es empreendedoras, al\u00e9m do fortalecimento do ecossistema e ferramentas nas \u00e1reas de inova\u00e7\u00e3o e tecnologia.<\/em><\/strong><\/p>\n\n\n\n<blockquote class=\"wp-block-quote is-layout-flow wp-block-quote-is-layout-flow\">\n<p>&#8220;\u00c9 o reconhecimento de que a inova\u00e7\u00e3o e as tecnologias t\u00eam que se voltar \u00e0s quest\u00f5es sociais e em solu\u00e7\u00f5es que venham combater as desigualdades, um desafio premente no mundo inteiro&#8221;, disse o prefeito Chico Brasileiro.<\/p>\n<\/blockquote>\n\n\n\n<blockquote class=\"wp-block-quote is-layout-flow wp-block-quote-is-layout-flow\">\n<p>&#8220;O Repara Foz faz parte do Programa Foz Desenvolve, uma ampla proposta fomentada pelo Comit\u00ea Gestor de Desenvolvimento Municipal que integra todos os atores da sociedade&#8221;, disse a Secret\u00e1ria da Fazenda e Coordenadora do CGDM.<\/p>\n<\/blockquote>\n\n\n\n<p>Foz do Igua\u00e7u disputou o pr\u00eamio com outras cinco cidades na categoria organiza\u00e7\u00f5es p\u00fablicas. O Repara Foz organiza e credencia empreendedores na presta\u00e7\u00e3o de servi\u00e7os aos pr\u00f3prios e equipamentos p\u00fablicos do munic\u00edpio.<\/p>\n\n\n\n<blockquote class=\"wp-block-quote is-layout-flow wp-block-quote-is-layout-flow\">\n<p>&#8220;Temos diversos projetos, entre eles o cart\u00e3o material escolar e o compras governamentais, que incentivam a participa\u00e7\u00e3o de pequenos empreendedores na economia da cidade, al\u00e9m de proporcionar o que chamamos um bom ambiente de neg\u00f3cios&#8221;, disse a secret\u00e1ria Salete Horst (Fazenda), coordenadora do comit\u00ea gestor de desenvolvimento.<\/p>\n<\/blockquote>\n\n\n\n<p><strong>Inova\u00e7\u00e3o na pauta<\/strong><br>O Summit Iguassu Valley \u2013 Latinoam\u00e9rica, que termina nesta sexta-feira (14), \u00e9 realizado pela Acifi e o Programa Oeste em Desenvolvimento, com apoio do ecossistema regional do evento, Sebrae, Funda\u00e7\u00e3o Arauc\u00e1ria, Fundo Igua\u00e7u, PTI, Fiep, BRDE, Ocepar, Celepar, prefeitura de Foz do Igua\u00e7u e Foz do Igua\u00e7u Destino do Mundo.<\/p>\n\n\n\n<p>Foto: Jean Pav\u00e3o<\/p>\n","protected":false},"excerpt":{"rendered":"<p>O projeto Repara Foz venceu o pr\u00eamio Iguassu Valley na modalidade inova\u00e7\u00e3o de produto. A premia\u00e7\u00e3o foi entregue nesta ter\u00e7a-feira, 12, na segunda edi\u00e7\u00e3o do evento que re\u00fane mais de duas mil pessoas e busca fomentar a\u00e7\u00f5es empreendedoras, al\u00e9m do fortalecimento do ecossistema e ferramentas nas \u00e1reas de inova\u00e7\u00e3o e tecnologia. &#8220;\u00c9 o reconhecimento de [&hellip;]<\/p>\n","protected":false},"author":2,"featured_media":18533,"comment_status":"open","ping_status":"open","sticky":false,"template":"","format":"standard","meta":{"om_disable_all_campaigns":false,"_monsterinsights_skip_tracking":false,"_monsterinsights_sitenote_active":false,"_monsterinsights_sitenote_note":"","_monsterinsights_sitenote_category":0,"footnotes":""},"categories":[4],"tags":[],"class_list":["post-18532","post","type-post","status-publish","format-standard","has-post-thumbnail","hentry","category-cidade"],"_links":{"self":[{"href":"https:\/\/acontecenafronteira.com.br\/index.php\/wp-json\/wp\/v2\/posts\/18532","targetHints":{"allow":["GET"]}}],"collection":[{"href":"https:\/\/acontecenafronteira.com.br\/index.php\/wp-json\/wp\/v2\/posts"}],"about":[{"href":"https:\/\/acontecenafronteira.com.br\/index.php\/wp-json\/wp\/v2\/types\/post"}],"author":[{"embeddable":true,"href":"https:\/\/acontecenafronteira.com.br\/index.php\/wp-json\/wp\/v2\/users\/2"}],"replies":[{"embeddable":true,"href":"https:\/\/acontecenafronteira.com.br\/index.php\/wp-json\/wp\/v2\/comments?post=18532"}],"version-history":[{"count":1,"href":"https:\/\/acontecenafronteira.com.br\/index.php\/wp-json\/wp\/v2\/posts\/18532\/revisions"}],"predecessor-version":[{"id":18534,"href":"https:\/\/acontecenafronteira.com.br\/index.php\/wp-json\/wp\/v2\/posts\/18532\/revisions\/18534"}],"wp:featuredmedia":[{"embeddable":true,"href":"https:\/\/acontecenafronteira.com.br\/index.php\/wp-json\/wp\/v2\/media\/18533"}],"wp:attachment":[{"href":"https:\/\/acontecenafronteira.com.br\/index.php\/wp-json\/wp\/v2\/media?parent=18532"}],"wp:term":[{"taxonomy":"category","embeddable":true,"href":"https:\/\/acontecenafronteira.com.br\/index.php\/wp-json\/wp\/v2\/categories?post=18532"},{"taxonomy":"post_tag","embeddable":true,"href":"https:\/\/acontecenafronteira.com.br\/index.php\/wp-json\/wp\/v2\/tags?post=18532"}],"curies":[{"name":"wp","href":"https:\/\/api.w.org\/{rel}","templated":true}]}}