{"id":18523,"date":"2024-06-14T13:53:53","date_gmt":"2024-06-14T16:53:53","guid":{"rendered":"https:\/\/acontecenafronteira.com.br\/?p=18523"},"modified":"2024-06-14T13:56:16","modified_gmt":"2024-06-14T16:56:16","slug":"avante-realiza-reuniao-historica-em-foz-do-iguacu","status":"publish","type":"post","link":"https:\/\/acontecenafronteira.com.br\/index.php\/2024\/06\/14\/avante-realiza-reuniao-historica-em-foz-do-iguacu\/","title":{"rendered":"Avante realiza reuni\u00e3o hist\u00f3rica em Foz do Igua\u00e7u"},"content":{"rendered":"\n<p><em><strong>Pr\u00e9via do partido mostra que a maioria quer a coliga\u00e7\u00e3o na elei\u00e7\u00e3o majorit\u00e1ria, mas a decic\u00e3o final ser\u00e1 definida na conven\u00e7\u00e3o municipal do Avante no dia 31 de julho<\/strong><\/em><\/p>\n\n\n\n<p>Nesta segunda-feira, dia 10 de junho, dia em que Foz do Igua\u00e7u celebrou seu 110\u00ba anivers\u00e1rio, o partido Avante (70) realizou uma importante reuni\u00e3o para definir seus rumos nas pr\u00f3ximas elei\u00e7\u00f5es municipais. O encontro, convocado pela executiva do partido e realizado na cidade, contou com a participa\u00e7\u00e3o de diversos pr\u00e9-candidatos.<\/p>\n\n\n\n<p>O Avante conta com filiados de destaque no munic\u00edpio, apresentando nomes fortes para disputar tanto o executivo quanto o Legislativo de Foz do Igua\u00e7u. Entre eles, est\u00e1 o empres\u00e1rio e pr\u00e9-candidato Deocl\u00e9cio Duarte, que realiza diversas a\u00e7\u00f5es sociais em prol da comunidade.<\/p>\n\n\n\n<figure class=\"wp-block-image size-full is-resized\"><img loading=\"lazy\" decoding=\"async\" width=\"619\" height=\"426\" src=\"https:\/\/acontecenafronteira.com.br\/wp-content\/uploads\/2024\/06\/deoclecio-1.png?v=1718383687\" alt=\"\" class=\"wp-image-18525\" style=\"width:506px;height:auto\" srcset=\"https:\/\/acontecenafronteira.com.br\/wp-content\/uploads\/2024\/06\/deoclecio-1.png?v=1718383687 619w, https:\/\/acontecenafronteira.com.br\/wp-content\/uploads\/2024\/06\/deoclecio-1-300x206.png?v=1718383687 300w\" sizes=\"auto, (max-width: 619px) 100vw, 619px\" \/><\/figure>\n\n\n\n<blockquote class=\"wp-block-quote is-layout-flow wp-block-quote-is-layout-flow\">\n<p><em>&#8220;Coloquei meu nome \u00e0 disposi\u00e7\u00e3o do Avante porque apesar de ver, tamb\u00e9m escuto dos moradores que a cidade est\u00e1 em p\u00e9ssima situa\u00e7\u00e3o. Neste momento precisamos de uni\u00e3o e a\u00e7\u00f5es certas para melhorar a vida dessas pessoas. Conhe\u00e7o bem cada canto de Foz do Igua\u00e7u e as necessidades dos igua\u00e7uenses. Tenho muitas ideias e tamb\u00e9m sei apoiar boas iniciativas de forma humilde e sem vaidades. Foz do Igua\u00e7u precisa eleger representantes que saibam o que fazer e que realmente tenham compromisso com a nossa cidade&#8221;, afirmou Deocl\u00e9cio Duarte.<\/em><\/p>\n<\/blockquote>\n\n\n\n<p><strong>Reuni\u00e3o<\/strong><\/p>\n\n\n\n<p>O principal tema discutido na reuni\u00e3o pr\u00e9via, dessa semana, foi a estrat\u00e9gia eleitoral do partido para a disputa pela prefeitura nas elei\u00e7\u00f5es de outubro deste ano. A maioria absoluta dos presentes decidiu que, neste momento, \u00e9 mais importante para o Avante formar coliga\u00e7\u00f5es. Entre as propostas est\u00e1 a de apresentar nomes a vice-prefeito em vez de lan\u00e7ar candidatura pr\u00f3pria. A decis\u00e3o final ser\u00e1 referendada na conven\u00e7\u00e3o municipal do Avante no dia 31 de julho. A dire\u00e7\u00e3o do partido destacou que j\u00e1 est\u00e3o em andamento negocia\u00e7\u00f5es com outras legendas, incluindo o Progressistas, que tem como pr\u00e9-candidato o ex-prefeito Paulo Mac Donald Ghisi, que governou Foz do Igua\u00e7u por dois mandatos.<\/p>\n\n\n\n<figure class=\"wp-block-image size-full is-resized\"><img loading=\"lazy\" decoding=\"async\" width=\"804\" height=\"288\" src=\"https:\/\/acontecenafronteira.com.br\/wp-content\/uploads\/2024\/06\/avante.png?v=1718383842\" alt=\"\" class=\"wp-image-18526\" style=\"width:917px;height:auto\" srcset=\"https:\/\/acontecenafronteira.com.br\/wp-content\/uploads\/2024\/06\/avante.png?v=1718383842 804w, https:\/\/acontecenafronteira.com.br\/wp-content\/uploads\/2024\/06\/avante-300x107.png?v=1718383842 300w, https:\/\/acontecenafronteira.com.br\/wp-content\/uploads\/2024\/06\/avante-768x275.png?v=1718383842 768w\" sizes=\"auto, (max-width: 804px) 100vw, 804px\" \/><\/figure>\n\n\n\n<p><strong>C\u00e2mara de Vereadores<\/strong><\/p>\n\n\n\n<p>Paralelamente \u00e0 decis\u00e3o sobre a coliga\u00e7\u00e3o, o Avante est\u00e1 focado em preparar uma chapa completa para disputar as cadeiras na C\u00e2mara de Vereadores. O partido busca renova\u00e7\u00e3o e, nesse sentido, todos os seus pr\u00e9-candidatos s\u00e3o novos na pol\u00edtica, sem hist\u00f3rico de cargos eletivos. Essa estrat\u00e9gia visa trazer novas ideias e abordagens para a gest\u00e3o municipal.<\/p>\n\n\n\n<p><strong>Cr\u00edticas e Propostas<\/strong><\/p>\n\n\n\n<p>Durante o encontro, houve um espa\u00e7o significativo para que todos os presentes apresentassem suas ideias e propostas. A dire\u00e7\u00e3o do Avante aproveitou para criticar a atual administra\u00e7\u00e3o municipal, principalmente na \u00e1rea da sa\u00fade.<\/p>\n\n\n\n<blockquote class=\"wp-block-quote is-layout-flow wp-block-quote-is-layout-flow\">\n<p> &#8220;<em>A cidade est\u00e1 abandonada e a sa\u00fade foi destru\u00edda. Precisamos resgatar os bons projetos de atendimento \u00e0 popula\u00e7\u00e3o, com rem\u00e9dios e o fim das longas filas para atendimento,&#8221; afirmaram os l\u00edderes do partido. <\/em><\/p>\n<\/blockquote>\n\n\n\n<p>Foram lembrados momentos em que Foz do Igua\u00e7u desfrutou de uma sa\u00fade de qualidade, com a constru\u00e7\u00e3o do hospital municipal, al\u00e9m de uma educa\u00e7\u00e3o que era refer\u00eancia no Brasil, projetos habitacionais, melhorias na infraestrutura urbana como asfaltamento, e crescimento econ\u00f4mico e tur\u00edstico.<\/p>\n\n\n\n<p><strong>Diretoria<\/strong><\/p>\n\n\n\n<p>A dire\u00e7\u00e3o do Avante em Foz do Igua\u00e7u \u00e9 composta pelo presidente Carlos Taborda, o vice-presidente T\u00e9rcio Albuquerque, o secret\u00e1rio geral Jos\u00e9 Raimundo, o 1\u00ba secret\u00e1rio Adilson Silva (licenciado) e a tesoureira Beti Brol. O advogado Cassio Luiz Gomes Lobato Machado tamb\u00e9m est\u00e1 filiado ao partido e \u00e9 outro nome forte nas elei\u00e7\u00f5es de outubro<\/p>\n\n\n\n<p><strong>Os pr\u00e9-candidatos do Avante em Foz do Igua\u00e7u s\u00e3o:<\/strong><\/p>\n\n\n\n<ol class=\"wp-block-list\">\n<li>Ad\u00e3o Cruz Da Silva<\/li>\n\n\n\n<li>Ana Solange Bies\u00e9k Demerterko<\/li>\n\n\n\n<li>Carlos Mendes Taborda<\/li>\n\n\n\n<li>D\u00e1rio Os\u00f3rio<\/li>\n\n\n\n<li>Giovanne Anzoategui Borges<\/li>\n\n\n\n<li>Hellen Candice Malinski Duarte<\/li>\n\n\n\n<li>Ivete Martines Da Silva Dos Santos<\/li>\n\n\n\n<li>Jean Soares Dos Santos<\/li>\n\n\n\n<li>Jos\u00e9 En\u00e9zio De Freitas<\/li>\n\n\n\n<li>Juliana Santos Daddio<\/li>\n\n\n\n<li>Leroy Thiago Baldus<\/li>\n\n\n\n<li>Lourdes Beti Brol<\/li>\n\n\n\n<li>Marcelo Da Silva<\/li>\n\n\n\n<li>Marcio Reis Daltro Barreto<\/li>\n\n\n\n<li>Maria Da Silva Macedo<\/li>\n\n\n\n<li>Matheus Ven\u00e2ncio De Oliveira<\/li>\n\n\n\n<li>Nelson Guilherme Trindade<\/li>\n\n\n\n<li>Nilso Raffagnin<\/li>\n\n\n\n<li>Rosane Antonia De Souza Fronza<\/li>\n\n\n\n<li>Thiago Josias Pinheiro Da Silva Fernandes<\/li>\n<\/ol>\n\n\n\n<p><strong>Expectativas para o futuro<br><\/strong>O Avante se compromete a trabalhar intensamente para garantir que suas propostas sejam bem recebidas pelos eleitores de Foz do Igua\u00e7u. <\/p>\n\n\n\n<blockquote class=\"wp-block-quote is-layout-flow wp-block-quote-is-layout-flow\">\n<p><em>&#8220;Nos do Avante estamos empenhados em buscar o que tem de melhor para os igua\u00e7uenses. Chega de tanta dor e tristeza,&#8221;<\/em> declarou a dire\u00e7\u00e3o do partido, refor\u00e7ando seu compromisso com a melhoria das condi\u00e7\u00f5es de vida na cidade.<\/p>\n<\/blockquote>\n\n\n\n<p><strong><em>Da Assessoria <\/em><\/strong><\/p>\n","protected":false},"excerpt":{"rendered":"<p>Pr\u00e9via do partido mostra que a maioria quer a coliga\u00e7\u00e3o na elei\u00e7\u00e3o majorit\u00e1ria, mas a decic\u00e3o final ser\u00e1 definida na conven\u00e7\u00e3o municipal do Avante no dia 31 de julho Nesta segunda-feira, dia 10 de junho, dia em que Foz do Igua\u00e7u celebrou seu 110\u00ba anivers\u00e1rio, o partido Avante (70) realizou uma importante reuni\u00e3o para definir [&hellip;]<\/p>\n","protected":false},"author":2,"featured_media":18526,"comment_status":"open","ping_status":"open","sticky":false,"template":"","format":"standard","meta":{"om_disable_all_campaigns":false,"_monsterinsights_skip_tracking":false,"_monsterinsights_sitenote_active":false,"_monsterinsights_sitenote_note":"","_monsterinsights_sitenote_category":0,"footnotes":""},"categories":[4,24,5],"tags":[],"class_list":["post-18523","post","type-post","status-publish","format-standard","has-post-thumbnail","hentry","category-cidade","category-eleicoes","category-policia"],"_links":{"self":[{"href":"https:\/\/acontecenafronteira.com.br\/index.php\/wp-json\/wp\/v2\/posts\/18523","targetHints":{"allow":["GET"]}}],"collection":[{"href":"https:\/\/acontecenafronteira.com.br\/index.php\/wp-json\/wp\/v2\/posts"}],"about":[{"href":"https:\/\/acontecenafronteira.com.br\/index.php\/wp-json\/wp\/v2\/types\/post"}],"author":[{"embeddable":true,"href":"https:\/\/acontecenafronteira.com.br\/index.php\/wp-json\/wp\/v2\/users\/2"}],"replies":[{"embeddable":true,"href":"https:\/\/acontecenafronteira.com.br\/index.php\/wp-json\/wp\/v2\/comments?post=18523"}],"version-history":[{"count":2,"href":"https:\/\/acontecenafronteira.com.br\/index.php\/wp-json\/wp\/v2\/posts\/18523\/revisions"}],"predecessor-version":[{"id":18528,"href":"https:\/\/acontecenafronteira.com.br\/index.php\/wp-json\/wp\/v2\/posts\/18523\/revisions\/18528"}],"wp:featuredmedia":[{"embeddable":true,"href":"https:\/\/acontecenafronteira.com.br\/index.php\/wp-json\/wp\/v2\/media\/18526"}],"wp:attachment":[{"href":"https:\/\/acontecenafronteira.com.br\/index.php\/wp-json\/wp\/v2\/media?parent=18523"}],"wp:term":[{"taxonomy":"category","embeddable":true,"href":"https:\/\/acontecenafronteira.com.br\/index.php\/wp-json\/wp\/v2\/categories?post=18523"},{"taxonomy":"post_tag","embeddable":true,"href":"https:\/\/acontecenafronteira.com.br\/index.php\/wp-json\/wp\/v2\/tags?post=18523"}],"curies":[{"name":"wp","href":"https:\/\/api.w.org\/{rel}","templated":true}]}}