{"id":18512,"date":"2024-06-13T17:49:09","date_gmt":"2024-06-13T20:49:09","guid":{"rendered":"https:\/\/acontecenafronteira.com.br\/?p=18512"},"modified":"2024-06-13T17:49:10","modified_gmt":"2024-06-13T20:49:10","slug":"foz-do-iguacu-participa-da-abertura-do-summit-iguassu-valley-latino-america","status":"publish","type":"post","link":"https:\/\/acontecenafronteira.com.br\/index.php\/2024\/06\/13\/foz-do-iguacu-participa-da-abertura-do-summit-iguassu-valley-latino-america\/","title":{"rendered":"Foz do Igua\u00e7u participa da abertura do Summit Iguassu Valley Latino Am\u00e9rica"},"content":{"rendered":"\n<p><strong><em>Evento de integra\u00e7\u00e3o de projetos desenvolvidos na Regi\u00e3o Trinacional e Latino Am\u00e9rica acontece nos dias 13 e 14 de junho<\/em><\/strong><\/p>\n\n\n\n<p>O Summit Iguassu Valley \u2013 Latino Am\u00e9rica teve in\u00edcio nesta quinta-feira (13) com a participa\u00e7\u00e3o da Prefeitura Municipal de Foz do Igua\u00e7u, representada pela Secret\u00e1ria da Fazenda Salete Horst. Este evento marca a segunda edi\u00e7\u00e3o realizada em Foz do Igua\u00e7u, destacando a cidade como um polo importante para a inova\u00e7\u00e3o e o desenvolvimento tecnol\u00f3gico na regi\u00e3o.<\/p>\n\n\n\n<blockquote class=\"wp-block-quote is-layout-flow wp-block-quote-is-layout-flow\">\n<p>&#8220;Em nome da gest\u00e3o municipal, afirmo que \u00e9 um orgulho ser sede e poder participar da abertura desse grande evento. N\u00f3s acreditamos no potencial existente na uni\u00e3o de bons projetos, de diferentes culturas e pa\u00edses, para a constru\u00e7\u00e3o de solu\u00e7\u00f5es nas \u00e1reas de governan\u00e7a, ambiental, tecnol\u00f3gica e turismo, com foco na gera\u00e7\u00e3o de emprego e qualidade de vida das pessoas&#8221;, disse Salete Horst.<\/p>\n<\/blockquote>\n\n\n\n<p>Summit Iguassu Valley \u00e9 um evento de integra\u00e7\u00e3o da Inova\u00e7\u00e3o com atores de outras \u00e1reas desenvolvendo a\u00e7\u00f5es conjuntas entre pa\u00edses que interagem para promover um ambiente favor\u00e1vel \u00e0 inova\u00e7\u00e3o e ao desenvolvimento da Regi\u00e3o Trinacional e Latino Am\u00e9rica.<\/p>\n\n\n\n<p>O evento iniciou com o lan\u00e7amento de programas da Funda\u00e7\u00e3o Arauc\u00e1ria, seguido por palestras, workshops e pain\u00e9is sobre intelig\u00eancia artificial, inova\u00e7\u00e3o educa\u00e7\u00e3o, ci\u00eancia e tecnologia, governan\u00e7a e inova\u00e7\u00e3o em startups, transi\u00e7\u00e3o energ\u00e9tica, rodada de conversa com o Sebrae dentre outras. A noite ser\u00e1 entregue a premia\u00e7\u00e3o Iguassu Valley.<\/p>\n\n\n\n<p>O evento encerra nesta sexta-feira (14). A palestra de abertura do \u00faltimo dia do Summit Iguassu Valley ser\u00e1 sobre &#8216;Turismo Regenerativo&#8217;, na sequ\u00eancia ser\u00e3o ministrados workshops, pain\u00e9is, rodas de conversa e palestras sobre inova\u00e7\u00e3o e leis de incentivo, startups e intelig\u00eancia artificial, finalizando a programa\u00e7\u00e3o com a palestra &#8220;Comunica\u00e7\u00e3o na era da inova\u00e7\u00e3o tecnol\u00f3gica&#8217;.<\/p>\n","protected":false},"excerpt":{"rendered":"<p>Evento de integra\u00e7\u00e3o de projetos desenvolvidos na Regi\u00e3o Trinacional e Latino Am\u00e9rica acontece nos dias 13 e 14 de junho O Summit Iguassu Valley \u2013 Latino Am\u00e9rica teve in\u00edcio nesta quinta-feira (13) com a participa\u00e7\u00e3o da Prefeitura Municipal de Foz do Igua\u00e7u, representada pela Secret\u00e1ria da Fazenda Salete Horst. Este evento marca a segunda edi\u00e7\u00e3o [&hellip;]<\/p>\n","protected":false},"author":2,"featured_media":18513,"comment_status":"open","ping_status":"open","sticky":false,"template":"","format":"standard","meta":{"om_disable_all_campaigns":false,"_monsterinsights_skip_tracking":false,"_monsterinsights_sitenote_active":false,"_monsterinsights_sitenote_note":"","_monsterinsights_sitenote_category":0,"footnotes":""},"categories":[4],"tags":[],"class_list":["post-18512","post","type-post","status-publish","format-standard","has-post-thumbnail","hentry","category-cidade"],"_links":{"self":[{"href":"https:\/\/acontecenafronteira.com.br\/index.php\/wp-json\/wp\/v2\/posts\/18512","targetHints":{"allow":["GET"]}}],"collection":[{"href":"https:\/\/acontecenafronteira.com.br\/index.php\/wp-json\/wp\/v2\/posts"}],"about":[{"href":"https:\/\/acontecenafronteira.com.br\/index.php\/wp-json\/wp\/v2\/types\/post"}],"author":[{"embeddable":true,"href":"https:\/\/acontecenafronteira.com.br\/index.php\/wp-json\/wp\/v2\/users\/2"}],"replies":[{"embeddable":true,"href":"https:\/\/acontecenafronteira.com.br\/index.php\/wp-json\/wp\/v2\/comments?post=18512"}],"version-history":[{"count":1,"href":"https:\/\/acontecenafronteira.com.br\/index.php\/wp-json\/wp\/v2\/posts\/18512\/revisions"}],"predecessor-version":[{"id":18514,"href":"https:\/\/acontecenafronteira.com.br\/index.php\/wp-json\/wp\/v2\/posts\/18512\/revisions\/18514"}],"wp:featuredmedia":[{"embeddable":true,"href":"https:\/\/acontecenafronteira.com.br\/index.php\/wp-json\/wp\/v2\/media\/18513"}],"wp:attachment":[{"href":"https:\/\/acontecenafronteira.com.br\/index.php\/wp-json\/wp\/v2\/media?parent=18512"}],"wp:term":[{"taxonomy":"category","embeddable":true,"href":"https:\/\/acontecenafronteira.com.br\/index.php\/wp-json\/wp\/v2\/categories?post=18512"},{"taxonomy":"post_tag","embeddable":true,"href":"https:\/\/acontecenafronteira.com.br\/index.php\/wp-json\/wp\/v2\/tags?post=18512"}],"curies":[{"name":"wp","href":"https:\/\/api.w.org\/{rel}","templated":true}]}}