{"id":18477,"date":"2024-06-08T20:08:57","date_gmt":"2024-06-08T23:08:57","guid":{"rendered":"https:\/\/acontecenafronteira.com.br\/?p=18477"},"modified":"2024-06-08T20:08:57","modified_gmt":"2024-06-08T23:08:57","slug":"instituicoes-sociais-de-28-municipios-recebem-premios-de-r-5-mil-do-nota-parana","status":"publish","type":"post","link":"https:\/\/acontecenafronteira.com.br\/index.php\/2024\/06\/08\/instituicoes-sociais-de-28-municipios-recebem-premios-de-r-5-mil-do-nota-parana\/","title":{"rendered":"Institui\u00e7\u00f5es sociais de 28 munic\u00edpios recebem pr\u00eamios de R$ 5 mil do Nota Paran\u00e1"},"content":{"rendered":"\n<p><strong><em>O Nota Paran\u00e1, programa de conscientiza\u00e7\u00e3o fiscal coordenado pela Secretaria de Estado da Fazenda, distribuiu 40 pr\u00eamios de R$ 5 mil a entidades sociais de 28 munic\u00edpios no sorteio desta quinta-feira (6).<\/em><\/strong><\/p>\n\n\n\n<p>Foram premiadas institui\u00e7\u00f5es dos seguintes munic\u00edpios: Alvorada do Sul, Arauc\u00e1ria, Astorga, Barbosa Ferraz, Bocai\u00fava do Sul, Cafel\u00e2ndia, Campo Largo, Campo Mour\u00e3o, Colombo, Cruzeiro do Oeste, Curitiba, Foz do Igua\u00e7u, Francisco Beltr\u00e3o, Guarapuava, Guaratuba, Ibipor\u00e3, Irati, Ivaipor\u00e3, Jacarezinho, Jandaia do Sul, Londrina, Maring\u00e1, Pato Branco, Paulo Frontin, Ponta Grossa, Santo Ant\u00f4nio da Platina, Toledo e Ubirat\u00e3.<\/p>\n\n\n\n<p>Ao todo, 1.706 institui\u00e7\u00f5es que atuam nas \u00e1reas de assist\u00eancia social, educa\u00e7\u00e3o, sa\u00fade e gera\u00e7\u00e3o de emprego concorreram aos pr\u00eamios neste m\u00eas. As organiza\u00e7\u00f5es cadastradas recebem ao menos R$ 100 a cada edi\u00e7\u00e3o do programa.<\/p>\n\n\n\n<p><strong>COMO DOAR<\/strong>&nbsp;\u2013 Para ajudar as institui\u00e7\u00f5es, o consumidor pode doar as notas fiscais das suas compras. Assim, tanto os cr\u00e9ditos de ICMS como bilhetes para concorrer aos sorteios s\u00e3o direcionados para a entidade. Se quiser, o consumidor pode vincular o seu&nbsp;<strong><a href=\"https:\/\/www.aen.pr.gov.br\/Noticia\/Nota-Parana-consumidores-podem-doar-notas-fiscais-entidades-de-forma-automatica\" target=\"_blank\" rel=\"noreferrer noopener\">CPF ao CNPJ<\/a><\/strong>&nbsp;de uma institui\u00e7\u00e3o social espec\u00edfica para que a transfer\u00eancia dos cr\u00e9ditos seja feita de forma autom\u00e1tica.<\/p>\n\n\n\n<p>H\u00e1 tr\u00eas outras formas de efetivar a doa\u00e7\u00e3o: por meio da aba \u201cMinhas Doa\u00e7\u00f5es\u201d&nbsp;do&nbsp;<strong><a href=\"https:\/\/www.notaparana.pr.gov.br\/\" target=\"_blank\" rel=\"noreferrer noopener\">site do Nota Paran\u00e1<\/a><\/strong>, na qual \u00e9 necess\u00e1rio inserir CPF, senha e a chave de acesso da nota fiscal; pelo aplicativo do Nota Paran\u00e1, dispon\u00edvel para&nbsp;<strong><a href=\"https:\/\/play.google.com\/store\/apps\/details?id=br.gov.pr.celepar.sefa.nfparana&amp;hl=pt_BR&amp;gl=US\" target=\"_blank\" rel=\"noreferrer noopener\">Android<\/a><\/strong>&nbsp;e&nbsp;<strong><a href=\"https:\/\/apps.apple.com\/br\/app\/nota-paran%C3%A1\/id1042090067\" target=\"_blank\" rel=\"noreferrer noopener\">iOS<\/a><\/strong>, em que \u00e9 preciso escolher a op\u00e7\u00e3o \u201cDoa\u00e7\u00f5es\u201d, buscar a entidade desejada e ler o QR Code da nota fiscal; e, por fim, a nota fiscal pode ser depositada em urnas disponibilizadas pelas entidades nos estabelecimentos comerciais do Estado.<\/p>\n\n\n\n<p><strong>COMO PARTICIPAR<\/strong>&nbsp;\u2013 Participar do Nota Paran\u00e1 \u00e9 simples: ao fazer compras nos estabelecimentos comerciais do Estado, os consumidores cadastrados devem solicitar a inclus\u00e3o do CPF na nota fiscal. A pr\u00e1tica possibilita o ac\u00famulo de cr\u00e9ditos que podem ser transferidos para a conta banc\u00e1ria do participante ou utilizados para abater valores do Imposto sobre a Propriedade de Ve\u00edculos Automotores (IPVA). Cada nota fiscal com CPF inserido gera bilhetes para concorrer nos sorteios mensais.<\/p>\n\n\n\n<p>Para se cadastrar, basta acessar o site&nbsp;<strong><a href=\"https:\/\/www.notaparana.pr.gov.br\/\" target=\"_blank\" rel=\"noreferrer noopener\">www.notaparana.pr.gov.br<\/a><\/strong>, clicar na op\u00e7\u00e3o \u201ccadastre-se\u201d e preencher a ficha com os dados pessoais, como CPF, data de nascimento, nome completo, CEP e endere\u00e7o, para cria\u00e7\u00e3o da senha pessoal.<\/p>\n\n\n\n<p><strong>Confira a lista completa das organiza\u00e7\u00f5es sorteadas:<\/strong><\/p>\n\n\n\n<p><strong>Alvorada do Sul<\/strong><\/p>\n\n\n\n<p>Associa\u00e7\u00e3o de Pais e Amigos dos Excepcionais de Alvorada do Sul<\/p>\n\n\n\n<p><strong>Arauc\u00e1ria<\/strong><\/p>\n\n\n\n<p>Reencontro Apoio a Ado\u00e7\u00e3o Consciente (sorteada duas vezes)<\/p>\n\n\n\n<p><strong>Astorga<\/strong><\/p>\n\n\n\n<p>Rede de Combate ao C\u00e2ncer<\/p>\n\n\n\n<p><strong>Barbosa Ferraz<\/strong><\/p>\n\n\n\n<p>Associa\u00e7\u00e3o de Pais e Amigos dos Excepcionais de Barbosa Ferraz<\/p>\n\n\n\n<p><strong>Bocaiuva do Sul<\/strong><\/p>\n\n\n\n<p>Centro Terap\u00eautico Hadash (sorteada duas vezes)<\/p>\n\n\n\n<p><strong>Cafel\u00e2ndia<\/strong><\/p>\n\n\n\n<p>Funda\u00e7\u00e3o Educacional Pe. Luis Luise<\/p>\n\n\n\n<p><strong>Campo Largo<\/strong><\/p>\n\n\n\n<p>Associa\u00e7\u00e3o Amor Viral<\/p>\n\n\n\n<p><strong>Campo Mour\u00e3o<\/strong><\/p>\n\n\n\n<p>Associa\u00e7\u00e3o de Pais e Amigos dos Excepcionais<\/p>\n\n\n\n<p><strong>Colombo<\/strong><\/p>\n\n\n\n<p>Instituto Olhar Solid\u00e1rio<\/p>\n\n\n\n<p><strong>Cruzeiro do Oeste<\/strong><\/p>\n\n\n\n<p>Associa\u00e7\u00e3o de Pais e Amigos dos Excepcionais<\/p>\n\n\n\n<p><strong>Curitiba<\/strong><\/p>\n\n\n\n<p>Associa\u00e7\u00e3o Anussim Brasil<\/p>\n\n\n\n<p>Centro de Transforma\u00e7\u00e3o Social Vida Nova<\/p>\n\n\n\n<p>Universidade Livre do Esporte do Paran\u00e1<\/p>\n\n\n\n<p>Prov. Bras. da Congrega\u00e7\u00e3o Irm\u00e3s Filhas Car. S\u00e3o Vicente Paulo<\/p>\n\n\n\n<p>Cruz Vermelha Brasileira &#8211; Filial do Estado do Paran\u00e1<\/p>\n\n\n\n<p><strong>Foz do Igua\u00e7u<\/strong><\/p>\n\n\n\n<p>Apasfi &#8211; Associa\u00e7\u00e3o de Pais e Amigos dos Surdos de Foz<\/p>\n\n\n\n<p><strong>Francisco Beltr\u00e3o<\/strong><\/p>\n\n\n\n<p>Associa\u00e7\u00e3o Casa de Apoio Irm\u00e3o Cirilo<\/p>\n\n\n\n<p><strong>Guarapuava<\/strong><\/p>\n\n\n\n<p>Albergue Noturno Frederico Ozanam<\/p>\n\n\n\n<p><strong>Guaratuba<\/strong><\/p>\n\n\n\n<p>Associa\u00e7\u00e3o de Pais, Amigos e Deficientes Visuais de Guaratuba e de Outras Deficiencias<\/p>\n\n\n\n<p><strong>Ibipor\u00e3<\/strong><\/p>\n\n\n\n<p>Lar padre Leone<\/p>\n\n\n\n<p><strong>Irati<\/strong><\/p>\n\n\n\n<p>Liga Paranaense de Combate ao C\u00e2ncer<\/p>\n\n\n\n<p><strong>Ivaipor\u00e3<\/strong><\/p>\n\n\n\n<p>Sociedade Protetora dos Animais de Ivaipor\u00e3<\/p>\n\n\n\n<p><strong>Jacarezinho<\/strong><\/p>\n\n\n\n<p>Associa\u00e7\u00e3o Casa de Apoio Estrela da Manh\u00e3<\/p>\n\n\n\n<p><strong>Jandaia do Sul<\/strong><\/p>\n\n\n\n<p>Liga das Damas de Caridade<\/p>\n\n\n\n<p><strong>Londrina<\/strong><\/p>\n\n\n\n<p>Organiza\u00e7\u00e3o Viver<\/p>\n\n\n\n<p>Associa\u00e7\u00e3o Mission\u00e1rio Voz que Clama<\/p>\n\n\n\n<p><strong>Maring\u00e1<\/strong><\/p>\n\n\n\n<p>Instituto de Capacita\u00e7\u00e3o e Integra\u00e7\u00e3o Social<\/p>\n\n\n\n<p>Associa\u00e7\u00e3o Maring\u00e1 Apoiando a Recupera\u00e7\u00e3o de Vidas &#8211; MAREV (sorteada duas vezes)<\/p>\n\n\n\n<p>Associa\u00e7\u00e3o Cultural e Beneficente Nossa Senhora de Si\u00e3o<\/p>\n\n\n\n<p><strong>Pato Branco<\/strong><\/p>\n\n\n\n<p>Remanso da Pedreira<\/p>\n\n\n\n<p><strong>Paulo Frontin<\/strong><\/p>\n\n\n\n<p>Associa\u00e7\u00e3o dos Pais e Amigos dos Excepcionais de Paulo Frontin<\/p>\n\n\n\n<p><strong>Ponta Grossa<\/strong><\/p>\n\n\n\n<p>Associa\u00e7\u00e3o de Amigos da Crian\u00e7a da Diocese de Ponta Grossa (sorteada tr\u00eas vezes)<\/p>\n\n\n\n<p><strong>Santo Ant\u00f4nio da Platina<\/strong><\/p>\n\n\n\n<p>Casa da Crian\u00e7a Recanto Feliz<\/p>\n\n\n\n<p><strong>Toledo<\/strong><\/p>\n\n\n\n<p>Prov. Bras. da Congrega\u00e7\u00e3o Irm\u00e3s Filhas Car. S\u00e3o Vicente Paulo<\/p>\n\n\n\n<p><strong>Ubirat\u00e3<\/strong><\/p>\n\n\n\n<p>Servi\u00e7o de Obras Sociais &#8211; C\u00edcero Nuto Figueiredo.<\/p>\n\n\n\n<p>Foto: Divulga\u00e7\u00e3o<\/p>\n","protected":false},"excerpt":{"rendered":"<p>O Nota Paran\u00e1, programa de conscientiza\u00e7\u00e3o fiscal coordenado pela Secretaria de Estado da Fazenda, distribuiu 40 pr\u00eamios de R$ 5 mil a entidades sociais de 28 munic\u00edpios no sorteio desta quinta-feira (6). Foram premiadas institui\u00e7\u00f5es dos seguintes munic\u00edpios: Alvorada do Sul, Arauc\u00e1ria, Astorga, Barbosa Ferraz, Bocai\u00fava do Sul, Cafel\u00e2ndia, Campo Largo, Campo Mour\u00e3o, Colombo, Cruzeiro [&hellip;]<\/p>\n","protected":false},"author":2,"featured_media":18478,"comment_status":"open","ping_status":"open","sticky":false,"template":"","format":"standard","meta":{"om_disable_all_campaigns":false,"_monsterinsights_skip_tracking":false,"_monsterinsights_sitenote_active":false,"_monsterinsights_sitenote_note":"","_monsterinsights_sitenote_category":0,"footnotes":""},"categories":[18],"tags":[],"class_list":["post-18477","post","type-post","status-publish","format-standard","has-post-thumbnail","hentry","category-parana"],"_links":{"self":[{"href":"https:\/\/acontecenafronteira.com.br\/index.php\/wp-json\/wp\/v2\/posts\/18477","targetHints":{"allow":["GET"]}}],"collection":[{"href":"https:\/\/acontecenafronteira.com.br\/index.php\/wp-json\/wp\/v2\/posts"}],"about":[{"href":"https:\/\/acontecenafronteira.com.br\/index.php\/wp-json\/wp\/v2\/types\/post"}],"author":[{"embeddable":true,"href":"https:\/\/acontecenafronteira.com.br\/index.php\/wp-json\/wp\/v2\/users\/2"}],"replies":[{"embeddable":true,"href":"https:\/\/acontecenafronteira.com.br\/index.php\/wp-json\/wp\/v2\/comments?post=18477"}],"version-history":[{"count":1,"href":"https:\/\/acontecenafronteira.com.br\/index.php\/wp-json\/wp\/v2\/posts\/18477\/revisions"}],"predecessor-version":[{"id":18479,"href":"https:\/\/acontecenafronteira.com.br\/index.php\/wp-json\/wp\/v2\/posts\/18477\/revisions\/18479"}],"wp:featuredmedia":[{"embeddable":true,"href":"https:\/\/acontecenafronteira.com.br\/index.php\/wp-json\/wp\/v2\/media\/18478"}],"wp:attachment":[{"href":"https:\/\/acontecenafronteira.com.br\/index.php\/wp-json\/wp\/v2\/media?parent=18477"}],"wp:term":[{"taxonomy":"category","embeddable":true,"href":"https:\/\/acontecenafronteira.com.br\/index.php\/wp-json\/wp\/v2\/categories?post=18477"},{"taxonomy":"post_tag","embeddable":true,"href":"https:\/\/acontecenafronteira.com.br\/index.php\/wp-json\/wp\/v2\/tags?post=18477"}],"curies":[{"name":"wp","href":"https:\/\/api.w.org\/{rel}","templated":true}]}}