{"id":18471,"date":"2024-06-08T20:06:08","date_gmt":"2024-06-08T23:06:08","guid":{"rendered":"https:\/\/acontecenafronteira.com.br\/?p=18471"},"modified":"2024-06-08T20:06:08","modified_gmt":"2024-06-08T23:06:08","slug":"sanepar-ensina-criancas-a-importancia-de-preservar-rios-e-a-natureza-em-ponta-grossa","status":"publish","type":"post","link":"https:\/\/acontecenafronteira.com.br\/index.php\/2024\/06\/08\/sanepar-ensina-criancas-a-importancia-de-preservar-rios-e-a-natureza-em-ponta-grossa\/","title":{"rendered":"Sanepar ensina crian\u00e7as a import\u00e2ncia de preservar rios e a natureza, em Ponta Grossa"},"content":{"rendered":"\n<p><strong><em>Um dos cart\u00f5es postais da cidade de Ponta Grossa, o Lago de Olarias recebeu, nesta sexta-feira (7), a visita de observadores atentos. Alunos do 6\u00ba ano do Col\u00e9gio Estadual Maestro Bento Mossurunga, participaram de atividade do programa \u201cSustentabilidade, da Escola ao Rio\u201d, promovida pela Sanepar, na programa\u00e7\u00e3o da Semana de Meio Ambiente.<\/em><\/strong><\/p>\n\n\n\n<p>Orientados pela equipe de educa\u00e7\u00e3o socioambiental da Sanepar, o grupo realizou a coleta de amostras e an\u00e1lise de par\u00e2metros f\u00edsicos, qu\u00edmicos e microbiol\u00f3gicos da \u00e1gua, por meio de um kit did\u00e1tico de monitoramento da qualidade. Pelas rea\u00e7\u00f5es colorim\u00e9tricas, puderam observar os impactos que os usos e ocupa\u00e7\u00f5es na \u00e1rea da bacia do rio Olarias podem causar na qualidade da \u00e1gua do lago.<\/p>\n\n\n\n<blockquote class=\"wp-block-quote is-layout-flow wp-block-quote-is-layout-flow\">\n<p>\u201cFoi um monitoramento pontual, com cunho did\u00e1tico, de educa\u00e7\u00e3o ambiental, para apresentar aos alunos a import\u00e2ncia do monitoramento dos rios urbanos\u201d, explica a gestora de educa\u00e7\u00e3o socioambiental da Sanepar, Luciana Garcia, que realizou a atividade em parceria com a gestora Crislaine Mendes.<\/p>\n<\/blockquote>\n\n\n\n<p><strong>PERCEP\u00c7\u00c3O<\/strong>&nbsp;&#8211; O programa visa a contribuir para a percep\u00e7\u00e3o e a compreens\u00e3o da comunidade sobre a influ\u00eancia de seus h\u00e1bitos na qualidade dos rios, e como cada cidad\u00e3o pode contribuir para melhorar essa qualidade. Para isso, os estudantes s\u00e3o incentivados a refletir sobre a destina\u00e7\u00e3o correta dos res\u00edduos e do esgoto em toda a \u00e1rea da bacia hidrogr\u00e1fica, a ocupa\u00e7\u00e3o do solo, a preserva\u00e7\u00e3o de nascentes e matas ciliares, entre outros aspectos.<\/p>\n\n\n\n<p>A estudante Ana Clara Dobrovolski, de 11 anos, diz que aprendeu muito com a experi\u00eancia. \u201cPor conta da polui\u00e7\u00e3o, a \u00e1gua \u00e0s vezes fica diferente, com microorganismos, ent\u00e3o temos que tomar cuidado e fazer a nossa parte, preservando o meio ambiente, n\u00e3o jogando lixo na rua, que podem ir parar em rios e lagos\u201d.<\/p>\n\n\n\n<p>A pedagoga Karla Leal Oliveira tamb\u00e9m destacou a import\u00e2ncia da atividade para os alunos do Col\u00e9gio Estadual Maestro Bento Mossurunga, que fazem parte da comunidade do entorno do Lago de Olarias. \u201c\u00c9 sempre muito importante este tipo de atividade para que eles compreendam o que est\u00e1 \u00e0 sua volta, e saibam algo a mais de preserva\u00e7\u00e3o, especialmente nesta Semana do Meio Ambiente, em que levar\u00e3o pra casa esse aprendizado\u201d, diz.<\/p>\n\n\n\n<p>O programa Sustentabilidade, da Escola ao Rio, est\u00e1 em andamento em v\u00e1rias cidades paranaenses. Na regi\u00e3o, est\u00e1 em desenvolvimento em Tel\u00eamaco Borba e Bituruna. No pr\u00f3ximo semestre, tamb\u00e9m deve iniciar em Porto Uni\u00e3o, Imbituva e Ponta Grossa, em paralelo \u00e0s obras de amplia\u00e7\u00e3o de sistemas de \u00e1gua e esgoto nesses munic\u00edpios.<\/p>\n\n\n\n<p>Foto: Sanepar<\/p>\n","protected":false},"excerpt":{"rendered":"<p>Um dos cart\u00f5es postais da cidade de Ponta Grossa, o Lago de Olarias recebeu, nesta sexta-feira (7), a visita de observadores atentos. Alunos do 6\u00ba ano do Col\u00e9gio Estadual Maestro Bento Mossurunga, participaram de atividade do programa \u201cSustentabilidade, da Escola ao Rio\u201d, promovida pela Sanepar, na programa\u00e7\u00e3o da Semana de Meio Ambiente. Orientados pela equipe [&hellip;]<\/p>\n","protected":false},"author":2,"featured_media":18472,"comment_status":"open","ping_status":"open","sticky":false,"template":"","format":"standard","meta":{"om_disable_all_campaigns":false,"_monsterinsights_skip_tracking":false,"_monsterinsights_sitenote_active":false,"_monsterinsights_sitenote_note":"","_monsterinsights_sitenote_category":0,"footnotes":""},"categories":[8,18],"tags":[],"class_list":["post-18471","post","type-post","status-publish","format-standard","has-post-thumbnail","hentry","category-educaca0","category-parana"],"_links":{"self":[{"href":"https:\/\/acontecenafronteira.com.br\/index.php\/wp-json\/wp\/v2\/posts\/18471","targetHints":{"allow":["GET"]}}],"collection":[{"href":"https:\/\/acontecenafronteira.com.br\/index.php\/wp-json\/wp\/v2\/posts"}],"about":[{"href":"https:\/\/acontecenafronteira.com.br\/index.php\/wp-json\/wp\/v2\/types\/post"}],"author":[{"embeddable":true,"href":"https:\/\/acontecenafronteira.com.br\/index.php\/wp-json\/wp\/v2\/users\/2"}],"replies":[{"embeddable":true,"href":"https:\/\/acontecenafronteira.com.br\/index.php\/wp-json\/wp\/v2\/comments?post=18471"}],"version-history":[{"count":1,"href":"https:\/\/acontecenafronteira.com.br\/index.php\/wp-json\/wp\/v2\/posts\/18471\/revisions"}],"predecessor-version":[{"id":18473,"href":"https:\/\/acontecenafronteira.com.br\/index.php\/wp-json\/wp\/v2\/posts\/18471\/revisions\/18473"}],"wp:featuredmedia":[{"embeddable":true,"href":"https:\/\/acontecenafronteira.com.br\/index.php\/wp-json\/wp\/v2\/media\/18472"}],"wp:attachment":[{"href":"https:\/\/acontecenafronteira.com.br\/index.php\/wp-json\/wp\/v2\/media?parent=18471"}],"wp:term":[{"taxonomy":"category","embeddable":true,"href":"https:\/\/acontecenafronteira.com.br\/index.php\/wp-json\/wp\/v2\/categories?post=18471"},{"taxonomy":"post_tag","embeddable":true,"href":"https:\/\/acontecenafronteira.com.br\/index.php\/wp-json\/wp\/v2\/tags?post=18471"}],"curies":[{"name":"wp","href":"https:\/\/api.w.org\/{rel}","templated":true}]}}