{"id":18430,"date":"2024-06-03T23:52:29","date_gmt":"2024-06-04T02:52:29","guid":{"rendered":"https:\/\/acontecenafronteira.com.br\/?p=18430"},"modified":"2024-06-03T23:52:30","modified_gmt":"2024-06-04T02:52:30","slug":"governador-entrega-39-veiculos-e-libera-r-117-milhoes-para-helicopteros-e-blindados-da-pm","status":"publish","type":"post","link":"https:\/\/acontecenafronteira.com.br\/index.php\/2024\/06\/03\/governador-entrega-39-veiculos-e-libera-r-117-milhoes-para-helicopteros-e-blindados-da-pm\/","title":{"rendered":"Governador entrega 39 ve\u00edculos e libera R$ 117 milh\u00f5es para helic\u00f3pteros e blindados da PM"},"content":{"rendered":"\n<p><em><strong>O governador Carlos Massa Ratinho Junior entregou nesta segunda-feira (3) 39 novos ve\u00edculos para refor\u00e7ar os trabalhos do Corpo de Bombeiros do Paran\u00e1. S\u00e3o caminh\u00f5es, ambul\u00e2ncias, viaturas e equipamentos que ser\u00e3o usados nas a\u00e7\u00f5es de preven\u00e7\u00e3o e de atendimento da corpora\u00e7\u00e3o. Tamb\u00e9m foi entregue uma embarca\u00e7\u00e3o militar blindada para a Pol\u00edcia Militar, para atuar na costa do Estado. Os equipamentos e ve\u00edculos somam um investimento de R$ 30,5 milh\u00f5es em seguran\u00e7a, com apoio de emendar parlamentares.<\/strong><\/em><\/p>\n\n\n\n<p>Al\u00e9m disso, o governador anunciou mais R$ 117 milh\u00f5es em investimentos em ve\u00edculos e na estrutura das for\u00e7as de seguran\u00e7a, como helic\u00f3pteros e ve\u00edculos blindados. \u201cEssa \u00e9 a maior moderniza\u00e7\u00e3o da hist\u00f3ria da seguran\u00e7a do Paran\u00e1. Estamos investindo em tecnologia, equipamentos, armamentos, treinamento e estrutura para que os bombeiros e policiais do Estado possam ter as melhores condi\u00e7\u00f5es para trabalhar e, consequentemente, prestar o melhor servi\u00e7o poss\u00edvel \u00e0 popula\u00e7\u00e3o\u201d, afirmou Ratinho Junior.<\/p>\n\n\n\n<p>Os investimentos integram uma pol\u00edtica de valoriza\u00e7\u00e3o da seguran\u00e7a p\u00fablica no Estado do Paran\u00e1, cujo or\u00e7amento mais do que dobrou em cinco anos. \u201cEm 2019, os recursos para a \u00e1rea eram de cerca de R$ 2,8 bilh\u00f5es. Em 2023, com aumento nos investimentos, o or\u00e7amento da seguran\u00e7a foi de R$ 6,5 bilh\u00f5es. Isso \u00e9 feito para garantir que o Corpo de Bombeiros, por exemplo, possa atuar preventivamente com mais qualidade ou que os policiais consigam combater a criminalidade com mais efici\u00eancia, dando mais seguran\u00e7a \u00e0s pessoas em todo o Estado\u201d, disse o governador.<\/p>\n\n\n\n<p>De acordo com o secret\u00e1rio de Seguran\u00e7a P\u00fablica, Hudson Teixeira, a moderniza\u00e7\u00e3o das for\u00e7as de seguran\u00e7a t\u00eam um impacto direto para os cidad\u00e3os. \u201cO Paran\u00e1 vem registrando recordes hist\u00f3ricos, com os menores \u00edndices de criminalidade dos \u00faltimos anos. Isso se d\u00e1 gra\u00e7as ao empenho dos nossos policiais, bem como por conta do aumento nos investimentos em equipamentos e tecnologia\u201d, disse.<\/p>\n\n\n\n<p>Na compara\u00e7\u00e3o entre os quatro primeiros meses de 2024 com o mesmo per\u00edodo de 2023, o Paran\u00e1 registrou uma queda de 12,6% no n\u00famero de homic\u00eddios, caindo de 675 ocorr\u00eancias para 590. Nos roubos, a redu\u00e7\u00e3o foi de 25,8%, saindo de 8.837 registros de janeiro a abril de 2023 para 6.559 em 2024. J\u00e1 na apreens\u00e3o de drogas, o aumento foi de 15,2%, com 90,3 toneladas apreendidas neste ano e 78,4 toneladas apreendidas no mesmo per\u00edodo do ano passado.<\/p>\n\n\n\n<p><strong>TECNOLOGIA&nbsp;<\/strong>\u2013 Entre os ve\u00edculos e equipamentos entregues nesta segunda-feira, est\u00e3o 15 ambul\u00e2ncias de \u00faltima gera\u00e7\u00e3o para o Siate, que permitem o atendimento a duas v\u00edtimas simultaneamente e integradas em tempo real com os hospitais e unidades de sa\u00fade. Elas v\u00e3o atender os munic\u00edpios de Curitiba, Maring\u00e1, Bandeirantes, Rio Negro, Arauc\u00e1ria, Laranjeiras do Sul, Fazenda Rio Grande, Cianorte, Toledo e Cascavel. O investimento nestes ve\u00edculos foi de R$ 7,4 milh\u00f5es.<\/p>\n\n\n\n<p>O governador entregou tamb\u00e9m oito caminh\u00f5es ABTR&#8217;s (Auto Bomba Tanque Resgate), que somados totalizam um investimento de R$ 10 milh\u00f5es. Eles ser\u00e3o usados para o combate a inc\u00eandios ou para salvamentos em Curitiba, Jaguaria\u00edva, Morretes, Pontal do Paran\u00e1, Campina Grande do Sul, Gua\u00edra e Ivaipor\u00e3.<\/p>\n\n\n\n<p>Outros 16 ve\u00edculos leves foram entregues para que os bombeiros reforcem os trabalhos de fiscaliza\u00e7\u00e3o e preven\u00e7\u00e3o. O aluguel dos carros \u00e9 fruto de um investimento de R$ 3,6 milh\u00f5es em 30 meses de servi\u00e7o. Eles ser\u00e3o usados em Curitiba, S\u00e3o Jos\u00e9 dos Pinhais, Colombo, Paranagu\u00e1, Matinhos, Guaratuba, Ponta Grossa, Guarapuava, Ivaipor\u00e3, Santo Ant\u00f4nio da Platina, Cianorte, Paranava\u00ed e Irati.<\/p>\n\n\n\n<blockquote class=\"wp-block-quote is-layout-flow wp-block-quote-is-layout-flow\">\n<p>\u201cA renova\u00e7\u00e3o das frotas \u00e9 muito importante para melhorar o atendimento dos bombeiros. S\u00e3o ve\u00edculos que v\u00eam com tecnologia de ponta embarcada. Eles ajudam tanto para que possamos fazer mais vistorias e prevenir ocorr\u00eancias, como para atender qualquer caso com mais agilidade\u201d, afirmou o comandante-geral do Corpo de Bombeiros, coronel Manoel Vasco de Figueiredo Junior.<\/p>\n<\/blockquote>\n\n\n\n<p>Ainda foram entregues mil equipamentos de prote\u00e7\u00e3o individual (EPI) para o Corpo de Bombeiros, como capacetes, luvas e macac\u00f5es, e uma embarca\u00e7\u00e3o militar blindada para a Pol\u00edcia Militar do Paran\u00e1 (PMPR), que ser\u00e1 usada em Paranagu\u00e1.<\/p>\n\n\n\n<p><strong>NOVOS INVESTIMENTOS<\/strong>&nbsp;\u2013 Al\u00e9m dos equipamentos e ve\u00edculos que passam a ser usados imediatamente pelas for\u00e7as de seguran\u00e7a, o governador anunciou a libera\u00e7\u00e3o de R$ 117 milh\u00f5es em investimentos. Os recursos preveem a compra de tr\u00eas helic\u00f3pteros modelo Robinson 66, seis ve\u00edculos blindados e uma nova embarca\u00e7\u00e3o blindada para as pol\u00edcias do Paran\u00e1.<\/p>\n\n\n\n<p>O investimento tamb\u00e9m contempla outros 15 caminh\u00f5es ABTR que ser\u00e3o usados em Curitiba, Rio Negro, Fazenda Rio Grande, Campo Largo, Londrina, Paranagu\u00e1, Maring\u00e1, Ponta Grossa, Foz do Igua\u00e7u, Cascavel, Palmas, Gua\u00edra, Alt\u00f4nia, Campina Grande do Sul e Santa Helena.<\/p>\n\n\n\n<p>O pacote tamb\u00e9m conta com investimentos em estrutura para as for\u00e7as de seguran\u00e7a. Do total, R$ 39 milh\u00f5es ser\u00e3o aplicados na constru\u00e7\u00e3o do Centro de Treinamento do Guatup\u00ea, em S\u00e3o Jos\u00e9 dos Pinhais, e R$ 15,2 milh\u00f5es para a aquisi\u00e7\u00e3o de dois laborat\u00f3rios de qu\u00edmica forense, em Maring\u00e1 e Cascavel.<\/p>\n\n\n\n<p><strong>PRESEN\u00c7AS&nbsp;<\/strong>\u2013 Tamb\u00e9m estiveram presentes na entrega os secret\u00e1rios do Planejamento, Guto Silva; da Sa\u00fade, Beto Preto; e da Comunica\u00e7\u00e3o, Cl\u00e9ber Mata; o chefe da Casa Militar, tenente-coronel Marcos Antonio Tordoro; o comandante-geral da Pol\u00edcia Militar do Paran\u00e1, coronel Jefferson Silva; o delegado-geral da Pol\u00edcia Civil do Paran\u00e1, Silvio Jacob Rockembach; o diretor-geral da Pol\u00edcia Cient\u00edfica do Paran\u00e1, Luiz Rodrigo Grochocki; o diretor-geral da Pol\u00edcia Penal do Paran\u00e1, Reginaldo Peixoto; o deputado estadual Tito Barrichello; e demais autoridades.<\/p>\n\n\n\n<p>Foto: Geraldo Bubniak\/AEN<\/p>\n","protected":false},"excerpt":{"rendered":"<p>O governador Carlos Massa Ratinho Junior entregou nesta segunda-feira (3) 39 novos ve\u00edculos para refor\u00e7ar os trabalhos do Corpo de Bombeiros do Paran\u00e1. S\u00e3o caminh\u00f5es, ambul\u00e2ncias, viaturas e equipamentos que ser\u00e3o usados nas a\u00e7\u00f5es de preven\u00e7\u00e3o e de atendimento da corpora\u00e7\u00e3o. Tamb\u00e9m foi entregue uma embarca\u00e7\u00e3o militar blindada para a Pol\u00edcia Militar, para atuar na [&hellip;]<\/p>\n","protected":false},"author":2,"featured_media":18431,"comment_status":"open","ping_status":"open","sticky":false,"template":"","format":"standard","meta":{"om_disable_all_campaigns":false,"_monsterinsights_skip_tracking":false,"_monsterinsights_sitenote_active":false,"_monsterinsights_sitenote_note":"","_monsterinsights_sitenote_category":0,"footnotes":""},"categories":[18],"tags":[],"class_list":["post-18430","post","type-post","status-publish","format-standard","has-post-thumbnail","hentry","category-parana"],"_links":{"self":[{"href":"https:\/\/acontecenafronteira.com.br\/index.php\/wp-json\/wp\/v2\/posts\/18430","targetHints":{"allow":["GET"]}}],"collection":[{"href":"https:\/\/acontecenafronteira.com.br\/index.php\/wp-json\/wp\/v2\/posts"}],"about":[{"href":"https:\/\/acontecenafronteira.com.br\/index.php\/wp-json\/wp\/v2\/types\/post"}],"author":[{"embeddable":true,"href":"https:\/\/acontecenafronteira.com.br\/index.php\/wp-json\/wp\/v2\/users\/2"}],"replies":[{"embeddable":true,"href":"https:\/\/acontecenafronteira.com.br\/index.php\/wp-json\/wp\/v2\/comments?post=18430"}],"version-history":[{"count":1,"href":"https:\/\/acontecenafronteira.com.br\/index.php\/wp-json\/wp\/v2\/posts\/18430\/revisions"}],"predecessor-version":[{"id":18432,"href":"https:\/\/acontecenafronteira.com.br\/index.php\/wp-json\/wp\/v2\/posts\/18430\/revisions\/18432"}],"wp:featuredmedia":[{"embeddable":true,"href":"https:\/\/acontecenafronteira.com.br\/index.php\/wp-json\/wp\/v2\/media\/18431"}],"wp:attachment":[{"href":"https:\/\/acontecenafronteira.com.br\/index.php\/wp-json\/wp\/v2\/media?parent=18430"}],"wp:term":[{"taxonomy":"category","embeddable":true,"href":"https:\/\/acontecenafronteira.com.br\/index.php\/wp-json\/wp\/v2\/categories?post=18430"},{"taxonomy":"post_tag","embeddable":true,"href":"https:\/\/acontecenafronteira.com.br\/index.php\/wp-json\/wp\/v2\/tags?post=18430"}],"curies":[{"name":"wp","href":"https:\/\/api.w.org\/{rel}","templated":true}]}}