{"id":18123,"date":"2024-04-19T23:49:49","date_gmt":"2024-04-20T02:49:49","guid":{"rendered":"https:\/\/acontecenafronteira.com.br\/?p=18123"},"modified":"2024-04-19T23:49:50","modified_gmt":"2024-04-20T02:49:50","slug":"marco-apresenta-diariamente-espetaculo-em-homenagem-a-alma-paraguaia","status":"publish","type":"post","link":"https:\/\/acontecenafronteira.com.br\/index.php\/2024\/04\/19\/marco-apresenta-diariamente-espetaculo-em-homenagem-a-alma-paraguaia\/","title":{"rendered":"Marco apresenta diariamente espet\u00e1culo em homenagem \u00e0 alma paraguaia"},"content":{"rendered":"\n<p><strong><em>De ter\u00e7a a domingo, o Marco das 3 Fronteiras oferece aos visitantes apresenta\u00e7\u00f5es culturais que reverenciam a ancestralidade dos povos do Brasil, da Argentina e do Paraguai. O destaque deste final de semana ser\u00e1 para a polca paraguaia, que marcar\u00e1 presen\u00e7a em uma performance espetacular com toda a beleza da cultura do Paraguai.<\/em><\/strong><\/p>\n\n\n\n<p>A dan\u00e7a revela a alma guerreira da cultura ancestral paraguaia. O espet\u00e1culo exibe diversos elementos, como a harpa, com as suas guar\u00e2nias e polcas; o nhanduti; o c\u00e2ntaro (mulheres que levam \u00e1gua na cabe\u00e7a para os romeiros nas festas de San Blas); as dan\u00e7as, representadas pela polca e o pajaro campana; e, em especial, a alma paraguaia, com a dan\u00e7a das botelhas, sendo essa a \u00fanica apresenta\u00e7\u00e3o individual, bailada somente por mulheres.<\/p>\n\n\n\n<p>A dan\u00e7a do Paraguai faz parte da programa\u00e7\u00e3o do Show 3 Fronteiras, que homenageia a cultura dos tr\u00eas pa\u00edses da fronteira.<\/p>\n\n\n\n<p>Cr\u00e9dito fotografia: Alexandre Soto e Diogo Justus<\/p>\n\n\n\n<p><strong>Confira os hor\u00e1rios:<\/strong><br>Apresenta\u00e7\u00e3o P\u00f4r do Sol<br>18h30: A Lenda das Cataratas<br>18h50: Boleadeira argentina<br>19h00: O Minueto<br>19h15: Fotos O Minueto com os turistas<\/p>\n\n\n\n<p><strong>Apresenta\u00e7\u00e3o principal<br><\/strong>19h30: Show 3 Fronteiras<\/p>\n\n\n\n<p>Mais informa\u00e7\u00f5es: https:\/\/marcodastresfronteiras.com.br<\/p>\n\n\n\n<figure class=\"wp-block-image size-large\"><img loading=\"lazy\" decoding=\"async\" width=\"682\" height=\"1024\" src=\"https:\/\/acontecenafronteira.com.br\/wp-content\/uploads\/2024\/04\/578a6c4f-5790-4a50-920f-3cb0be7ae248-682x1024.jpg?v=1713581374\" alt=\"\" class=\"wp-image-18124\" srcset=\"https:\/\/acontecenafronteira.com.br\/wp-content\/uploads\/2024\/04\/578a6c4f-5790-4a50-920f-3cb0be7ae248-682x1024.jpg?v=1713581374 682w, https:\/\/acontecenafronteira.com.br\/wp-content\/uploads\/2024\/04\/578a6c4f-5790-4a50-920f-3cb0be7ae248-200x300.jpg?v=1713581374 200w, https:\/\/acontecenafronteira.com.br\/wp-content\/uploads\/2024\/04\/578a6c4f-5790-4a50-920f-3cb0be7ae248-768x1152.jpg?v=1713581374 768w, https:\/\/acontecenafronteira.com.br\/wp-content\/uploads\/2024\/04\/578a6c4f-5790-4a50-920f-3cb0be7ae248.jpg?v=1713581374 853w\" sizes=\"auto, (max-width: 682px) 100vw, 682px\" \/><\/figure>\n\n\n\n<p>(Marco das 3 Fronteiras)<\/p>\n","protected":false},"excerpt":{"rendered":"<p>De ter\u00e7a a domingo, o Marco das 3 Fronteiras oferece aos visitantes apresenta\u00e7\u00f5es culturais que reverenciam a ancestralidade dos povos do Brasil, da Argentina e do Paraguai. O destaque deste final de semana ser\u00e1 para a polca paraguaia, que marcar\u00e1 presen\u00e7a em uma performance espetacular com toda a beleza da cultura do Paraguai. A dan\u00e7a [&hellip;]<\/p>\n","protected":false},"author":2,"featured_media":18125,"comment_status":"open","ping_status":"open","sticky":false,"template":"","format":"standard","meta":{"om_disable_all_campaigns":false,"_monsterinsights_skip_tracking":false,"_monsterinsights_sitenote_active":false,"_monsterinsights_sitenote_note":"","_monsterinsights_sitenote_category":0,"footnotes":""},"categories":[4,3,13],"tags":[],"class_list":["post-18123","post","type-post","status-publish","format-standard","has-post-thumbnail","hentry","category-cidade","category-cultura","category-entretenimento"],"_links":{"self":[{"href":"https:\/\/acontecenafronteira.com.br\/index.php\/wp-json\/wp\/v2\/posts\/18123","targetHints":{"allow":["GET"]}}],"collection":[{"href":"https:\/\/acontecenafronteira.com.br\/index.php\/wp-json\/wp\/v2\/posts"}],"about":[{"href":"https:\/\/acontecenafronteira.com.br\/index.php\/wp-json\/wp\/v2\/types\/post"}],"author":[{"embeddable":true,"href":"https:\/\/acontecenafronteira.com.br\/index.php\/wp-json\/wp\/v2\/users\/2"}],"replies":[{"embeddable":true,"href":"https:\/\/acontecenafronteira.com.br\/index.php\/wp-json\/wp\/v2\/comments?post=18123"}],"version-history":[{"count":1,"href":"https:\/\/acontecenafronteira.com.br\/index.php\/wp-json\/wp\/v2\/posts\/18123\/revisions"}],"predecessor-version":[{"id":18126,"href":"https:\/\/acontecenafronteira.com.br\/index.php\/wp-json\/wp\/v2\/posts\/18123\/revisions\/18126"}],"wp:featuredmedia":[{"embeddable":true,"href":"https:\/\/acontecenafronteira.com.br\/index.php\/wp-json\/wp\/v2\/media\/18125"}],"wp:attachment":[{"href":"https:\/\/acontecenafronteira.com.br\/index.php\/wp-json\/wp\/v2\/media?parent=18123"}],"wp:term":[{"taxonomy":"category","embeddable":true,"href":"https:\/\/acontecenafronteira.com.br\/index.php\/wp-json\/wp\/v2\/categories?post=18123"},{"taxonomy":"post_tag","embeddable":true,"href":"https:\/\/acontecenafronteira.com.br\/index.php\/wp-json\/wp\/v2\/tags?post=18123"}],"curies":[{"name":"wp","href":"https:\/\/api.w.org\/{rel}","templated":true}]}}