{"id":18115,"date":"2024-04-18T23:33:28","date_gmt":"2024-04-19T02:33:28","guid":{"rendered":"https:\/\/acontecenafronteira.com.br\/?p=18115"},"modified":"2024-04-18T23:33:29","modified_gmt":"2024-04-19T02:33:29","slug":"espetaculo-de-teatro-de-foz-entra-em-circulacao-na-triplice-fronteira-e-oeste-do-parana","status":"publish","type":"post","link":"https:\/\/acontecenafronteira.com.br\/index.php\/2024\/04\/18\/espetaculo-de-teatro-de-foz-entra-em-circulacao-na-triplice-fronteira-e-oeste-do-parana\/","title":{"rendered":"Espet\u00e1culo de teatro de Foz entra em circula\u00e7\u00e3o na tr\u00edplice fronteira e oeste do Paran\u00e1"},"content":{"rendered":"\n<p><strong><em>A Sociedade dos Anticorpos\u2019 ser\u00e1 encenada em Puerto Iguazu, Medianeira e Cascavel com recursos do edital da Lei Paulo Gustavo, publicado pela Funda\u00e7\u00e3o Cultural<\/em><\/strong><\/p>\n\n\n\n<p>Ap\u00f3s sua estr\u00e9ia em outubro de 2023 em Foz do Igua\u00e7u, o espet\u00e1culo \u2018A Sociedade dos Anticorpos\u2019 entra em circula\u00e7\u00e3o pela tr\u00edplice fronteira e oeste do Paran\u00e1 com apresenta\u00e7\u00f5es em Puerto Iguazu &#8211; Argentina, Medianeira e Cascavel, durante o m\u00eas de abril e maio.<\/p>\n\n\n\n<p>A pe\u00e7a que divulga a produ\u00e7\u00e3o art\u00edstica desenvolvida na cidade \u00e9 de autoria do Coletivo \u2018Po\u00e9ticas do Entre\u2019, um dos grupos selecionados pelo Edital 04\/2023 &#8211; Premia\u00e7\u00e3o para Agentes Culturais da Lei Paulo Gustavo \u2013 lan\u00e7ado pela Funda\u00e7\u00e3o Cultural, com apoio do Conselho Municipal de Pol\u00edtica Cultural (CMPC).<\/p>\n\n\n\n<p>A obra trata da experi\u00eancia coletiva da pandemia de Covid-19, combinando recursos do teatro, da dan\u00e7a, do audiovisual e da performance.<\/p>\n\n\n\n<blockquote class=\"wp-block-quote is-layout-flow wp-block-quote-is-layout-flow\">\n<p>\u201cA Sociedade dos Anticorpos fala sobre a rela\u00e7\u00e3o hist\u00f3rica e c\u00edclica entre humanos e v\u00edrus, sobre a necessidade de prestar homenagem e fazer um luto coletivo pelas mortes decorrentes da Covid-19 no Brasil e sobre a explos\u00e3o da cultura digital em tempos de isolamento social\u201d, comentou o diretor da pe\u00e7a, o ator Jo\u00e3o L\u00edrio.<\/p>\n<\/blockquote>\n\n\n\n<p>De acordo com ele, a produ\u00e7\u00e3o trata ainda das trag\u00e9dias pessoais ocasionadas pela doen\u00e7a em diferentes realidades sociais. \u201cEla retrata a rela\u00e7\u00e3o entre a explora\u00e7\u00e3o da natureza e o risco \u00e0 sobreviv\u00eancia humana, e dos corpos coloridos que podem emergir de todas estas cinzas\u201d, conceituou L\u00edrio.<\/p>\n\n\n\n<p><strong>Financiamento<\/strong><\/p>\n\n\n\n<p>A circula\u00e7\u00e3o desta e de outras 150 produ\u00e7\u00f5es e grupos foram poss\u00edveis gra\u00e7as \u00e0 ades\u00e3o de Foz do Igua\u00e7u ao termo de ades\u00e3o \u00e0 lei Paulo Gustavo (Lei Complementar n\u00ba 195, de 08 de julho de 2022), que garantiu ao munic\u00edpio mais de R$ 2 milh\u00f5es, sendo cerca de R$ 1.5 milh\u00e3o destinado a apoio a produ\u00e7\u00f5es audiovisuais e mais de R$500 mil para capacita\u00e7\u00f5es e apoio \u00e0s demais \u00e1reas da cultura que n\u00e3o o audiovisual.<\/p>\n\n\n\n<p>A legisla\u00e7\u00e3o foi criada para incentivar a cultura e garantir a\u00e7\u00f5es emergenciais, em especial para atenuar as conseq\u00fc\u00eancias do per\u00edodo da pandemia de Covid-19 no Brasil, que impactou de forma tr\u00e1gica o setor cultural nos \u00faltimos anos.<\/p>\n\n\n\n<p><strong>Coletivo<\/strong><\/p>\n\n\n\n<p>O coletivo \u2018Po\u00e9ticas do ENTRE\u2019 \u00e9 composto por artistas multidisciplinares do Brasil, Argentina, Paraguai, Bol\u00edvia, M\u00e9xico e Venezuela com sede na Universidade Federal da Integra\u00e7\u00e3o Latino-Americana (UNILA). O coletivo dedica-se aos estudos e pr\u00e1ticas do corpo, explorando o &#8220;entre&#8221; como campo de saber e a escuta como princ\u00edpio art\u00edstico, atrav\u00e9s de investiga\u00e7\u00f5es e cria\u00e7\u00f5es art\u00edsticas transitando entre o Teatro, a Performance, a Dan\u00e7a, o Audiovisual e a Fotografia.<\/p>\n\n\n\n<p>Mais informa\u00e7\u00f5es est\u00e3o dispon\u00edveis pelo endere\u00e7o: Instagram@poeticasdoentre.<\/p>\n\n\n\n<p>SERVI\u00c7O<br>Apresenta\u00e7\u00f5es \u2018A Sociedade dos Anticorpos\u2019<br>20\/04\/2023<br>Local: Puerto Iguazu (La Barcasa @barcasa.la)<br>Entrada 3.000 pesos<br>Quando:<br>Hor\u00e1rio: 21h<br>Apoio de Biodiversa Cultural (@biodiversacultural)<\/p>\n\n\n\n<p>27\/04\/2024<br>Local: Medianeira (Centro Popular de Cultura Arandur\u00e1)<br>Hor\u00e1rio: \u00e0s 20h<br>Entrada gratuita<\/p>\n\n\n\n<p>04\/05\/2024<br>Local: Cascavel (Centro Cultural Gilberto Mayer)<br>Hor\u00e1rio: \u00e0s 20h<br>Entrada Gratuita<\/p>\n\n\n\n<figure class=\"wp-block-image size-large\"><img loading=\"lazy\" decoding=\"async\" width=\"1024\" height=\"682\" src=\"https:\/\/acontecenafronteira.com.br\/wp-content\/uploads\/2024\/04\/2ff771d3-7afc-41e7-87ec-b3cfc8f252c6-1-1024x682.jpg?v=1713493982\" alt=\"\" class=\"wp-image-18117\" srcset=\"https:\/\/acontecenafronteira.com.br\/wp-content\/uploads\/2024\/04\/2ff771d3-7afc-41e7-87ec-b3cfc8f252c6-1-1024x682.jpg?v=1713493982 1024w, https:\/\/acontecenafronteira.com.br\/wp-content\/uploads\/2024\/04\/2ff771d3-7afc-41e7-87ec-b3cfc8f252c6-1-300x200.jpg?v=1713493982 300w, https:\/\/acontecenafronteira.com.br\/wp-content\/uploads\/2024\/04\/2ff771d3-7afc-41e7-87ec-b3cfc8f252c6-1-768x512.jpg?v=1713493982 768w, https:\/\/acontecenafronteira.com.br\/wp-content\/uploads\/2024\/04\/2ff771d3-7afc-41e7-87ec-b3cfc8f252c6-1-1536x1023.jpg?v=1713493982 1536w, https:\/\/acontecenafronteira.com.br\/wp-content\/uploads\/2024\/04\/2ff771d3-7afc-41e7-87ec-b3cfc8f252c6-1.jpg?v=1713493982 1600w\" sizes=\"auto, (max-width: 1024px) 100vw, 1024px\" \/><\/figure>\n\n\n\n<p>Foto: John Alex<\/p>\n","protected":false},"excerpt":{"rendered":"<p>A Sociedade dos Anticorpos\u2019 ser\u00e1 encenada em Puerto Iguazu, Medianeira e Cascavel com recursos do edital da Lei Paulo Gustavo, publicado pela Funda\u00e7\u00e3o Cultural Ap\u00f3s sua estr\u00e9ia em outubro de 2023 em Foz do Igua\u00e7u, o espet\u00e1culo \u2018A Sociedade dos Anticorpos\u2019 entra em circula\u00e7\u00e3o pela tr\u00edplice fronteira e oeste do Paran\u00e1 com apresenta\u00e7\u00f5es em Puerto [&hellip;]<\/p>\n","protected":false},"author":2,"featured_media":18118,"comment_status":"open","ping_status":"open","sticky":false,"template":"","format":"standard","meta":{"om_disable_all_campaigns":false,"_monsterinsights_skip_tracking":false,"_monsterinsights_sitenote_active":false,"_monsterinsights_sitenote_note":"","_monsterinsights_sitenote_category":0,"footnotes":""},"categories":[4,13],"tags":[],"class_list":["post-18115","post","type-post","status-publish","format-standard","has-post-thumbnail","hentry","category-cidade","category-entretenimento"],"_links":{"self":[{"href":"https:\/\/acontecenafronteira.com.br\/index.php\/wp-json\/wp\/v2\/posts\/18115","targetHints":{"allow":["GET"]}}],"collection":[{"href":"https:\/\/acontecenafronteira.com.br\/index.php\/wp-json\/wp\/v2\/posts"}],"about":[{"href":"https:\/\/acontecenafronteira.com.br\/index.php\/wp-json\/wp\/v2\/types\/post"}],"author":[{"embeddable":true,"href":"https:\/\/acontecenafronteira.com.br\/index.php\/wp-json\/wp\/v2\/users\/2"}],"replies":[{"embeddable":true,"href":"https:\/\/acontecenafronteira.com.br\/index.php\/wp-json\/wp\/v2\/comments?post=18115"}],"version-history":[{"count":1,"href":"https:\/\/acontecenafronteira.com.br\/index.php\/wp-json\/wp\/v2\/posts\/18115\/revisions"}],"predecessor-version":[{"id":18119,"href":"https:\/\/acontecenafronteira.com.br\/index.php\/wp-json\/wp\/v2\/posts\/18115\/revisions\/18119"}],"wp:featuredmedia":[{"embeddable":true,"href":"https:\/\/acontecenafronteira.com.br\/index.php\/wp-json\/wp\/v2\/media\/18118"}],"wp:attachment":[{"href":"https:\/\/acontecenafronteira.com.br\/index.php\/wp-json\/wp\/v2\/media?parent=18115"}],"wp:term":[{"taxonomy":"category","embeddable":true,"href":"https:\/\/acontecenafronteira.com.br\/index.php\/wp-json\/wp\/v2\/categories?post=18115"},{"taxonomy":"post_tag","embeddable":true,"href":"https:\/\/acontecenafronteira.com.br\/index.php\/wp-json\/wp\/v2\/tags?post=18115"}],"curies":[{"name":"wp","href":"https:\/\/api.w.org\/{rel}","templated":true}]}}