{"id":18109,"date":"2024-04-17T23:46:02","date_gmt":"2024-04-18T02:46:02","guid":{"rendered":"https:\/\/acontecenafronteira.com.br\/?p=18109"},"modified":"2024-04-17T23:46:03","modified_gmt":"2024-04-18T02:46:03","slug":"cci-participa-de-encontro-de-danca-senior-em-santa-helena","status":"publish","type":"post","link":"https:\/\/acontecenafronteira.com.br\/index.php\/2024\/04\/17\/cci-participa-de-encontro-de-danca-senior-em-santa-helena\/","title":{"rendered":"CCI participa de encontro de dan\u00e7a s\u00eanior em Santa Helena"},"content":{"rendered":"\n<p><strong><em>Grupo Encantos da Vida se apresentou durante encontro de clube de idosos<\/em><\/strong><\/p>\n\n\n\n<p>O grupo de Dan\u00e7a Cultural \u201cEncantos da Vida\u201d do Centro de Conviv\u00eancia do Idoso \u2013 CCI de Foz do Igua\u00e7u se apresentou na \u00faltima semana no munic\u00edpio de Santa Helena \u2013 Paran\u00e1, durante encontro festivo promovido pelo clube de idosos \u201cSagrada Fam\u00edlia\u201d, no Centro Comunit\u00e1rio da Vila Celeste. Durante o evento teve apresenta\u00e7\u00f5es culturais, din\u00e2micas de integra\u00e7\u00e3o, almo\u00e7o e matin\u00ea para o p\u00fablico.<\/p>\n\n\n\n<p>O CCI oferece em parceria com a Funda\u00e7\u00e3o Cultural, atrav\u00e9s do Projeto Foz Fazendo Arte, a Oficina de Dan\u00e7a Cultural, com mais de 30 integrantes, nas ter\u00e7as e quintas-feiras pela manh\u00e3, para ensaios e encontros entre amigos para refletirem sobre o envelhecimento ativo e saud\u00e1vel atrav\u00e9s da dan\u00e7a.<\/p>\n\n\n\n<p>Maria Aparecida de Oliveira pratica dan\u00e7a h\u00e1 5 anos e relata que a atividade auxilia no bem-estar emocional e f\u00edsico, estimulando a mem\u00f3ria atrav\u00e9s do ritmo. \u201cParticipar do grupo e das apresenta\u00e7\u00f5es s\u00e3o experi\u00eancias muito positivas. Fazemos novos amigos e revemos aqueles feitos em encontros anteriores. Esquecemos dos problemas e aproveitamos o momento resgatando mem\u00f3rias afetivas com muita divers\u00e3o e m\u00fasica\u201d, comenta a idosa.<\/p>\n\n\n\n<p>Irani Irala Souza comenta que esses eventos colaboram para o v\u00ednculo com idosos de diferentes munic\u00edpios. \u201cDesde o percurso de \u00f4nibus at\u00e9 a despedida foram momentos de pura alegria e integra\u00e7\u00e3o. Quem foi pela primeira vez, aproveitou ao m\u00e1ximo, e ficar\u00e1 na mem\u00f3ria para sempre, como um dia de uni\u00e3o e acolhimento para quem esteve presente\u201d, completa Irani.<\/p>\n\n\n\n<p>Momentos como esses s\u00e3o oportunidades de trocas de experi\u00eancias, conhecimentos e relacionamentos que implicam no desenvolvimento pessoal e interpessoal dos idosos, al\u00e9m da viv\u00eancia cultural daqueles que tiveram sua inf\u00e2ncia nesta regi\u00e3o resgatando suas mem\u00f3rias afetivas e proporcionando o prazer de sentir continuamente a sua tradi\u00e7\u00e3o.<\/p>\n\n\n\n<p><strong>Benef\u00edcios da dan\u00e7a para melhor idade<\/strong><br>Para quem n\u00e3o tem o h\u00e1bito de se exercitar a dan\u00e7a pode ser uma \u00f3tima op\u00e7\u00e3o para uma vida ativa na melhor idade. \u201cA dan\u00e7a \u00e9 uma atividade f\u00edsica que traz muitos benef\u00edcios, principalmente nessa faixa et\u00e1ria, encontros que ajudam na promo\u00e7\u00e3o da sa\u00fade, lazer e bem-estar. Sem exigir grandes esfor\u00e7os, contribui para melhora do equil\u00edbrio, autonomia funcional, da coordena\u00e7\u00e3o motora e tamb\u00e9m da socializa\u00e7\u00e3o\u201d, aponta Graciele Dornelles, Coordenadora do espa\u00e7o. \u201cMelhora a autoconfian\u00e7a, a autoestima, o cuidado com a sa\u00fade, o aprimoramento do vocabul\u00e1rio e at\u00e9 mesmo na postura e comportamento em grupo, integrando idosos exclu\u00eddos e isolados\u201d, comenta Edi Maria Pahl, arte-educadora da Oficina de Dan\u00e7a Cultural.<\/p>\n\n\n\n<p><strong>O resgate da tradi\u00e7\u00e3o por meio da dan\u00e7a<\/strong><br>A Dan\u00e7a S\u00eanior surgiu em 1997 pela Secretaria Municipal de Assist\u00eancia Social, como uma atividade para os idosos do munic\u00edpio, iniciando as aulas com mais de 50 pessoas, com ensaios semanais. Quando o Centro de Conviv\u00eancia do Idoso foi inaugurado em outubro de 2002, as aulas passaram a acontecer no espa\u00e7o, tendo Edi Maria como respons\u00e1vel do grupo, que est\u00e1 at\u00e9 hoje.<br>A oficina resgata coreografias t\u00edpicas, vestimentas e tradi\u00e7\u00f5es caracter\u00edsticas da regi\u00e3o sul do Brasil. \u201cOs ensaios semanais bem como a escolha, organiza\u00e7\u00e3o e confec\u00e7\u00e3o dos trajes que s\u00e3o usados em cada uma das apresenta\u00e7\u00f5es contribui para a socializa\u00e7\u00e3o dos participantes\u201d, segundo a arte-educadora.<\/p>\n\n\n\n<p><strong>Centro de Conviv\u00eancia do Idoso<\/strong><br>O CCI fica localizado na Rua Piquiri, n\u00ba 100 &#8211; Conj. Libra, anexo \u00e0 Pra\u00e7a da B\u00edblia. O telefone \u00e9 (45)9.9942-9853 (whatsApp). O hor\u00e1rio de atendimento \u00e9 de segunda \u00e0 sexta-feira, das 8h \u00e0s 17h. Todas as atividades s\u00e3o gratuitas para idosos acima de 60 anos. Tendo prioridade para inscritos no Cad\u00danico e encaminhados pelos CRAS. S\u00e3o oferecidas v\u00e1rias atividades recreativas, esportivas, art\u00edsticas e culturais como: gin\u00e1stica, pilates, viol\u00e3o, teclado, dan\u00e7as diversas, artesanato, fotografia, coral, alfabetiza\u00e7\u00e3o, al\u00e9m do Baile da 3\u00aa Idade, toda sexta-feira das 14h \u00e0s 17h, para pessoas acima de 50 anos.<\/p>\n\n\n\n<p>Foto: CCI<\/p>\n","protected":false},"excerpt":{"rendered":"<p>Grupo Encantos da Vida se apresentou durante encontro de clube de idosos O grupo de Dan\u00e7a Cultural \u201cEncantos da Vida\u201d do Centro de Conviv\u00eancia do Idoso \u2013 CCI de Foz do Igua\u00e7u se apresentou na \u00faltima semana no munic\u00edpio de Santa Helena \u2013 Paran\u00e1, durante encontro festivo promovido pelo clube de idosos \u201cSagrada Fam\u00edlia\u201d, no [&hellip;]<\/p>\n","protected":false},"author":2,"featured_media":18110,"comment_status":"open","ping_status":"open","sticky":false,"template":"","format":"standard","meta":{"om_disable_all_campaigns":false,"_monsterinsights_skip_tracking":false,"_monsterinsights_sitenote_active":false,"_monsterinsights_sitenote_note":"","_monsterinsights_sitenote_category":0,"footnotes":""},"categories":[3,13],"tags":[],"class_list":["post-18109","post","type-post","status-publish","format-standard","has-post-thumbnail","hentry","category-cultura","category-entretenimento"],"_links":{"self":[{"href":"https:\/\/acontecenafronteira.com.br\/index.php\/wp-json\/wp\/v2\/posts\/18109","targetHints":{"allow":["GET"]}}],"collection":[{"href":"https:\/\/acontecenafronteira.com.br\/index.php\/wp-json\/wp\/v2\/posts"}],"about":[{"href":"https:\/\/acontecenafronteira.com.br\/index.php\/wp-json\/wp\/v2\/types\/post"}],"author":[{"embeddable":true,"href":"https:\/\/acontecenafronteira.com.br\/index.php\/wp-json\/wp\/v2\/users\/2"}],"replies":[{"embeddable":true,"href":"https:\/\/acontecenafronteira.com.br\/index.php\/wp-json\/wp\/v2\/comments?post=18109"}],"version-history":[{"count":1,"href":"https:\/\/acontecenafronteira.com.br\/index.php\/wp-json\/wp\/v2\/posts\/18109\/revisions"}],"predecessor-version":[{"id":18111,"href":"https:\/\/acontecenafronteira.com.br\/index.php\/wp-json\/wp\/v2\/posts\/18109\/revisions\/18111"}],"wp:featuredmedia":[{"embeddable":true,"href":"https:\/\/acontecenafronteira.com.br\/index.php\/wp-json\/wp\/v2\/media\/18110"}],"wp:attachment":[{"href":"https:\/\/acontecenafronteira.com.br\/index.php\/wp-json\/wp\/v2\/media?parent=18109"}],"wp:term":[{"taxonomy":"category","embeddable":true,"href":"https:\/\/acontecenafronteira.com.br\/index.php\/wp-json\/wp\/v2\/categories?post=18109"},{"taxonomy":"post_tag","embeddable":true,"href":"https:\/\/acontecenafronteira.com.br\/index.php\/wp-json\/wp\/v2\/tags?post=18109"}],"curies":[{"name":"wp","href":"https:\/\/api.w.org\/{rel}","templated":true}]}}