{"id":18103,"date":"2024-04-16T23:54:41","date_gmt":"2024-04-17T02:54:41","guid":{"rendered":"https:\/\/acontecenafronteira.com.br\/?p=18103"},"modified":"2024-04-16T23:54:42","modified_gmt":"2024-04-17T02:54:42","slug":"agencia-do-trabalhador-itinerante-leva-oportunidades-de-emprego-ao-portal-da-foz-nesta-sexta-feira-19","status":"publish","type":"post","link":"https:\/\/acontecenafronteira.com.br\/index.php\/2024\/04\/16\/agencia-do-trabalhador-itinerante-leva-oportunidades-de-emprego-ao-portal-da-foz-nesta-sexta-feira-19\/","title":{"rendered":"Ag\u00eancia do Trabalhador Itinerante leva oportunidades de emprego ao Portal da Foz nesta sexta-feira (19)"},"content":{"rendered":"\n<p><strong><em>Atendimento ser\u00e1 das 9h \u00e0s 15 na Igreja Assembleia de Deus, na Rua Beija Flor, n\u00ba 381; Ser\u00e3o ofertadas mais de 300 vagas em diversas fun\u00e7\u00f5es<\/em><\/strong><\/p>\n\n\n\n<p>A Prefeitura de Foz do Igua\u00e7u promove nesta sexta-feira (19) a segunda edi\u00e7\u00e3o do ano da Ag\u00eancia do Trabalhador Itinerante, desta vez na regi\u00e3o do Portal da Foz, onde ser\u00e3o ofertadas mais de 300 oportunidades de emprego. O atendimento acontecer\u00e1 das 9h \u00e0s 15h na Igreja Assembleia de Deus, na Rua Beija Flor, n\u00ba 381.<\/p>\n\n\n\n<p>Moradores que buscam uma vaga no mercado de trabalho devem levar os documentos pessoais, um comprovante de resid\u00eancia e a carteira de trabalho (f\u00edsica ou digital). Ser\u00e3o ofertadas oportunidades para diversos setores como com\u00e9rcio, turismo\/hotelaria, gastronomia e ind\u00fastria.<br>Al\u00e9m de realizarem o registro para as vagas dispon\u00edveis, os interessados poder\u00e3o realizar as entrevistas com alguns dos empregadores no pr\u00f3prio local, agilizando a contrata\u00e7\u00e3o e a conquista do novo emprego.<\/p>\n\n\n\n<p>O objetivo da a\u00e7\u00e3o \u00e9 facilitar o acesso \u00e0 popula\u00e7\u00e3o, que muitas vezes enfrenta dificuldades no deslocamento at\u00e9 o centro, onde est\u00e1 localizada a Ag\u00eancia do Trabalhador.<\/p>\n\n\n\n<p>O projeto da Ag\u00eancia Itinerante teve in\u00edcio no ano passado e j\u00e1 percorreu regi\u00f5es como Morumbi, Vila C, Jardim Universit\u00e1rio, Tr\u00eas Lagoas, Porto Meira e Jardim S\u00e3o Paulo. Esta \u00e9 a segunda edi\u00e7\u00e3o do ano. A primeira ocorreu em mar\u00e7o na Par\u00f3quia S\u00e3o Pedro, em Tr\u00eas Lagoas.<\/p>\n\n\n\n<p><strong>Atendimento na sede<\/strong><br>A sede da Ag\u00eancia tamb\u00e9m se manter\u00e1 aberta, das 07h30 \u00e0s 15h30. A unidade funciona de segunda a sexta-feira, na Rua Xavier da Silva, 834, Centro. Mais informa\u00e7\u00f5es podem ser obtidas pelo telefone: (45) 3545-5450.<\/p>\n","protected":false},"excerpt":{"rendered":"<p>Atendimento ser\u00e1 das 9h \u00e0s 15 na Igreja Assembleia de Deus, na Rua Beija Flor, n\u00ba 381; Ser\u00e3o ofertadas mais de 300 vagas em diversas fun\u00e7\u00f5es A Prefeitura de Foz do Igua\u00e7u promove nesta sexta-feira (19) a segunda edi\u00e7\u00e3o do ano da Ag\u00eancia do Trabalhador Itinerante, desta vez na regi\u00e3o do Portal da Foz, onde [&hellip;]<\/p>\n","protected":false},"author":2,"featured_media":18104,"comment_status":"open","ping_status":"open","sticky":false,"template":"","format":"standard","meta":{"om_disable_all_campaigns":false,"_monsterinsights_skip_tracking":false,"_monsterinsights_sitenote_active":false,"_monsterinsights_sitenote_note":"","_monsterinsights_sitenote_category":0,"footnotes":""},"categories":[4],"tags":[],"class_list":["post-18103","post","type-post","status-publish","format-standard","has-post-thumbnail","hentry","category-cidade"],"_links":{"self":[{"href":"https:\/\/acontecenafronteira.com.br\/index.php\/wp-json\/wp\/v2\/posts\/18103","targetHints":{"allow":["GET"]}}],"collection":[{"href":"https:\/\/acontecenafronteira.com.br\/index.php\/wp-json\/wp\/v2\/posts"}],"about":[{"href":"https:\/\/acontecenafronteira.com.br\/index.php\/wp-json\/wp\/v2\/types\/post"}],"author":[{"embeddable":true,"href":"https:\/\/acontecenafronteira.com.br\/index.php\/wp-json\/wp\/v2\/users\/2"}],"replies":[{"embeddable":true,"href":"https:\/\/acontecenafronteira.com.br\/index.php\/wp-json\/wp\/v2\/comments?post=18103"}],"version-history":[{"count":1,"href":"https:\/\/acontecenafronteira.com.br\/index.php\/wp-json\/wp\/v2\/posts\/18103\/revisions"}],"predecessor-version":[{"id":18105,"href":"https:\/\/acontecenafronteira.com.br\/index.php\/wp-json\/wp\/v2\/posts\/18103\/revisions\/18105"}],"wp:featuredmedia":[{"embeddable":true,"href":"https:\/\/acontecenafronteira.com.br\/index.php\/wp-json\/wp\/v2\/media\/18104"}],"wp:attachment":[{"href":"https:\/\/acontecenafronteira.com.br\/index.php\/wp-json\/wp\/v2\/media?parent=18103"}],"wp:term":[{"taxonomy":"category","embeddable":true,"href":"https:\/\/acontecenafronteira.com.br\/index.php\/wp-json\/wp\/v2\/categories?post=18103"},{"taxonomy":"post_tag","embeddable":true,"href":"https:\/\/acontecenafronteira.com.br\/index.php\/wp-json\/wp\/v2\/tags?post=18103"}],"curies":[{"name":"wp","href":"https:\/\/api.w.org\/{rel}","templated":true}]}}