{"id":17998,"date":"2024-03-28T23:49:12","date_gmt":"2024-03-29T02:49:12","guid":{"rendered":"https:\/\/acontecenafronteira.com.br\/?p=17998"},"modified":"2024-03-28T23:49:13","modified_gmt":"2024-03-29T02:49:13","slug":"equipe-de-foz-do-iguacu-conquista-o-primeiro-lugar-na-categoria-feminina-na-copa-sul-de-goalball","status":"publish","type":"post","link":"https:\/\/acontecenafronteira.com.br\/index.php\/2024\/03\/28\/equipe-de-foz-do-iguacu-conquista-o-primeiro-lugar-na-categoria-feminina-na-copa-sul-de-goalball\/","title":{"rendered":"Equipe de Foz do Igua\u00e7u conquista o primeiro lugar na categoria feminina na Copa Sul de Goalball"},"content":{"rendered":"\n<p><strong><em>Competi\u00e7\u00f5es aconteceram no \u00faltimo final de semana em Blumenau (SC); Equipe ADEVIFOZ tamb\u00e9m foi destaque com o time masculino, que conquistou o terceiro lugar<\/em><\/strong><\/p>\n\n\n\n<p>A equipe feminina da ADEVIFOZ (Associa\u00e7\u00e3o dos Deficientes Visuais de Foz do Igua\u00e7u) conquistou o primeiro lugar na 1\u00b0 Etapa da Copa Sul de Goalball, realizada na cidade de Blumenaus (SC) no \u00faltimo final de semana (23 e 24 de mar\u00e7o). O time masculino tamb\u00e9m foi destaque na competi\u00e7\u00e3o e garantiu o terceiro lugar.<\/p>\n\n\n\n<p>Ao todo, 14 equipes masculinas e 8 femininas de diversos estados do Brasil participaram da competi\u00e7\u00e3o. O time igua\u00e7uense de Goalball existe desde 2014 e atualmente \u00e9 composto por 16 atletas, homens e mulheres, tanto cegos totais e quanto com baixa vis\u00e3o. Os treinos, oferecidos pela prefeitura de Foz do Igua\u00e7u, s\u00e3o realizados no Instituto Federal do Paran\u00e1 (IFPR).<\/p>\n\n\n\n<blockquote class=\"wp-block-quote is-layout-flow wp-block-quote-is-layout-flow\">\n<p>\u201cOs principais benef\u00edcios do Goalball s\u00e3o que ele promove maior socializa\u00e7\u00e3o entre as pessoas com defici\u00eancia visual, possibilita o conhecimento de novos lugares e culturas, melhora a orienta\u00e7\u00e3o espacial e a mobilidade dos atletas, auxilia na aceita\u00e7\u00e3o da defici\u00eancia e na supera\u00e7\u00e3o de preconceitos e se mostra como a principal motiva\u00e7\u00e3o na vida desses atletas, al\u00e9m de ser um \u00f3timo &#8220;rem\u00e9dio&#8221; contra a depress\u00e3o\u201d, afirma o t\u00e9cnico da equipe e t\u00e9cnico desportivo da Secretaria de Esporte e Lazer (SMEL) Vander Mantovani de Sousa.<\/p>\n<\/blockquote>\n\n\n\n<p><strong>O QUE \u00c9?<\/strong><br>O Goalball \u00e9 um esporte paraol\u00edmpico desenvolvido especificamente para pessoas com defici\u00eancia visual. Jogado por times de tr\u00eas jogadores, o objetivo \u00e9 marcar gols arremessando uma bola com guizos no gol advers\u00e1rio, enquanto os jogadores se posicionam no ch\u00e3o para bloquear o arremesso. A import\u00e2ncia do Goalball vai al\u00e9m da competi\u00e7\u00e3o esportiva, pois proporciona inclus\u00e3o, autonomia e oportunidades de desenvolvimento f\u00edsico, social e emocional para indiv\u00edduos com defici\u00eancia visual, promovendo tamb\u00e9m a conscientiza\u00e7\u00e3o sobre as habilidades e capacidades desses atletas.<\/p>\n","protected":false},"excerpt":{"rendered":"<p>Competi\u00e7\u00f5es aconteceram no \u00faltimo final de semana em Blumenau (SC); Equipe ADEVIFOZ tamb\u00e9m foi destaque com o time masculino, que conquistou o terceiro lugar A equipe feminina da ADEVIFOZ (Associa\u00e7\u00e3o dos Deficientes Visuais de Foz do Igua\u00e7u) conquistou o primeiro lugar na 1\u00b0 Etapa da Copa Sul de Goalball, realizada na cidade de Blumenaus (SC) [&hellip;]<\/p>\n","protected":false},"author":2,"featured_media":17999,"comment_status":"open","ping_status":"open","sticky":false,"template":"","format":"standard","meta":{"om_disable_all_campaigns":false,"_monsterinsights_skip_tracking":false,"_monsterinsights_sitenote_active":false,"_monsterinsights_sitenote_note":"","_monsterinsights_sitenote_category":0,"footnotes":""},"categories":[4],"tags":[],"class_list":["post-17998","post","type-post","status-publish","format-standard","has-post-thumbnail","hentry","category-cidade"],"_links":{"self":[{"href":"https:\/\/acontecenafronteira.com.br\/index.php\/wp-json\/wp\/v2\/posts\/17998","targetHints":{"allow":["GET"]}}],"collection":[{"href":"https:\/\/acontecenafronteira.com.br\/index.php\/wp-json\/wp\/v2\/posts"}],"about":[{"href":"https:\/\/acontecenafronteira.com.br\/index.php\/wp-json\/wp\/v2\/types\/post"}],"author":[{"embeddable":true,"href":"https:\/\/acontecenafronteira.com.br\/index.php\/wp-json\/wp\/v2\/users\/2"}],"replies":[{"embeddable":true,"href":"https:\/\/acontecenafronteira.com.br\/index.php\/wp-json\/wp\/v2\/comments?post=17998"}],"version-history":[{"count":1,"href":"https:\/\/acontecenafronteira.com.br\/index.php\/wp-json\/wp\/v2\/posts\/17998\/revisions"}],"predecessor-version":[{"id":18000,"href":"https:\/\/acontecenafronteira.com.br\/index.php\/wp-json\/wp\/v2\/posts\/17998\/revisions\/18000"}],"wp:featuredmedia":[{"embeddable":true,"href":"https:\/\/acontecenafronteira.com.br\/index.php\/wp-json\/wp\/v2\/media\/17999"}],"wp:attachment":[{"href":"https:\/\/acontecenafronteira.com.br\/index.php\/wp-json\/wp\/v2\/media?parent=17998"}],"wp:term":[{"taxonomy":"category","embeddable":true,"href":"https:\/\/acontecenafronteira.com.br\/index.php\/wp-json\/wp\/v2\/categories?post=17998"},{"taxonomy":"post_tag","embeddable":true,"href":"https:\/\/acontecenafronteira.com.br\/index.php\/wp-json\/wp\/v2\/tags?post=17998"}],"curies":[{"name":"wp","href":"https:\/\/api.w.org\/{rel}","templated":true}]}}