{"id":17995,"date":"2024-03-27T23:40:28","date_gmt":"2024-03-28T02:40:28","guid":{"rendered":"https:\/\/acontecenafronteira.com.br\/?p=17995"},"modified":"2024-03-27T23:40:29","modified_gmt":"2024-03-28T02:40:29","slug":"concurso-para-quadro-proprio-do-governo-do-parana-tem-mais-de-35-mil-inscritos","status":"publish","type":"post","link":"https:\/\/acontecenafronteira.com.br\/index.php\/2024\/03\/27\/concurso-para-quadro-proprio-do-governo-do-parana-tem-mais-de-35-mil-inscritos\/","title":{"rendered":"Concurso para Quadro Pr\u00f3prio do Governo do Paran\u00e1 tem mais de 35 mil inscritos"},"content":{"rendered":"\n<p><strong><em>O concurso para preencher mais de 250 vagas do Quadro Pr\u00f3prio do Poder Executivo (QPPE), anunciado no fim do ano passado, registrou 35.634 candidatos inscritos. Os dados s\u00e3o da Secretaria da Administra\u00e7\u00e3o e da Previd\u00eancia, que coordena o certame. <\/em><\/strong><\/p>\n\n\n\n<p>A prova objetiva est\u00e1 marcada para o pr\u00f3ximo dia 14 de abril e acontecer\u00e1 em Curitiba, Cascavel, Francisco Beltr\u00e3o, Guarapuava, Londrina e Umuarama. O candidato pode conferir a situa\u00e7\u00e3o da sua inscri\u00e7\u00e3o no\u00a0<strong><a href=\"https:\/\/www.institutoaocp.org.br\/concursos\/596\" target=\"_blank\" rel=\"noreferrer noopener\">portal oficial do concurso<\/a><\/strong>.<\/p>\n\n\n\n<p>A rela\u00e7\u00e3o de n\u00famero de inscri\u00e7\u00f5es por cargos\/fun\u00e7\u00f5es ser\u00e1 divulgada no come\u00e7o de abril, ap\u00f3s an\u00e1lise da banca respons\u00e1vel pelo concurso e tamb\u00e9m ser\u00e1 publicada no portal.<\/p>\n\n\n\n<p>Inicialmente o concurso p\u00fablico para o QPPE oferta 253 vagas, tendo fun\u00e7\u00f5es para o Ensino M\u00e9dio, Ensino M\u00e9dio T\u00e9cnico (50 vagas) e Ensino Superior (203 vagas). No entanto, o certame tem validade de dois anos, sendo prorrog\u00e1vel por igual per\u00edodo. Isso permitir\u00e1 que em caso de necessidade o Governo do Paran\u00e1 convoque mais candidatos.<\/p>\n\n\n\n<p><strong>PROVA&nbsp;<\/strong>\u2013 A prova objetiva que acontece no dia 14 de abril \u00e9 uma etapa classificat\u00f3ria e eliminat\u00f3ria com 50 quest\u00f5es de m\u00faltipla escolha. Os candidatos ser\u00e3o classificados em ordem decrescente de pontos e ser\u00e3o aprovados os que obtiverem, no m\u00ednimo, 50% do total de pontos. Os candidatos aprovados passar\u00e3o ainda por avalia\u00e7\u00e3o m\u00e9dica.<\/p>\n\n\n\n<p><strong>VAGAS&nbsp;<\/strong>\u2013 Das 253 vagas oferecidas, 203 s\u00e3o destinadas a candidatos com forma\u00e7\u00e3o de n\u00edvel superior, chamados de Agentes Profissionais, abrangendo as seguintes \u00e1reas: Assistente Social (48 vagas), Administrador (45 vagas), Contador (42 vagas), Psic\u00f3logo (14 vagas), Economista (11 vagas), Comunicador Social (8 vagas), Engenheiro Civil (7 vagas), Estat\u00edstico (5 vagas), M\u00e9dico (3 vagas), Engenheiro Mec\u00e2nico (2 vagas), Bibliotec\u00e1rio (2 vagas), Engenheiro de Seguran\u00e7a do Trabalho (2 vagas), Analista de Procuradoria (2 vagas), Terapeuta Ocupacional (3 vagas), Nutricionista (2 vagas) Engenheiro Ambiental (1 vaga), Engenheiro Cart\u00f3grafo (1 vaga), Engenheiro de Pesca (1 vaga), Engenheiro Eletricista (1 vaga), Pedagogo (1 vaga) e Desenhista Industrial Gr\u00e1fico (1 vaga).<\/p>\n\n\n\n<p>Um destaque \u00e9 a inclus\u00e3o da carreira de Profissional de Tecnologia da Informa\u00e7\u00e3o, uma novidade para o Estado, dentro da pol\u00edtica de digitaliza\u00e7\u00e3o dos processos. O certame est\u00e1 com uma vaga aberta para a fun\u00e7\u00e3o.<\/p>\n\n\n\n<p>As 50 vagas restantes s\u00e3o para n\u00edvel m\u00e9dio\/t\u00e9cnico, ou Agentes de Execu\u00e7\u00e3o, contemplando as seguintes \u00e1reas: Enfermagem (24 vagas), T\u00e9cnico de Manejo e Meio Ambiente (9 vagas), Laborat\u00f3rio (6 vagas), Seguran\u00e7a do Trabalho (5 vagas), Fiscal Metrol\u00f3gico (4 vagas) e Fiscal de Meio Ambiente (2 vagas).<\/p>\n\n\n\n<p><strong>POSSE<\/strong>&nbsp;\u2013 A expectativa \u00e9 de que as nomea\u00e7\u00f5es aconte\u00e7am ainda em 2024, mas isso depender\u00e1 do andamento das etapas anteriores. Todas as informa\u00e7\u00f5es ser\u00e3o publicadas no portal oficial do concurso e anunciadas nos canais de comunica\u00e7\u00e3o oficiais do Governo do Paran\u00e1.<\/p>\n\n\n\n<p>Foto: Albari Rosa\/Arquivo AEN<\/p>\n","protected":false},"excerpt":{"rendered":"<p>O concurso para preencher mais de 250 vagas do Quadro Pr\u00f3prio do Poder Executivo (QPPE), anunciado no fim do ano passado, registrou 35.634 candidatos inscritos. Os dados s\u00e3o da Secretaria da Administra\u00e7\u00e3o e da Previd\u00eancia, que coordena o certame. A prova objetiva est\u00e1 marcada para o pr\u00f3ximo dia 14 de abril e acontecer\u00e1 em Curitiba, [&hellip;]<\/p>\n","protected":false},"author":2,"featured_media":17996,"comment_status":"open","ping_status":"open","sticky":false,"template":"","format":"standard","meta":{"om_disable_all_campaigns":false,"_monsterinsights_skip_tracking":false,"_monsterinsights_sitenote_active":false,"_monsterinsights_sitenote_note":"","_monsterinsights_sitenote_category":0,"footnotes":""},"categories":[18],"tags":[],"class_list":["post-17995","post","type-post","status-publish","format-standard","has-post-thumbnail","hentry","category-parana"],"_links":{"self":[{"href":"https:\/\/acontecenafronteira.com.br\/index.php\/wp-json\/wp\/v2\/posts\/17995","targetHints":{"allow":["GET"]}}],"collection":[{"href":"https:\/\/acontecenafronteira.com.br\/index.php\/wp-json\/wp\/v2\/posts"}],"about":[{"href":"https:\/\/acontecenafronteira.com.br\/index.php\/wp-json\/wp\/v2\/types\/post"}],"author":[{"embeddable":true,"href":"https:\/\/acontecenafronteira.com.br\/index.php\/wp-json\/wp\/v2\/users\/2"}],"replies":[{"embeddable":true,"href":"https:\/\/acontecenafronteira.com.br\/index.php\/wp-json\/wp\/v2\/comments?post=17995"}],"version-history":[{"count":1,"href":"https:\/\/acontecenafronteira.com.br\/index.php\/wp-json\/wp\/v2\/posts\/17995\/revisions"}],"predecessor-version":[{"id":17997,"href":"https:\/\/acontecenafronteira.com.br\/index.php\/wp-json\/wp\/v2\/posts\/17995\/revisions\/17997"}],"wp:featuredmedia":[{"embeddable":true,"href":"https:\/\/acontecenafronteira.com.br\/index.php\/wp-json\/wp\/v2\/media\/17996"}],"wp:attachment":[{"href":"https:\/\/acontecenafronteira.com.br\/index.php\/wp-json\/wp\/v2\/media?parent=17995"}],"wp:term":[{"taxonomy":"category","embeddable":true,"href":"https:\/\/acontecenafronteira.com.br\/index.php\/wp-json\/wp\/v2\/categories?post=17995"},{"taxonomy":"post_tag","embeddable":true,"href":"https:\/\/acontecenafronteira.com.br\/index.php\/wp-json\/wp\/v2\/tags?post=17995"}],"curies":[{"name":"wp","href":"https:\/\/api.w.org\/{rel}","templated":true}]}}