{"id":17979,"date":"2024-03-26T23:42:43","date_gmt":"2024-03-27T02:42:43","guid":{"rendered":"https:\/\/acontecenafronteira.com.br\/?p=17979"},"modified":"2024-03-26T23:42:44","modified_gmt":"2024-03-27T02:42:44","slug":"celebracao-da-pascoa-criancas-internadas-no-hospital-municipal-recebem-coelhinhos-e-tem-tarde-de-lazer-e-brincadeiras","status":"publish","type":"post","link":"https:\/\/acontecenafronteira.com.br\/index.php\/2024\/03\/26\/celebracao-da-pascoa-criancas-internadas-no-hospital-municipal-recebem-coelhinhos-e-tem-tarde-de-lazer-e-brincadeiras\/","title":{"rendered":"Celebra\u00e7\u00e3o da P\u00e1scoa: Crian\u00e7as internadas no Hospital Municipal recebem coelhinhos e t\u00eam tarde de lazer e brincadeiras"},"content":{"rendered":"\n<p><strong><em>Brinquedos foram doados na tarde desta segunda-feira (25) em uma parceria entre a unidade hospitalar e a Penitenci\u00e1ria Estadual III<\/em><\/strong><\/p>\n\n\n\n<p>Um momento especial aconteceu na Pediatria do Hospital Municipal Padre Germano Lauck, na tarde desta segunda-feira (25), com a entrega dos coelhinhos do projeto \u201cAmigurumi\u201d, confeccionados por pessoas privadas de liberdade da Penitenci\u00e1ria Estadual III de Foz do Igua\u00e7u.<\/p>\n\n\n\n<p>Cada coelhinho foi preparado com muito carinho, demonstrando um gesto de solidariedade e afeto para com as crian\u00e7as e beb\u00eas hospitalizados. Al\u00e9m disso, a equipe de enfermagem preparou a brinquedoteca para receber os presentes, tornando o ambiente ainda mais acolhedor para os pequenos. A equipe de nutri\u00e7\u00e3o tamb\u00e9m contribuiu, preparando um lanchinho da tarde especial para todos.<\/p>\n\n\n\n<p>O diretor assistencial do Hospital Municipal Andr\u00e9 Nobre, agradeceu a presen\u00e7a e o apoio de todos. \u201cGestos como esse unem institui\u00e7\u00f5es para um bem maior, proporcionando momentos de alegria e esperan\u00e7a durante o per\u00edodo de tratamento\u201d, ressaltou.<\/p>\n\n\n\n<p>J\u00e1 a coordenadora de enfermagem, Viviane Vieira, destacou a import\u00e2ncia de unir projetos valiosos, que trazem conforto e alegria para as crian\u00e7as hospitalizadas. &#8220;\u00c9 emocionante ver a comunidade unindo esfor\u00e7os para tornar o ambiente hospitalar mais acolhedor e humano. Agradecemos a todos que contribu\u00edram para tornar este momento poss\u00edvel.&#8221;<\/p>\n\n\n\n<p>O idealizador do projeto, policial penal Jos\u00e9 Roberto de Morais, compartilhou sua alegria e emo\u00e7\u00e3o em poder oferecer um pouco de conforto e felicidade \u00e0s crian\u00e7as durante seu per\u00edodo de recupera\u00e7\u00e3o. \u201cVer o sorriso no rosto das crian\u00e7as ao receberem os coelhinhos \u00e9 profundamente gratificante e nos motiva a continuar esse trabalho t\u00e3o importante. Fico emocionado por fazer parte de uma iniciativa que n\u00e3o s\u00f3 traz alegria para as crian\u00e7as, mas tamb\u00e9m promove a ressocializa\u00e7\u00e3o e inclus\u00e3o. O projeto Amigurumi, especialmente por envolver as pessoas privadas de liberdade, \u00e9 um exemplo claro disso. \u00c9 um privil\u00e9gio poder contribuir para o bem-estar delas e testemunhar o impacto positivo que podemos fazer em suas vidas por meio desse projeto\u201d, avaliou.<\/p>\n\n\n\n<p>A m\u00e3e de um dos pequenos pacientes emocionou-se ao ver a felicidade estampada no rosto de sua filha ao receber o presente. &#8220;\u00c9 incr\u00edvel ver como gestos simples podem fazer toda a diferen\u00e7a no dia dessas crian\u00e7as. Agrade\u00e7o de cora\u00e7\u00e3o a todos os envolvidos por proporcionarem momentos t\u00e3o especiais para nossos filhos durante esse per\u00edodo\u201d, afirmou.<br>Juraci Helena Audibert, presidente do Conselho da Comunidade do municipio, expressou seu total apoio ao projeto, destacando sua beleza e import\u00e2ncia. Ela agradeceu ao Departamento Penitenci\u00e1rio (DEPEN) por trazer tantas alegrias atrav\u00e9s desta iniciativa. Al\u00e9m disso, Juraci fez um apelo \u00e0 comunidade para que se engajem em trabalhos volunt\u00e1rios, ressaltando a valorosa contribui\u00e7\u00e3o que todos podem oferecer para promover o bem-estar e a inclus\u00e3o em nossa comunidade.<\/p>\n\n\n\n<p>O diretor-presidente do Hospital Municipal Andr\u00e9 Di Buriasco, ressaltou a import\u00e2ncia dessas iniciativas para o bem-estar emocional das crian\u00e7as hospitalizadas. &#8220;\u00c9 essencial proporcionar momentos de alegria e conforto para as crian\u00e7as que passam por tratamentos m\u00e9dicos. Agradecemos imensamente a todos os colaboradores e parceiros que tornaram esta celebra\u00e7\u00e3o de P\u00e1scoa poss\u00edvel. Que possamos continuar promovendo iniciativas que levem esperan\u00e7a e carinho \u00e0s nossas crian\u00e7as.&#8221;<\/p>\n\n\n\n<p>Foto: Thiago Dutra\/PMFI<\/p>\n","protected":false},"excerpt":{"rendered":"<p>Brinquedos foram doados na tarde desta segunda-feira (25) em uma parceria entre a unidade hospitalar e a Penitenci\u00e1ria Estadual III Um momento especial aconteceu na Pediatria do Hospital Municipal Padre Germano Lauck, na tarde desta segunda-feira (25), com a entrega dos coelhinhos do projeto \u201cAmigurumi\u201d, confeccionados por pessoas privadas de liberdade da Penitenci\u00e1ria Estadual III [&hellip;]<\/p>\n","protected":false},"author":2,"featured_media":17980,"comment_status":"open","ping_status":"open","sticky":false,"template":"","format":"standard","meta":{"om_disable_all_campaigns":false,"_monsterinsights_skip_tracking":false,"_monsterinsights_sitenote_active":false,"_monsterinsights_sitenote_note":"","_monsterinsights_sitenote_category":0,"footnotes":""},"categories":[4,13,10],"tags":[],"class_list":["post-17979","post","type-post","status-publish","format-standard","has-post-thumbnail","hentry","category-cidade","category-entretenimento","category-saude"],"_links":{"self":[{"href":"https:\/\/acontecenafronteira.com.br\/index.php\/wp-json\/wp\/v2\/posts\/17979","targetHints":{"allow":["GET"]}}],"collection":[{"href":"https:\/\/acontecenafronteira.com.br\/index.php\/wp-json\/wp\/v2\/posts"}],"about":[{"href":"https:\/\/acontecenafronteira.com.br\/index.php\/wp-json\/wp\/v2\/types\/post"}],"author":[{"embeddable":true,"href":"https:\/\/acontecenafronteira.com.br\/index.php\/wp-json\/wp\/v2\/users\/2"}],"replies":[{"embeddable":true,"href":"https:\/\/acontecenafronteira.com.br\/index.php\/wp-json\/wp\/v2\/comments?post=17979"}],"version-history":[{"count":1,"href":"https:\/\/acontecenafronteira.com.br\/index.php\/wp-json\/wp\/v2\/posts\/17979\/revisions"}],"predecessor-version":[{"id":17981,"href":"https:\/\/acontecenafronteira.com.br\/index.php\/wp-json\/wp\/v2\/posts\/17979\/revisions\/17981"}],"wp:featuredmedia":[{"embeddable":true,"href":"https:\/\/acontecenafronteira.com.br\/index.php\/wp-json\/wp\/v2\/media\/17980"}],"wp:attachment":[{"href":"https:\/\/acontecenafronteira.com.br\/index.php\/wp-json\/wp\/v2\/media?parent=17979"}],"wp:term":[{"taxonomy":"category","embeddable":true,"href":"https:\/\/acontecenafronteira.com.br\/index.php\/wp-json\/wp\/v2\/categories?post=17979"},{"taxonomy":"post_tag","embeddable":true,"href":"https:\/\/acontecenafronteira.com.br\/index.php\/wp-json\/wp\/v2\/tags?post=17979"}],"curies":[{"name":"wp","href":"https:\/\/api.w.org\/{rel}","templated":true}]}}