{"id":17972,"date":"2024-03-25T23:37:37","date_gmt":"2024-03-26T02:37:37","guid":{"rendered":"https:\/\/acontecenafronteira.com.br\/?p=17972"},"modified":"2024-03-25T23:37:38","modified_gmt":"2024-03-26T02:37:38","slug":"iat-formaliza-intercambio-de-tecnologia-com-instituto-mineiro-de-gestao-das-aguas","status":"publish","type":"post","link":"https:\/\/acontecenafronteira.com.br\/index.php\/2024\/03\/25\/iat-formaliza-intercambio-de-tecnologia-com-instituto-mineiro-de-gestao-das-aguas\/","title":{"rendered":"IAT formaliza interc\u00e2mbio de tecnologia com Instituto Mineiro de Gest\u00e3o das \u00c1guas"},"content":{"rendered":"\n<p><strong><em>O Instituto \u00c1gua e Terra (IAT) formalizou o Termo de Coopera\u00e7\u00e3o T\u00e9cnica com o Instituto Mineiro de Gest\u00e3o das \u00c1guas (IGAM) para o interc\u00e2mbio de informa\u00e7\u00f5es em rela\u00e7\u00e3o \u00e0 gest\u00e3o dos recursos h\u00eddricos. A medida busca o compartilhamento de conhecimento e a transfer\u00eancia m\u00fatua de tecnologias.<\/em><\/strong><\/p>\n\n\n\n<p>No acordo, o \u00f3rg\u00e3o ambiental do Paran\u00e1 vai disponibilizar ao governo de Minas Gerais o uso do Sistema de Gest\u00e3o de Bacias hidrogr\u00e1ficas (SGBH). A partir desta ades\u00e3o, a ferramenta, desenvolvida pelo IAT, ser\u00e1 aprimorada em conjunto com o IGAM, passando a servir aos dois institutos.<\/p>\n\n\n\n<p>O compromisso foi assinado na sexta-feira (22) pelo diretor-presidente do IAT, Everton Souza, e pelo diretor-geral do IGAM, Marcelo da Fonseca, durante a celebra\u00e7\u00e3o da Semana da \u00c1gua 2024, organizada pelo Sistema Estadual de Meio Ambiente e Recursos H\u00eddricos de Minas Gerais (Sisema), em Belo Horizonte (MG).<\/p>\n\n\n\n<blockquote class=\"wp-block-quote is-layout-flow wp-block-quote-is-layout-flow\">\n<p>\u201cO IGAM \u00e9 nosso parceiro em uma s\u00e9rie de inciativas, como na execu\u00e7\u00e3o do Plano Nacional de Recursos H\u00eddricos. Esse termo de coopera\u00e7\u00e3o vai nos permitir auxiliar o instituto mineiro na gest\u00e3o dos recursos h\u00eddricos e fazer com que a ferramenta seja melhorada em busca de melhores resultados\u201d, afirmou Souza.<\/p>\n<\/blockquote>\n\n\n\n<p>O SGBH foi&nbsp;<a href=\"https:\/\/www.aen.pr.gov.br\/Noticia\/Governo-lanca-sistema-digital-para-gestao-de-Bacias-Hidrograficas-do-Parana\" target=\"_blank\" rel=\"noreferrer noopener\">lan\u00e7ado pelo IAT em julho do ano passado<\/a>. Desenvolvido pelo N\u00facleo de Intelig\u00eancia Geogr\u00e1fica e da Informa\u00e7\u00e3o (NGI) do \u00f3rg\u00e3o, o sistema permite agrupar informa\u00e7\u00f5es, facilitando a gest\u00e3o dos Comit\u00eas de Bacias Hidrogr\u00e1ficas do Paran\u00e1 (CBHs).<\/p>\n\n\n\n<p>O SGBH possui seis m\u00f3dulos para auxiliar os gestores a reunirem informa\u00e7\u00f5es de composi\u00e7\u00e3o dos comit\u00eas, atas e delibera\u00e7\u00f5es de reuni\u00f5es, planos de recursos h\u00eddricos, cobran\u00e7a pelo uso da \u00e1gua, al\u00e9m da gest\u00e3o financeira com possibilidade de acompanhamento das contas individuais de cada comit\u00ea, novos projetos e outros indicadores.<\/p>\n\n\n\n<p>H\u00e1, ainda, um espa\u00e7o exclusivo para o p\u00fablico externo, o m\u00f3dulo geogr\u00e1fico, com informa\u00e7\u00f5es, mapas e gr\u00e1ficos cadastrados pelos comit\u00eas. Em breve, o m\u00f3dulo disponibilizar\u00e1 consultas sobre as caracter\u00edsticas das bacias hidrogr\u00e1ficas do Estado como o consumo da \u00e1gua e dados de saneamento.<\/p>\n\n\n\n<blockquote class=\"wp-block-quote is-layout-flow wp-block-quote-is-layout-flow\">\n<p>\u201cTenho certeza que, com essa troca de informa\u00e7\u00f5es, vamos melhorar ainda mais essa ferramenta t\u00e3o importante para a gest\u00e3o dos recursos h\u00eddricos do Paran\u00e1, ampliando os cuidados com a \u00e1gua para o Pa\u00eds como um todo\u201d, disse o diretor de Saneamento Ambiental e Recursos H\u00eddricos do IAT, Jos\u00e9 Luiz Scroccaro.<\/p>\n<\/blockquote>\n\n\n\n<p><strong>i9 AMBIENTAL<\/strong>&nbsp;\u2013 O IAT investiu cerca de R$ 1,5 milh\u00e3o no desenvolvimento do SGBH, ferramenta dispon\u00edvel para os 11 Comit\u00eas de Bacias Hidrogr\u00e1ficas do Paran\u00e1. A plataforma integra o Sistema de Informa\u00e7\u00e3o para Gest\u00e3o Ambiental e de Recursos H\u00eddricos (SIGARH), conjunto que comp\u00f5e o Programa i9 Ambiental, que visa a moderniza\u00e7\u00e3o e centraliza\u00e7\u00e3o de dados relacionados \u00e0 gest\u00e3o ambiental, de recursos h\u00eddricos e territoriais.<\/p>\n\n\n\n<p>O i9 integra a Plataforma Inteligente Gest\u00e3o Ambiental, planejada para ser um grande hub de sistemas interconectados entre si pela Infraestrutura de Dados Espaciais do Paran\u00e1 denominada GeoPR. \u00c9 nesse arcabou\u00e7o digital que estar\u00e3o os dados cartogr\u00e1ficos e cadastrais organizados e atualizados, redes de monitoramento ambiental e ferramentas de suporte \u00e0 decis\u00e3o baseadas em geotecnologias, denominada Intelig\u00eancia Geogr\u00e1fica (IG).<\/p>\n\n\n\n<p><strong>PARAN\u00c1 EFICIENTE<\/strong>&nbsp;\u2013 O i9 tamb\u00e9m faz parte do programa Paran\u00e1 Eficiente, elaborado pelo Governo do Estado com financiamento do Banco Mundial no valor de US$ 130 milh\u00f5es. A proposta prev\u00ea a inova\u00e7\u00e3o e a moderniza\u00e7\u00e3o da Gest\u00e3o P\u00fablica no Paran\u00e1 com o objetivo implementar projetos de gest\u00e3o ambiental, de sa\u00fade e de inova\u00e7\u00e3o e moderniza\u00e7\u00e3o da administra\u00e7\u00e3o do Estado.<\/p>\n\n\n\n<p>Desenvolvido e gerenciado pela Secretaria de Estado do Planejamento, o programa \u00e9 multissetorial, com projetos que envolvem as secretarias de Estado da Sa\u00fade, da Administra\u00e7\u00e3o e Previd\u00eancia, do Desenvolvimento Sustent\u00e1vel e da Fazenda, al\u00e9m da Casa Civil, Coordenadoria Estadual da Defesa Civil e Controladoria-Geral do Estado.<\/p>\n\n\n\n<p>Foto: Robson Santos\/Ascom Sisema<\/p>\n","protected":false},"excerpt":{"rendered":"<p>O Instituto \u00c1gua e Terra (IAT) formalizou o Termo de Coopera\u00e7\u00e3o T\u00e9cnica com o Instituto Mineiro de Gest\u00e3o das \u00c1guas (IGAM) para o interc\u00e2mbio de informa\u00e7\u00f5es em rela\u00e7\u00e3o \u00e0 gest\u00e3o dos recursos h\u00eddricos. A medida busca o compartilhamento de conhecimento e a transfer\u00eancia m\u00fatua de tecnologias. No acordo, o \u00f3rg\u00e3o ambiental do Paran\u00e1 vai disponibilizar [&hellip;]<\/p>\n","protected":false},"author":2,"featured_media":17973,"comment_status":"open","ping_status":"open","sticky":false,"template":"","format":"standard","meta":{"om_disable_all_campaigns":false,"_monsterinsights_skip_tracking":false,"_monsterinsights_sitenote_active":false,"_monsterinsights_sitenote_note":"","_monsterinsights_sitenote_category":0,"footnotes":""},"categories":[18],"tags":[],"class_list":["post-17972","post","type-post","status-publish","format-standard","has-post-thumbnail","hentry","category-parana"],"_links":{"self":[{"href":"https:\/\/acontecenafronteira.com.br\/index.php\/wp-json\/wp\/v2\/posts\/17972","targetHints":{"allow":["GET"]}}],"collection":[{"href":"https:\/\/acontecenafronteira.com.br\/index.php\/wp-json\/wp\/v2\/posts"}],"about":[{"href":"https:\/\/acontecenafronteira.com.br\/index.php\/wp-json\/wp\/v2\/types\/post"}],"author":[{"embeddable":true,"href":"https:\/\/acontecenafronteira.com.br\/index.php\/wp-json\/wp\/v2\/users\/2"}],"replies":[{"embeddable":true,"href":"https:\/\/acontecenafronteira.com.br\/index.php\/wp-json\/wp\/v2\/comments?post=17972"}],"version-history":[{"count":1,"href":"https:\/\/acontecenafronteira.com.br\/index.php\/wp-json\/wp\/v2\/posts\/17972\/revisions"}],"predecessor-version":[{"id":17974,"href":"https:\/\/acontecenafronteira.com.br\/index.php\/wp-json\/wp\/v2\/posts\/17972\/revisions\/17974"}],"wp:featuredmedia":[{"embeddable":true,"href":"https:\/\/acontecenafronteira.com.br\/index.php\/wp-json\/wp\/v2\/media\/17973"}],"wp:attachment":[{"href":"https:\/\/acontecenafronteira.com.br\/index.php\/wp-json\/wp\/v2\/media?parent=17972"}],"wp:term":[{"taxonomy":"category","embeddable":true,"href":"https:\/\/acontecenafronteira.com.br\/index.php\/wp-json\/wp\/v2\/categories?post=17972"},{"taxonomy":"post_tag","embeddable":true,"href":"https:\/\/acontecenafronteira.com.br\/index.php\/wp-json\/wp\/v2\/tags?post=17972"}],"curies":[{"name":"wp","href":"https:\/\/api.w.org\/{rel}","templated":true}]}}