{"id":17962,"date":"2024-03-22T23:42:31","date_gmt":"2024-03-23T02:42:31","guid":{"rendered":"https:\/\/acontecenafronteira.com.br\/?p=17962"},"modified":"2024-03-22T23:42:32","modified_gmt":"2024-03-23T02:42:32","slug":"no-dia-mundial-da-agua-sanepar-lanca-programa-para-definir-metas-e-tipos-de-reuso","status":"publish","type":"post","link":"https:\/\/acontecenafronteira.com.br\/index.php\/2024\/03\/22\/no-dia-mundial-da-agua-sanepar-lanca-programa-para-definir-metas-e-tipos-de-reuso\/","title":{"rendered":"No Dia Mundial da \u00c1gua, Sanepar lan\u00e7a programa para definir metas e tipos de re\u00faso"},"content":{"rendered":"\n<p><strong><em>A Sanepar lan\u00e7ou nesta sexta-feira (22), Dia Mundial da \u00c1gua, um amplo programa para definir metas e aplica\u00e7\u00f5es de \u00e1gua de re\u00faso em escala estadual. O programa ser\u00e1 sistematizado por uma equipe multidisciplinar da Companhia, baseado em a\u00e7\u00f5es transformadoras que visam a seguran\u00e7a e a resili\u00eancia h\u00eddrica a fim de minimizar os efeitos das mudan\u00e7as clim\u00e1ticas.<\/em><\/strong><\/p>\n\n\n\n<p>O grupo de trabalho estudar\u00e1 alternativas de re\u00faso da \u00e1gua em quatro frentes de utiliza\u00e7\u00e3o: urbano, agr\u00edcola, industrial e indireto pot\u00e1vel. No caso da Sanepar, o foco principal \u00e9 o reaproveitamento do resultado no tratamento de esgoto, que gera grandes quantidades de \u00e1gua de alt\u00edssima qualidade.<\/p>\n\n\n\n<p>A partir do complexo de esta\u00e7\u00f5es de tratamento de esgoto, que re\u00fane 264 unidades, a Companhia ir\u00e1 definir o potencial de produ\u00e7\u00e3o e as possibilidades de aplica\u00e7\u00e3o em cada regi\u00e3o. O interesse por esse sistema vem crescendo no mundo todo e foi tema de um encontro de diretores da Sanepar com t\u00e9cnicos do Banco Mundial, em Curitiba, nesta quinta-feira (21).<\/p>\n\n\n\n<p>O objetivo do programa \u00e9 substituir o uso da \u00e1gua pot\u00e1vel por \u00e1gua de re\u00faso em aplica\u00e7\u00f5es de grande escala. Os efluentes das esta\u00e7\u00f5es de tratamento da Sanepar s\u00e3o de boa qualidade e muitas vezes com carga org\u00e2nica bem abaixo do limite de outorga definido pelo Instituto \u00c1gua e Terra (IAT). Isso significa que, com menos investimentos, essa \u00e1gua pode ser renaturalizada para diversos fins, inclusive o re\u00faso indireto pot\u00e1vel.<\/p>\n\n\n\n<p>\u201cEstamos vivendo os efeitos das mudan\u00e7as clim\u00e1ticas com forte impacto ambiental, com impacto na vida de todos os seres que habitam nosso planeta. O uso da \u00e1gua tem que ser seletivo. N\u00e3o podemos continuar usando \u00e1gua pot\u00e1vel em alguns processos, na ind\u00fastria, em irriga\u00e7\u00e3o agr\u00edcola e na limpeza de espa\u00e7os p\u00fablicos, por exemplo. Por isso, estamos buscando novas alternativas, que garantam par\u00e2metros seguros de utiliza\u00e7\u00e3o\u201d, afirma o diretor-presidente da Companhia, Claudio Stabile.<\/p>\n\n\n\n<p><strong>PIONEIRISMO<\/strong>&nbsp;\u2013 A Sanepar j\u00e1 tem boas experi\u00eancias nessa \u00e1rea. H\u00e1 mais de 20 anos disponibiliza \u00e1gua de re\u00faso para o setor industrial em Arauc\u00e1ria. E est\u00e1 desenvolvendo projeto-piloto, em Matel\u00e2ndia, na regi\u00e3o Oeste do Estado, para fins de re\u00faso agr\u00edcola da \u00e1gua da esta\u00e7\u00e3o de tratamento de esgoto (ETE) Ocoizinho.<\/p>\n\n\n\n<p>Foto: Andr\u00e9 Thiago Chaves\/SANEPAR<\/p>\n","protected":false},"excerpt":{"rendered":"<p>A Sanepar lan\u00e7ou nesta sexta-feira (22), Dia Mundial da \u00c1gua, um amplo programa para definir metas e aplica\u00e7\u00f5es de \u00e1gua de re\u00faso em escala estadual. O programa ser\u00e1 sistematizado por uma equipe multidisciplinar da Companhia, baseado em a\u00e7\u00f5es transformadoras que visam a seguran\u00e7a e a resili\u00eancia h\u00eddrica a fim de minimizar os efeitos das mudan\u00e7as [&hellip;]<\/p>\n","protected":false},"author":2,"featured_media":17963,"comment_status":"open","ping_status":"open","sticky":false,"template":"","format":"standard","meta":{"om_disable_all_campaigns":false,"_monsterinsights_skip_tracking":false,"_monsterinsights_sitenote_active":false,"_monsterinsights_sitenote_note":"","_monsterinsights_sitenote_category":0,"footnotes":""},"categories":[18],"tags":[],"class_list":["post-17962","post","type-post","status-publish","format-standard","has-post-thumbnail","hentry","category-parana"],"_links":{"self":[{"href":"https:\/\/acontecenafronteira.com.br\/index.php\/wp-json\/wp\/v2\/posts\/17962","targetHints":{"allow":["GET"]}}],"collection":[{"href":"https:\/\/acontecenafronteira.com.br\/index.php\/wp-json\/wp\/v2\/posts"}],"about":[{"href":"https:\/\/acontecenafronteira.com.br\/index.php\/wp-json\/wp\/v2\/types\/post"}],"author":[{"embeddable":true,"href":"https:\/\/acontecenafronteira.com.br\/index.php\/wp-json\/wp\/v2\/users\/2"}],"replies":[{"embeddable":true,"href":"https:\/\/acontecenafronteira.com.br\/index.php\/wp-json\/wp\/v2\/comments?post=17962"}],"version-history":[{"count":1,"href":"https:\/\/acontecenafronteira.com.br\/index.php\/wp-json\/wp\/v2\/posts\/17962\/revisions"}],"predecessor-version":[{"id":17964,"href":"https:\/\/acontecenafronteira.com.br\/index.php\/wp-json\/wp\/v2\/posts\/17962\/revisions\/17964"}],"wp:featuredmedia":[{"embeddable":true,"href":"https:\/\/acontecenafronteira.com.br\/index.php\/wp-json\/wp\/v2\/media\/17963"}],"wp:attachment":[{"href":"https:\/\/acontecenafronteira.com.br\/index.php\/wp-json\/wp\/v2\/media?parent=17962"}],"wp:term":[{"taxonomy":"category","embeddable":true,"href":"https:\/\/acontecenafronteira.com.br\/index.php\/wp-json\/wp\/v2\/categories?post=17962"},{"taxonomy":"post_tag","embeddable":true,"href":"https:\/\/acontecenafronteira.com.br\/index.php\/wp-json\/wp\/v2\/tags?post=17962"}],"curies":[{"name":"wp","href":"https:\/\/api.w.org\/{rel}","templated":true}]}}