{"id":17919,"date":"2024-03-18T23:47:07","date_gmt":"2024-03-19T02:47:07","guid":{"rendered":"https:\/\/acontecenafronteira.com.br\/?p=17919"},"modified":"2024-03-18T23:47:09","modified_gmt":"2024-03-19T02:47:09","slug":"conferencia-estadual-de-ciencia-tecnologia-e-inovacao-reune-liderancas-e-academicos","status":"publish","type":"post","link":"https:\/\/acontecenafronteira.com.br\/index.php\/2024\/03\/18\/conferencia-estadual-de-ciencia-tecnologia-e-inovacao-reune-liderancas-e-academicos\/","title":{"rendered":"Confer\u00eancia Estadual de Ci\u00eancia, Tecnologia e Inova\u00e7\u00e3o re\u00fane lideran\u00e7as e acad\u00eamicos"},"content":{"rendered":"\n<p><strong><em>Engajar a sociedade na defini\u00e7\u00e3o de prioridades para a ci\u00eancia, tecnologia e inova\u00e7\u00e3o. Esse \u00e9 o objetivo da 5\u00aa Confer\u00eancia Estadual de Ci\u00eancia, Tecnologia e Inova\u00e7\u00e3o do Paran\u00e1, mobilizada pelo Governo do Estado para impulsionar o desenvolvimento socioecon\u00f4mico sustent\u00e1vel com base no conhecimento. <\/em><\/strong><\/p>\n\n\n\n<p>O evento ser\u00e1 nos dias 3 e 4 de abril, em Curitiba, com a participa\u00e7\u00e3o de estudantes, professores, pesquisadores, segmento produtivo empresarial e terceiro setor. As inscri\u00e7\u00f5es s\u00e3o gratuitas e est\u00e3o dispon\u00edveis\u00a0<a href=\"https:\/\/www.uvpr.pr.gov.br\/ccti\/\" target=\"_blank\" rel=\"noreferrer noopener\"><strong>AQUI<\/strong><\/a>.\u00a0<\/p>\n\n\n\n<p>A Secretaria estadual da Ci\u00eancia, Tecnologia e Ensino Superior (Seti) est\u00e1 articulando uma programa\u00e7\u00e3o colaborativa com v\u00e1rias institui\u00e7\u00f5es p\u00fablicas e privadas das \u00e1reas de educa\u00e7\u00e3o e pesquisa, al\u00e9m de ambientes promotores de inova\u00e7\u00e3o e organiza\u00e7\u00f5es da sociedade civil. Com o tema Justi\u00e7a, Sustentabilidade e Desenvolvimento, o intuito \u00e9 promover a participa\u00e7\u00e3o cidad\u00e3, a fim de subsidiar a formula\u00e7\u00e3o de pol\u00edticas p\u00fablicas para o fortalecimento e a amplia\u00e7\u00e3o do fomento cient\u00edfico, tecnol\u00f3gico e dos ecossistemas de inova\u00e7\u00e3o paranaenses.<\/p>\n\n\n\n<p>A a\u00e7\u00e3o conta com a parceria da Secretaria da Inova\u00e7\u00e3o, Moderniza\u00e7\u00e3o e Transforma\u00e7\u00e3o Digital (SEI), da Funda\u00e7\u00e3o Arauc\u00e1ria de Apoio ao Desenvolvimento Cient\u00edfico e Tecnol\u00f3gico e da Universidade Tecnol\u00f3gica Federal do Paran\u00e1 (UTFPR). No \u00e2mbito nacional, o evento tem o apoio do Minist\u00e9rio da Ci\u00eancia, Tecnologia e Inova\u00e7\u00e3o (MCTI).<\/p>\n\n\n\n<p>A expectativa \u00e9 reunir 400 participantes de todas as regi\u00f5es do territ\u00f3rio paranaense, em torno de sete eixos tem\u00e1ticos: financiamento e a gest\u00e3o da pesquisa e inova\u00e7\u00e3o; forma\u00e7\u00e3o de recursos humanos qualificados; reindustrializa\u00e7\u00e3o e incentivo para inova\u00e7\u00e3o nas empresas; programas e projetos estrat\u00e9gicos; defesa, valoriza\u00e7\u00e3o e difus\u00e3o cient\u00edfica e tecnol\u00f3gica; desenvolvimento social e inclus\u00e3o; e juventude.<\/p>\n\n\n\n<p>Para conduzir as delibera\u00e7\u00f5es, foram indicadas 150 lideran\u00e7as da comunidade cient\u00edfica, que durante os dois dias de programa\u00e7\u00e3o, juntamente com os demais participantes, ir\u00e3o enriquecer os debates com foco nos avan\u00e7os e desafios da \u00e1rea da ci\u00eancia, tecnologia e inova\u00e7\u00e3o do Paran\u00e1. Os grupos de trabalho re\u00fanem, ainda, mais de 20 relatores e moderadores, que ir\u00e3o atuar na articula\u00e7\u00e3o das sugest\u00f5es de propostas.<\/p>\n\n\n\n<p>O secret\u00e1rio estadual da Ci\u00eancia, Tecnologia e Ensino Superior, Aldo Bona, destaca a import\u00e2ncia da confer\u00eancia para a democratiza\u00e7\u00e3o cient\u00edfica. \u201cAs confer\u00eancias representam uma a\u00e7\u00e3o multissetorial e um espa\u00e7o de di\u00e1logo aberto e plural para que as pol\u00edticas p\u00fablicas nessa \u00e1rea estejam alinhadas com as demandas e prioridades da sociedade, respondendo aos desafios e oportunidades do estado, da regi\u00e3o e do pa\u00eds, de forma eficiente e eficaz na promo\u00e7\u00e3o do desenvolvimento cient\u00edfico, tecnol\u00f3gico e inovador\u201d, afirma.<\/p>\n\n\n\n<p>No primeiro dia do evento, al\u00e9m dos grupos de trabalho, est\u00e1 previsto um painel com representantes do governo sobre a \u00e1rea de ci\u00eancia, tecnologia e inova\u00e7\u00e3o do Paran\u00e1. No segundo dia, o destaque ser\u00e1 uma palestra sobre oportunidades de coopera\u00e7\u00e3o internacional, ministrada pelo jurista Dhallys Mota Nunes, que atua como oficial de pol\u00edticas de ci\u00eancia, tecnologia e inova\u00e7\u00e3o da Uni\u00e3o Europeia para o Brasil.<\/p>\n\n\n\n<p><strong>PROPOSTAS<\/strong>&nbsp;\u2013 O relat\u00f3rio da confer\u00eancia estadual ser\u00e1 utilizado como base preparat\u00f3ria para a confer\u00eancia regional Sul, prevista para acontecer nos dias 25 e 26 de abril, tamb\u00e9m em Curitiba, com participantes e propostas do Rio Grande do Sul e Santa Catarina.<\/p>\n\n\n\n<p>Em todo o Brasil, os eventos estaduais e regionais precedem a&nbsp;<strong><a href=\"https:\/\/www.gov.br\/mcti\/pt-br\/centrais-de-conteudo\/v_conferencia_nacional_de_cti\" target=\"_blank\" rel=\"noreferrer noopener\">5\u00aa Confer\u00eancia Nacional de Ci\u00eancia, Tecnologia e Inova\u00e7\u00e3o<\/a><\/strong>, que ser\u00e1 realizada pelo MCTI, no per\u00edodo de 4 a 6 de junho, em Bras\u00edlia (DF). Os documentos compilados nos eventos regionais devem contribuir para a elabora\u00e7\u00e3o da Estrat\u00e9gia Nacional de Ci\u00eancia, Tecnologia e Inova\u00e7\u00e3o (ENCTI) 2024-2030.<\/p>\n\n\n\n<p><strong>PARCERIA<\/strong>&nbsp;\u2013 Al\u00e9m da UTFPR, anfitri\u00e3 da confer\u00eancia estadual deste ano, o evento envolve um grande conjunto de institui\u00e7\u00f5es de ensino superior: Universidade Federal do Paran\u00e1 (UFPR); Universidade Federal da Integra\u00e7\u00e3o Latino-Americana (Unila); Universidade Federal da Fronteira Sul (UFFS); Instituto Federal de Educa\u00e7\u00e3o, Ci\u00eancia e Tecnologia do Paran\u00e1 (IFPR); Universidade Estadual de Londrina (UEL); Universidade Estadual de Maring\u00e1 (UEM); Universidade Estadual de Ponta Grossa (UEPG); Universidade Estadual do Oeste do Paran\u00e1 (Unioeste); Universidade Estadual do Centro-Oeste (Unicentro); Universidade Estadual do Norte do Paran\u00e1 (UENP); Universidade Estadual do Paran\u00e1 (Unespar); e Pontif\u00edcia Universidade Cat\u00f3lica do Paran\u00e1 (PUCPR).<\/p>\n\n\n\n<p><strong>Servi\u00e7o:<\/strong><\/p>\n\n\n\n<p>5\u00aa Confer\u00eancia Estadual de Ci\u00eancia, Tecnologia e Inova\u00e7\u00e3o do Paran\u00e1<\/p>\n\n\n\n<p>Data: 3 e 4 de abril<\/p>\n\n\n\n<p>Local: Universidade Tecnol\u00f3gica Federal do Paran\u00e1 (UTFPR) \u2013 Curitiba (PR)<\/p>\n\n\n\n<p>Inscri\u00e7\u00f5es&nbsp;<strong><a href=\"https:\/\/www.uvpr.pr.gov.br\/ccti\/\" target=\"_blank\" rel=\"noreferrer noopener\">AQUI<\/a><\/strong><\/p>\n\n\n\n<p>Foto: SETI<\/p>\n","protected":false},"excerpt":{"rendered":"<p>Engajar a sociedade na defini\u00e7\u00e3o de prioridades para a ci\u00eancia, tecnologia e inova\u00e7\u00e3o. Esse \u00e9 o objetivo da 5\u00aa Confer\u00eancia Estadual de Ci\u00eancia, Tecnologia e Inova\u00e7\u00e3o do Paran\u00e1, mobilizada pelo Governo do Estado para impulsionar o desenvolvimento socioecon\u00f4mico sustent\u00e1vel com base no conhecimento. O evento ser\u00e1 nos dias 3 e 4 de abril, em Curitiba, [&hellip;]<\/p>\n","protected":false},"author":2,"featured_media":17920,"comment_status":"open","ping_status":"open","sticky":false,"template":"","format":"standard","meta":{"om_disable_all_campaigns":false,"_monsterinsights_skip_tracking":false,"_monsterinsights_sitenote_active":false,"_monsterinsights_sitenote_note":"","_monsterinsights_sitenote_category":0,"footnotes":""},"categories":[18],"tags":[],"class_list":["post-17919","post","type-post","status-publish","format-standard","has-post-thumbnail","hentry","category-parana"],"_links":{"self":[{"href":"https:\/\/acontecenafronteira.com.br\/index.php\/wp-json\/wp\/v2\/posts\/17919","targetHints":{"allow":["GET"]}}],"collection":[{"href":"https:\/\/acontecenafronteira.com.br\/index.php\/wp-json\/wp\/v2\/posts"}],"about":[{"href":"https:\/\/acontecenafronteira.com.br\/index.php\/wp-json\/wp\/v2\/types\/post"}],"author":[{"embeddable":true,"href":"https:\/\/acontecenafronteira.com.br\/index.php\/wp-json\/wp\/v2\/users\/2"}],"replies":[{"embeddable":true,"href":"https:\/\/acontecenafronteira.com.br\/index.php\/wp-json\/wp\/v2\/comments?post=17919"}],"version-history":[{"count":1,"href":"https:\/\/acontecenafronteira.com.br\/index.php\/wp-json\/wp\/v2\/posts\/17919\/revisions"}],"predecessor-version":[{"id":17921,"href":"https:\/\/acontecenafronteira.com.br\/index.php\/wp-json\/wp\/v2\/posts\/17919\/revisions\/17921"}],"wp:featuredmedia":[{"embeddable":true,"href":"https:\/\/acontecenafronteira.com.br\/index.php\/wp-json\/wp\/v2\/media\/17920"}],"wp:attachment":[{"href":"https:\/\/acontecenafronteira.com.br\/index.php\/wp-json\/wp\/v2\/media?parent=17919"}],"wp:term":[{"taxonomy":"category","embeddable":true,"href":"https:\/\/acontecenafronteira.com.br\/index.php\/wp-json\/wp\/v2\/categories?post=17919"},{"taxonomy":"post_tag","embeddable":true,"href":"https:\/\/acontecenafronteira.com.br\/index.php\/wp-json\/wp\/v2\/tags?post=17919"}],"curies":[{"name":"wp","href":"https:\/\/api.w.org\/{rel}","templated":true}]}}