{"id":17894,"date":"2024-03-14T23:19:49","date_gmt":"2024-03-15T02:19:49","guid":{"rendered":"https:\/\/acontecenafronteira.com.br\/?p=17894"},"modified":"2024-03-14T23:19:50","modified_gmt":"2024-03-15T02:19:50","slug":"procons-do-parana-promovem-acoes-para-marcar-o-dia-internacional-do-consumidor","status":"publish","type":"post","link":"https:\/\/acontecenafronteira.com.br\/index.php\/2024\/03\/14\/procons-do-parana-promovem-acoes-para-marcar-o-dia-internacional-do-consumidor\/","title":{"rendered":"Procons do Paran\u00e1 promovem a\u00e7\u00f5es para marcar o Dia Internacional do Consumidor"},"content":{"rendered":"\n<p><strong><em>A Secretaria de Estado da Justi\u00e7a e Cidadania, por meio da Coordena\u00e7\u00e3o Estadual de Prote\u00e7\u00e3o e Defesa do Consumidor (Procon-PR), realiza nesta sexta-feira (15), em Curitiba, uma a\u00e7\u00e3o para marcar o Dia Internacional do Consumidor. Quem passar pelo cal\u00e7ad\u00e3o da Rua XV de Novembro (Boca Madita) vai receber orienta\u00e7\u00f5es e materiais educativos. Os Procons municipais promover\u00e3o atividades simultaneamente.<\/em><\/strong><\/p>\n\n\n\n<p>Na Capital, as atividades acontecem das 9h \u00e0s 16h em parceria com a Associa\u00e7\u00e3o Comercial do Paran\u00e1 (ACP), Copel e Sanepar. O atendimento na sede do Procon-PR ocorrer\u00e1 normalmente, das 8h \u00e0s 17h.<\/p>\n\n\n\n<blockquote class=\"wp-block-quote is-layout-flow wp-block-quote-is-layout-flow\">\n<p>\u201cMais do que comemorar, o dia 15 de mar\u00e7o deve ser uma data de reflex\u00e3o sobre como as pol\u00edticas p\u00fablicas implementadas pelos governos podem melhorar e facilitar a jornada do consumidor, al\u00e9m de garantir a prote\u00e7\u00e3o dos seus direitos\u201d, disse o secret\u00e1rio estadual da Justi\u00e7a e Cidadania, Santin Roveda.<\/p>\n<\/blockquote>\n\n\n\n<p>Os Procons municipais tamb\u00e9m far\u00e3o diversos eventos como palestras, distribui\u00e7\u00e3o de material educativo, fiscaliza\u00e7\u00e3o simulada com crian\u00e7as, caminhadas e rodas de conversa, entre outras a\u00e7\u00f5es. A programa\u00e7\u00e3o deve ser consultada no \u00f3rg\u00e3o de cada cidade.<\/p>\n\n\n\n<p><strong>DIA INTERNACIONAL&nbsp;<\/strong>\u2013&nbsp;No dia 15 de mar\u00e7o de 1962, o ent\u00e3o presidente americano John Kennedy, em um discurso no congresso americano, pontuou quatro importantes direitos b\u00e1sicos do consumidor: o direito \u00e0 seguran\u00e7a, o direito de ser informado, o direito de escolha e o direito de ser ouvido. Desde ent\u00e3o, a data foi institu\u00edda o Dia Internacional do Consumidor.<\/p>\n\n\n\n<p>Foto: Geraldo Bubniak\/AEN<\/p>\n","protected":false},"excerpt":{"rendered":"<p>A Secretaria de Estado da Justi\u00e7a e Cidadania, por meio da Coordena\u00e7\u00e3o Estadual de Prote\u00e7\u00e3o e Defesa do Consumidor (Procon-PR), realiza nesta sexta-feira (15), em Curitiba, uma a\u00e7\u00e3o para marcar o Dia Internacional do Consumidor. Quem passar pelo cal\u00e7ad\u00e3o da Rua XV de Novembro (Boca Madita) vai receber orienta\u00e7\u00f5es e materiais educativos. Os Procons municipais [&hellip;]<\/p>\n","protected":false},"author":2,"featured_media":17895,"comment_status":"open","ping_status":"open","sticky":false,"template":"","format":"standard","meta":{"om_disable_all_campaigns":false,"_monsterinsights_skip_tracking":false,"_monsterinsights_sitenote_active":false,"_monsterinsights_sitenote_note":"","_monsterinsights_sitenote_category":0,"footnotes":""},"categories":[18],"tags":[],"class_list":["post-17894","post","type-post","status-publish","format-standard","has-post-thumbnail","hentry","category-parana"],"_links":{"self":[{"href":"https:\/\/acontecenafronteira.com.br\/index.php\/wp-json\/wp\/v2\/posts\/17894","targetHints":{"allow":["GET"]}}],"collection":[{"href":"https:\/\/acontecenafronteira.com.br\/index.php\/wp-json\/wp\/v2\/posts"}],"about":[{"href":"https:\/\/acontecenafronteira.com.br\/index.php\/wp-json\/wp\/v2\/types\/post"}],"author":[{"embeddable":true,"href":"https:\/\/acontecenafronteira.com.br\/index.php\/wp-json\/wp\/v2\/users\/2"}],"replies":[{"embeddable":true,"href":"https:\/\/acontecenafronteira.com.br\/index.php\/wp-json\/wp\/v2\/comments?post=17894"}],"version-history":[{"count":1,"href":"https:\/\/acontecenafronteira.com.br\/index.php\/wp-json\/wp\/v2\/posts\/17894\/revisions"}],"predecessor-version":[{"id":17896,"href":"https:\/\/acontecenafronteira.com.br\/index.php\/wp-json\/wp\/v2\/posts\/17894\/revisions\/17896"}],"wp:featuredmedia":[{"embeddable":true,"href":"https:\/\/acontecenafronteira.com.br\/index.php\/wp-json\/wp\/v2\/media\/17895"}],"wp:attachment":[{"href":"https:\/\/acontecenafronteira.com.br\/index.php\/wp-json\/wp\/v2\/media?parent=17894"}],"wp:term":[{"taxonomy":"category","embeddable":true,"href":"https:\/\/acontecenafronteira.com.br\/index.php\/wp-json\/wp\/v2\/categories?post=17894"},{"taxonomy":"post_tag","embeddable":true,"href":"https:\/\/acontecenafronteira.com.br\/index.php\/wp-json\/wp\/v2\/tags?post=17894"}],"curies":[{"name":"wp","href":"https:\/\/api.w.org\/{rel}","templated":true}]}}