{"id":17882,"date":"2024-03-12T23:34:21","date_gmt":"2024-03-13T02:34:21","guid":{"rendered":"https:\/\/acontecenafronteira.com.br\/?p=17882"},"modified":"2024-03-12T23:34:21","modified_gmt":"2024-03-13T02:34:21","slug":"com-quatro-multas-operacao-quaresma-combate-pesca-predatoria-na-regiao-noroeste","status":"publish","type":"post","link":"https:\/\/acontecenafronteira.com.br\/index.php\/2024\/03\/12\/com-quatro-multas-operacao-quaresma-combate-pesca-predatoria-na-regiao-noroeste\/","title":{"rendered":"Com quatro multas, Opera\u00e7\u00e3o Quaresma combate pesca predat\u00f3ria na regi\u00e3o Noroeste"},"content":{"rendered":"\n<p><strong><em>O Instituto \u00c1gua e Terra (IAT) divulgou nesta ter\u00e7a-feira (12) o resultado da Opera\u00e7\u00e3o Quaresma, a\u00e7\u00e3o de fiscaliza\u00e7\u00e3o contra a pesca predat\u00f3ria realizada entre os dias 5 e 10 de mar\u00e7o em 12 munic\u00edpios da regi\u00e3o Noroeste do Paran\u00e1. Foram emitidos quatro Autos de Infra\u00e7\u00e3o Ambiental (AIA), com aplica\u00e7\u00e3o de R$ 6.640,00 em multas. A for\u00e7a-tarefa vistoriou pontos de pescaria nos rios Iva\u00ed, Piquiri, Paran\u00e1, Paranapanema e seus afluentes.<\/em><\/strong><\/p>\n\n\n\n<p>Essa foi a primeira opera\u00e7\u00e3o de fiscaliza\u00e7\u00e3o com objetivo mitigar irregularidades que constam na&nbsp;<strong><a href=\"https:\/\/celepar7.pr.gov.br\/sia\/atosnormativos\/form_cons_ato1.asp?Codigo=5316\" target=\"_blank\" rel=\"noreferrer noopener\">Portaria do IAT n\u00ba 2019\/2022<\/a><\/strong>, realizada ap\u00f3s o per\u00edodo de defeso da Piracema, \u00e9poca de restri\u00e7\u00e3o \u00e0 pesca de esp\u00e9cies nativas para preservar a reprodu\u00e7\u00e3o dos peixes, finalizado em 28 de fevereiro.&nbsp;<\/p>\n\n\n\n<p>A Portaria do IAT estabelece as dimens\u00f5es m\u00e1ximas e m\u00ednimas dos animais pescados. Nesse sentido, a equipe de fiscaliza\u00e7\u00e3o apreendeu 22,50 kg de peixes nativos com tamanho inferior ao permitido. Os peixes foram doados para entidades sem fins lucrativos logo ap\u00f3s a apreens\u00e3o.<\/p>\n\n\n\n<p>A equipe do IAT confiscou diversos materiais proibidos. Entre eles, rede de malha com 1.400 metros, 17 espinheis, 52 anz\u00f3is de galhos, 16 varas com molinete, 48 gal\u00f5es de ceva e quatro redes de emalhar com malhas de tamanho inferior ao permitido. Uma carabina de press\u00e3o e tr\u00eas frascos de muni\u00e7\u00e3o tamb\u00e9m foram apreendidos.<\/p>\n\n\n\n<blockquote class=\"wp-block-quote is-layout-flow wp-block-quote-is-layout-flow\">\n<p>\u201cIndependentemente de o per\u00edodo da Piracema ter se encerrado, o Instituto \u00c1gua e Terra vai continuar a fazer as opera\u00e7\u00f5es de fiscaliza\u00e7\u00e3o contra a pesca predat\u00f3ria. Temos portarias estabelecidas que trazem as regras de pesca no Rio Iva\u00ed, assim como outras legisla\u00e7\u00f5es que ditam o que \u00e9 permitido ou n\u00e3o\u201d, destaca o gerente de Monitoramento e Fiscaliza\u00e7\u00e3o do IAT, \u00c1lvaro Cesar de Goes<\/p>\n<\/blockquote>\n\n\n\n<p><strong>COMO AJUDAR&nbsp;<\/strong>\u2013 A den\u00fancia \u00e9 a melhor forma de contribuir para minimizar cada vez mais os crimes contra a flora e a fauna silvestres. O principal canal do Batalh\u00e3o Ambiental \u00e9 o Disque-Den\u00fancia 181, o qual possibilita que seja feita uma an\u00e1lise e verifica\u00e7\u00e3o in loco de todas as informa\u00e7\u00f5es recebidas do cidad\u00e3o.<\/p>\n\n\n\n<p>No IAT, a den\u00fancia deve ser registrada junto ao servi\u00e7o de Ouvidoria, dispon\u00edvel no Fale Conosco, ou nos escrit\u00f3rios regionais. \u00c9 importante informar a localiza\u00e7\u00e3o e os acontecimentos de forma objetiva e precisa. Quanto mais detalhes sobre a ocorr\u00eancia, melhor ser\u00e1 a apura\u00e7\u00e3o dos fatos e mais rapidamente as equipes conseguem realizar o atendimento.<\/p>\n\n\n\n<p>Foto: IAT-PR<\/p>\n","protected":false},"excerpt":{"rendered":"<p>O Instituto \u00c1gua e Terra (IAT) divulgou nesta ter\u00e7a-feira (12) o resultado da Opera\u00e7\u00e3o Quaresma, a\u00e7\u00e3o de fiscaliza\u00e7\u00e3o contra a pesca predat\u00f3ria realizada entre os dias 5 e 10 de mar\u00e7o em 12 munic\u00edpios da regi\u00e3o Noroeste do Paran\u00e1. Foram emitidos quatro Autos de Infra\u00e7\u00e3o Ambiental (AIA), com aplica\u00e7\u00e3o de R$ 6.640,00 em multas. A [&hellip;]<\/p>\n","protected":false},"author":2,"featured_media":17883,"comment_status":"open","ping_status":"open","sticky":false,"template":"","format":"standard","meta":{"om_disable_all_campaigns":false,"_monsterinsights_skip_tracking":false,"_monsterinsights_sitenote_active":false,"_monsterinsights_sitenote_note":"","_monsterinsights_sitenote_category":0,"footnotes":""},"categories":[18],"tags":[],"class_list":["post-17882","post","type-post","status-publish","format-standard","has-post-thumbnail","hentry","category-parana"],"_links":{"self":[{"href":"https:\/\/acontecenafronteira.com.br\/index.php\/wp-json\/wp\/v2\/posts\/17882","targetHints":{"allow":["GET"]}}],"collection":[{"href":"https:\/\/acontecenafronteira.com.br\/index.php\/wp-json\/wp\/v2\/posts"}],"about":[{"href":"https:\/\/acontecenafronteira.com.br\/index.php\/wp-json\/wp\/v2\/types\/post"}],"author":[{"embeddable":true,"href":"https:\/\/acontecenafronteira.com.br\/index.php\/wp-json\/wp\/v2\/users\/2"}],"replies":[{"embeddable":true,"href":"https:\/\/acontecenafronteira.com.br\/index.php\/wp-json\/wp\/v2\/comments?post=17882"}],"version-history":[{"count":1,"href":"https:\/\/acontecenafronteira.com.br\/index.php\/wp-json\/wp\/v2\/posts\/17882\/revisions"}],"predecessor-version":[{"id":17884,"href":"https:\/\/acontecenafronteira.com.br\/index.php\/wp-json\/wp\/v2\/posts\/17882\/revisions\/17884"}],"wp:featuredmedia":[{"embeddable":true,"href":"https:\/\/acontecenafronteira.com.br\/index.php\/wp-json\/wp\/v2\/media\/17883"}],"wp:attachment":[{"href":"https:\/\/acontecenafronteira.com.br\/index.php\/wp-json\/wp\/v2\/media?parent=17882"}],"wp:term":[{"taxonomy":"category","embeddable":true,"href":"https:\/\/acontecenafronteira.com.br\/index.php\/wp-json\/wp\/v2\/categories?post=17882"},{"taxonomy":"post_tag","embeddable":true,"href":"https:\/\/acontecenafronteira.com.br\/index.php\/wp-json\/wp\/v2\/tags?post=17882"}],"curies":[{"name":"wp","href":"https:\/\/api.w.org\/{rel}","templated":true}]}}