{"id":17873,"date":"2024-03-11T20:46:55","date_gmt":"2024-03-11T23:46:55","guid":{"rendered":"https:\/\/acontecenafronteira.com.br\/?p=17873"},"modified":"2024-03-11T20:46:56","modified_gmt":"2024-03-11T23:46:56","slug":"nota-parana-libera-mais-de-r-35-milhoes-em-creditos-nesta-segunda-feira","status":"publish","type":"post","link":"https:\/\/acontecenafronteira.com.br\/index.php\/2024\/03\/11\/nota-parana-libera-mais-de-r-35-milhoes-em-creditos-nesta-segunda-feira\/","title":{"rendered":"Nota Paran\u00e1 libera mais de R$ 35 milh\u00f5es em cr\u00e9ditos nesta segunda-feira"},"content":{"rendered":"\n<p><strong><em>O programa Nota Paran\u00e1, da Secretaria da Fazenda, libera nesta segunda-feira (11) R$ 35,3 milh\u00f5es em cr\u00e9ditos para consumidores que pediram CPF nas notas fiscais de compras realizadas no m\u00eas de dezembro de 2023. Cerca de 10,2 milh\u00f5es de consumidores t\u00eam direito a esses valores neste m\u00eas, que ser\u00e3o creditados nas contas individuais ao longo do dia.<\/em><\/strong><\/p>\n\n\n\n<p>Do montante total, R$ 31,7 milh\u00f5es s\u00e3o direcionados aos consumidores e R$ 3,6 milh\u00f5es est\u00e3o sendo destinados a entidades sociais cadastradas no programa.&nbsp;As institui\u00e7\u00f5es da sociedade civil s\u00e3o inclu\u00eddas no programa por meio da doa\u00e7\u00e3o de notas fiscais.&nbsp;<\/p>\n\n\n\n<p>Os valores foram gerados a partir de 73,7<\/p>\n\n\n\n<p>milh\u00f5es de notas fiscais emitidas em dezembro de 2023.&nbsp;A libera\u00e7\u00e3o dos cr\u00e9ditos est\u00e1 prevista para ser conclu\u00edda at\u00e9 o final do dia, e os consumidores poder\u00e3o acess\u00e1-los por meio do&nbsp;<a href=\"https:\/\/www.notaparana.pr.gov.br\/\" target=\"_blank\" rel=\"noreferrer noopener\">site<\/a>&nbsp;ou aplicativo do Nota Paran\u00e1 (dispon\u00edvel para&nbsp;<a href=\"https:\/\/play.google.com\/store\/apps\/details?id=br.gov.pr.celepar.sefa.nfparana&amp;hl=pt_BR&amp;gl=US\" target=\"_blank\" rel=\"noreferrer noopener\">Android<\/a>&nbsp;e&nbsp;<a href=\"https:\/\/apps.apple.com\/br\/app\/nota-paran%C3%A1\/id1042090067\" target=\"_blank\" rel=\"noreferrer noopener\">iOS<\/a>).<\/p>\n\n\n\n<p><strong>C\u00c1LCULO<\/strong>&nbsp;\u2013 Os cr\u00e9ditos de ICMS retornam aos consumidores com base no faturamento das empresas. Em linhas gerais, pequenas empresas destinam 15% do ICMS recolhido, enquanto grandes empresas destinam 5% aos cr\u00e9ditos. O valor que retorna aos consumidores depende de vari\u00e1veis como o faturamento das empresas e o volume de compras que geraram notas fiscais com CPF em determinado m\u00eas.<\/p>\n\n\n\n<p>As informa\u00e7\u00f5es necess\u00e1rias para calcular os cr\u00e9ditos, como o recolhimento do imposto pelo estabelecimento comercial, chegam \u00e0 Secretaria da Fazenda ao longo dos dois meses seguintes ao m\u00eas da compra. A devolu\u00e7\u00e3o dos cr\u00e9ditos, portanto, \u00e9 feita no terceiro m\u00eas ap\u00f3s a aquisi\u00e7\u00e3o que gerou a nota fiscal.<\/p>\n\n\n\n<p>\u00c9 importante observar que n\u00e3o importa se a compra \u00e9 de um item que n\u00e3o paga ICMS. Se o estabelecimento pagou o imposto, quem pede CPF na nota recebe parte da devolu\u00e7\u00e3o.<\/p>\n\n\n\n<p><strong>CADASTRO&nbsp;<\/strong>\u2013 Para se cadastrar no Nota Paran\u00e1 basta acessar o site&nbsp;<a href=\"https:\/\/www.notaparana.pr.gov.br\/\" target=\"_blank\" rel=\"noreferrer noopener\">www.notaparana.pr.gov.br<\/a>, clicar na op\u00e7\u00e3o \u201ccadastre-se\u201d e preencher com dados pessoais, como CPF, data de nascimento, nome completo, CEP e endere\u00e7o para a cria\u00e7\u00e3o de uma senha pessoal.<\/p>\n\n\n\n<p>Foto: Gabriely Smek\/ Sefa-PR<\/p>\n","protected":false},"excerpt":{"rendered":"<p>O programa Nota Paran\u00e1, da Secretaria da Fazenda, libera nesta segunda-feira (11) R$ 35,3 milh\u00f5es em cr\u00e9ditos para consumidores que pediram CPF nas notas fiscais de compras realizadas no m\u00eas de dezembro de 2023. Cerca de 10,2 milh\u00f5es de consumidores t\u00eam direito a esses valores neste m\u00eas, que ser\u00e3o creditados nas contas individuais ao longo [&hellip;]<\/p>\n","protected":false},"author":2,"featured_media":17874,"comment_status":"open","ping_status":"open","sticky":false,"template":"","format":"standard","meta":{"om_disable_all_campaigns":false,"_monsterinsights_skip_tracking":false,"_monsterinsights_sitenote_active":false,"_monsterinsights_sitenote_note":"","_monsterinsights_sitenote_category":0,"footnotes":""},"categories":[18],"tags":[],"class_list":["post-17873","post","type-post","status-publish","format-standard","has-post-thumbnail","hentry","category-parana"],"_links":{"self":[{"href":"https:\/\/acontecenafronteira.com.br\/index.php\/wp-json\/wp\/v2\/posts\/17873","targetHints":{"allow":["GET"]}}],"collection":[{"href":"https:\/\/acontecenafronteira.com.br\/index.php\/wp-json\/wp\/v2\/posts"}],"about":[{"href":"https:\/\/acontecenafronteira.com.br\/index.php\/wp-json\/wp\/v2\/types\/post"}],"author":[{"embeddable":true,"href":"https:\/\/acontecenafronteira.com.br\/index.php\/wp-json\/wp\/v2\/users\/2"}],"replies":[{"embeddable":true,"href":"https:\/\/acontecenafronteira.com.br\/index.php\/wp-json\/wp\/v2\/comments?post=17873"}],"version-history":[{"count":1,"href":"https:\/\/acontecenafronteira.com.br\/index.php\/wp-json\/wp\/v2\/posts\/17873\/revisions"}],"predecessor-version":[{"id":17875,"href":"https:\/\/acontecenafronteira.com.br\/index.php\/wp-json\/wp\/v2\/posts\/17873\/revisions\/17875"}],"wp:featuredmedia":[{"embeddable":true,"href":"https:\/\/acontecenafronteira.com.br\/index.php\/wp-json\/wp\/v2\/media\/17874"}],"wp:attachment":[{"href":"https:\/\/acontecenafronteira.com.br\/index.php\/wp-json\/wp\/v2\/media?parent=17873"}],"wp:term":[{"taxonomy":"category","embeddable":true,"href":"https:\/\/acontecenafronteira.com.br\/index.php\/wp-json\/wp\/v2\/categories?post=17873"},{"taxonomy":"post_tag","embeddable":true,"href":"https:\/\/acontecenafronteira.com.br\/index.php\/wp-json\/wp\/v2\/tags?post=17873"}],"curies":[{"name":"wp","href":"https:\/\/api.w.org\/{rel}","templated":true}]}}