{"id":17863,"date":"2024-03-09T23:47:22","date_gmt":"2024-03-10T02:47:22","guid":{"rendered":"https:\/\/acontecenafronteira.com.br\/?p=17863"},"modified":"2024-03-09T23:47:23","modified_gmt":"2024-03-10T02:47:23","slug":"fomento-parana-busca-novas-parcerias-na-regiao-oeste","status":"publish","type":"post","link":"https:\/\/acontecenafronteira.com.br\/index.php\/2024\/03\/09\/fomento-parana-busca-novas-parcerias-na-regiao-oeste\/","title":{"rendered":"Fomento Paran\u00e1 busca novas parcerias na regi\u00e3o Oeste"},"content":{"rendered":"\n<p><strong><em><span style=\"color: rgb(51, 51, 51); font-family: Arial, Helvetica, sans-serif; font-size: 14.859px; white-space-collapse: collapse;\">Diretores da Fomento Paran\u00e1 percorreram munic\u00edpios do Oeste do estado nesta semana (dias 7 e 8) retomando roteiros de apresenta\u00e7\u00e3o da institui\u00e7\u00e3o a gestores e lideran\u00e7as locais, para prospec\u00e7\u00e3o de parcerias e amplia\u00e7\u00e3o do acesso ao cr\u00e9dito para pequenos neg\u00f3cios no estado. A institui\u00e7\u00e3o possui uma carteira ativa de mais de 52 mil clientes e parcerias ativas com mais de 330 munic\u00edpios<\/span>.<\/em><\/strong><\/p>\n\n\n\n<p> O percurso come\u00e7ou em Santa Tereza do Oeste, onde o prefeito Elio Marciniak (Prefeito Cabelo) recebeu o diretor-presidente, Heraldo Neves; o diretor de Opera\u00e7\u00f5es do Setor P\u00fablico, Renato Ma\u00e7aneiro, e a assessora Emilia Belinati, na quinta (7\/3). No encontro, com presen\u00e7a do procurador jur\u00eddico do munic\u00edpio, foi formalizada a 334\u00aa parceria da Fomento Paran\u00e1 e designada a futura agente de cr\u00e9dito, que ir\u00e1 atuar na intermedia\u00e7\u00e3o de linhas de microcr\u00e9dito para empreendedores locais.<\/p>\n\n\n\n<p>A partir da parceria, a Fomento Paran\u00e1 ser\u00e1 uma das patrocinadoras da 16\u00aa edi\u00e7\u00e3o da Festa da Polenta, em maio, e ofertar\u00e1 cr\u00e9dito durante o evento.\u201cTivemos mais uma oportunidade excelente de rodar a regi\u00e3o oeste do estado. Come\u00e7amos por Santa Tereza do Oeste, onde formalizamos com o prefeito Cabelo mais uma parceria conquistada pela Fomento Paran\u00e1, principalmente para intermediar microcr\u00e9dito pelo Banco da Mulher Paranaense e Banco do Empreendedor\u201d, afirmou o diretor Heraldo Neves.<\/p>\n\n\n\n<p>Foto: Fomento Paran\u00e1<\/p>\n","protected":false},"excerpt":{"rendered":"<p>Diretores da Fomento Paran\u00e1 percorreram munic\u00edpios do Oeste do estado nesta semana (dias 7 e 8) retomando roteiros de apresenta\u00e7\u00e3o da institui\u00e7\u00e3o a gestores e lideran\u00e7as locais, para prospec\u00e7\u00e3o de parcerias e amplia\u00e7\u00e3o do acesso ao cr\u00e9dito para pequenos neg\u00f3cios no estado. A institui\u00e7\u00e3o possui uma carteira ativa de mais de 52 mil clientes e [&hellip;]<\/p>\n","protected":false},"author":2,"featured_media":17864,"comment_status":"open","ping_status":"open","sticky":false,"template":"","format":"standard","meta":{"om_disable_all_campaigns":false,"_monsterinsights_skip_tracking":false,"_monsterinsights_sitenote_active":false,"_monsterinsights_sitenote_note":"","_monsterinsights_sitenote_category":0,"footnotes":""},"categories":[18],"tags":[],"class_list":["post-17863","post","type-post","status-publish","format-standard","has-post-thumbnail","hentry","category-parana"],"_links":{"self":[{"href":"https:\/\/acontecenafronteira.com.br\/index.php\/wp-json\/wp\/v2\/posts\/17863","targetHints":{"allow":["GET"]}}],"collection":[{"href":"https:\/\/acontecenafronteira.com.br\/index.php\/wp-json\/wp\/v2\/posts"}],"about":[{"href":"https:\/\/acontecenafronteira.com.br\/index.php\/wp-json\/wp\/v2\/types\/post"}],"author":[{"embeddable":true,"href":"https:\/\/acontecenafronteira.com.br\/index.php\/wp-json\/wp\/v2\/users\/2"}],"replies":[{"embeddable":true,"href":"https:\/\/acontecenafronteira.com.br\/index.php\/wp-json\/wp\/v2\/comments?post=17863"}],"version-history":[{"count":1,"href":"https:\/\/acontecenafronteira.com.br\/index.php\/wp-json\/wp\/v2\/posts\/17863\/revisions"}],"predecessor-version":[{"id":17865,"href":"https:\/\/acontecenafronteira.com.br\/index.php\/wp-json\/wp\/v2\/posts\/17863\/revisions\/17865"}],"wp:featuredmedia":[{"embeddable":true,"href":"https:\/\/acontecenafronteira.com.br\/index.php\/wp-json\/wp\/v2\/media\/17864"}],"wp:attachment":[{"href":"https:\/\/acontecenafronteira.com.br\/index.php\/wp-json\/wp\/v2\/media?parent=17863"}],"wp:term":[{"taxonomy":"category","embeddable":true,"href":"https:\/\/acontecenafronteira.com.br\/index.php\/wp-json\/wp\/v2\/categories?post=17863"},{"taxonomy":"post_tag","embeddable":true,"href":"https:\/\/acontecenafronteira.com.br\/index.php\/wp-json\/wp\/v2\/tags?post=17863"}],"curies":[{"name":"wp","href":"https:\/\/api.w.org\/{rel}","templated":true}]}}