{"id":17844,"date":"2024-03-06T19:55:13","date_gmt":"2024-03-06T22:55:13","guid":{"rendered":"https:\/\/acontecenafronteira.com.br\/?p=17844"},"modified":"2024-03-06T19:55:14","modified_gmt":"2024-03-06T22:55:14","slug":"camara-de-foz-aprova-projeto-de-lei-para-combater-maus-tratos-contra-animais","status":"publish","type":"post","link":"https:\/\/acontecenafronteira.com.br\/index.php\/2024\/03\/06\/camara-de-foz-aprova-projeto-de-lei-para-combater-maus-tratos-contra-animais\/","title":{"rendered":"C\u00e2mara de Foz aprova projeto de lei para combater maus-tratos contra animais"},"content":{"rendered":"\n<p><strong><em>Projeto da Protetora Carol Dedonatti e Jo\u00e3o Morales, imp\u00f5e que as cl\u00ednicas e m\u00e9dicos veterin\u00e1rios comuniquem os casos \u00f3rg\u00e3os competentes<\/em><\/strong><\/p>\n\n\n\n<p>Na sess\u00e3o ordin\u00e1ria desta quarta-feira, 6 de mar\u00e7o, na C\u00e2mara Municipal de Foz do Igua\u00e7u, foi votado e aprovado a nova reda\u00e7\u00e3o do Projeto de Lei n\u00ba 18\/2023, de autoria dos vereadores Protetora Carol Dedonatti (PP) e Jo\u00e3o Morales (Uni\u00e3o Brasil). Este projeto tornar obrigat\u00f3rio que m\u00e9dicos veterin\u00e1rios e respons\u00e1veis por cl\u00ednicas veterin\u00e1rias e petshops comuniquem aos \u00f3rg\u00e3os ambientais respons\u00e1veis sobre casos de maus-tratos contra animais no munic\u00edpio.<\/p>\n\n\n\n<p>De acordo com o projeto, todo m\u00e9dico veterin\u00e1rio ou respons\u00e1vel por estabelecimentos veterin\u00e1rios que tenha conhecimento ou suspeite de casos de maus-tratos a animais dever\u00e1 comunicar imediatamente aos \u00f3rg\u00e3os ambientais respons\u00e1veis. A notifica\u00e7\u00e3o dever\u00e1 conter a qualifica\u00e7\u00e3o completa do respons\u00e1vel pela poss\u00edvel pr\u00e1tica de maus-tratos contra o animal, ou, caso n\u00e3o seja poss\u00edvel obt\u00ea-la, o nome e endere\u00e7o deste respons\u00e1vel. Al\u00e9m disso, pede um relat\u00f3rio detalhado do atendimento prestado ao animal, incluindo a esp\u00e9cie, ra\u00e7a, caracter\u00edsticas f\u00edsicas, situa\u00e7\u00e3o de sa\u00fade e os procedimentos adotados.<\/p>\n\n\n\n<p>A vereadora protetora Carol destacou a import\u00e2ncia do projeto para a causa animal. \u201cEssa lei local \u00e9 amparada em lei federal j\u00e1 existente. Refor\u00e7amos a normativa no \u00e2mbito do Munic\u00edpio para dar mais um suporte a causa animal com avan\u00e7os no combate aos maus tratos\u201d, afirmou. O projeto estabelece que a omiss\u00e3o na notifica\u00e7\u00e3o por parte dos profissionais e estabelecimentos mencionados poder\u00e1 resultar em multa de 10 a 100 Unidades Fiscais de Foz do Igua\u00e7u (UFFI) &#8211; R$1.118 a R$11.187. O projeto segue para san\u00e7\u00e3o do Poder Executivo.<\/p>\n","protected":false},"excerpt":{"rendered":"<p>Projeto da Protetora Carol Dedonatti e Jo\u00e3o Morales, imp\u00f5e que as cl\u00ednicas e m\u00e9dicos veterin\u00e1rios comuniquem os casos \u00f3rg\u00e3os competentes Na sess\u00e3o ordin\u00e1ria desta quarta-feira, 6 de mar\u00e7o, na C\u00e2mara Municipal de Foz do Igua\u00e7u, foi votado e aprovado a nova reda\u00e7\u00e3o do Projeto de Lei n\u00ba 18\/2023, de autoria dos vereadores Protetora Carol Dedonatti [&hellip;]<\/p>\n","protected":false},"author":2,"featured_media":17845,"comment_status":"open","ping_status":"open","sticky":false,"template":"","format":"standard","meta":{"om_disable_all_campaigns":false,"_monsterinsights_skip_tracking":false,"_monsterinsights_sitenote_active":false,"_monsterinsights_sitenote_note":"","_monsterinsights_sitenote_category":0,"footnotes":""},"categories":[4],"tags":[],"class_list":["post-17844","post","type-post","status-publish","format-standard","has-post-thumbnail","hentry","category-cidade"],"_links":{"self":[{"href":"https:\/\/acontecenafronteira.com.br\/index.php\/wp-json\/wp\/v2\/posts\/17844","targetHints":{"allow":["GET"]}}],"collection":[{"href":"https:\/\/acontecenafronteira.com.br\/index.php\/wp-json\/wp\/v2\/posts"}],"about":[{"href":"https:\/\/acontecenafronteira.com.br\/index.php\/wp-json\/wp\/v2\/types\/post"}],"author":[{"embeddable":true,"href":"https:\/\/acontecenafronteira.com.br\/index.php\/wp-json\/wp\/v2\/users\/2"}],"replies":[{"embeddable":true,"href":"https:\/\/acontecenafronteira.com.br\/index.php\/wp-json\/wp\/v2\/comments?post=17844"}],"version-history":[{"count":1,"href":"https:\/\/acontecenafronteira.com.br\/index.php\/wp-json\/wp\/v2\/posts\/17844\/revisions"}],"predecessor-version":[{"id":17846,"href":"https:\/\/acontecenafronteira.com.br\/index.php\/wp-json\/wp\/v2\/posts\/17844\/revisions\/17846"}],"wp:featuredmedia":[{"embeddable":true,"href":"https:\/\/acontecenafronteira.com.br\/index.php\/wp-json\/wp\/v2\/media\/17845"}],"wp:attachment":[{"href":"https:\/\/acontecenafronteira.com.br\/index.php\/wp-json\/wp\/v2\/media?parent=17844"}],"wp:term":[{"taxonomy":"category","embeddable":true,"href":"https:\/\/acontecenafronteira.com.br\/index.php\/wp-json\/wp\/v2\/categories?post=17844"},{"taxonomy":"post_tag","embeddable":true,"href":"https:\/\/acontecenafronteira.com.br\/index.php\/wp-json\/wp\/v2\/tags?post=17844"}],"curies":[{"name":"wp","href":"https:\/\/api.w.org\/{rel}","templated":true}]}}