{"id":17837,"date":"2024-03-05T10:06:56","date_gmt":"2024-03-05T13:06:56","guid":{"rendered":"https:\/\/acontecenafronteira.com.br\/?p=17837"},"modified":"2024-03-05T10:06:57","modified_gmt":"2024-03-05T13:06:57","slug":"copel-anuncia-migracao-de-servicos-de-ti-para-a-nuvem-do-google","status":"publish","type":"post","link":"https:\/\/acontecenafronteira.com.br\/index.php\/2024\/03\/05\/copel-anuncia-migracao-de-servicos-de-ti-para-a-nuvem-do-google\/","title":{"rendered":"Copel anuncia migra\u00e7\u00e3o de servi\u00e7os de TI para a nuvem do Google"},"content":{"rendered":"\n<p><strong><em>Em um movimento importante para o setor de energia brasileiro, a Companhia Paranaense de Energia (Copel) anuncia para 2024 a migra\u00e7\u00e3o dos seus servi\u00e7os de Tecnologia da Informa\u00e7\u00e3o (TI) para a nuvem do Google (Google Cloud).\u00a0<\/em><\/strong><\/p>\n\n\n\n<p>A colabora\u00e7\u00e3o durante os pr\u00f3ximos cinco anos possibilitar\u00e1 \u00e0 Copel ter uma infraestrutura mais flex\u00edvel, escal\u00e1vel e segura, permitindo aprimorar a entrega de servi\u00e7os aos clientes e impulsionar o desenvolvimento de solu\u00e7\u00f5es inovadoras. &nbsp;<\/p>\n\n\n\n<p>O presidente da Companhia, Daniel Pimentel Slaviero, afirmou que a migra\u00e7\u00e3o acontece em um momento crucial. \u201cO setor el\u00e9trico est\u00e1 marcado pela crescente demanda por efici\u00eancia operacional e pela necessidade de velocidade, cultura digital e inova\u00e7\u00e3o, itens em que estamos focados nessa fase de transforma\u00e7\u00e3o\u201d, afirma.&nbsp;<\/p>\n\n\n\n<p>Ao migrar para o Google Cloud, a Copel poder\u00e1 aproveitar todo o potencial de ferramentas avan\u00e7adas de an\u00e1lise de dados, intelig\u00eancia artificial e machine learning, agregando valor \u00e0s suas opera\u00e7\u00f5es e garantindo maior efic\u00e1cia na tomada de decis\u00f5es estrat\u00e9gicas. &nbsp;<\/p>\n\n\n\n<p>O presidente do Google Cloud para a Am\u00e9rica Latina, Eduardo Lopez, tamb\u00e9m destacou que o servi\u00e7o ser\u00e1 importante. \u201cVai tornar os neg\u00f3cios da Copel ainda mais eficientes, possibilitando maior competitividade e agilidade\u201d, destaca. &nbsp;<\/p>\n\n\n\n<p>O diretor de Solu\u00e7\u00f5es da Google Cloud, Alberto Oppenheimer, disse que esse \u00e9 um passo significativo para servi\u00e7os que envolvam, por exemplo, o monitoramento de linhas de transmiss\u00e3o e faixas de servid\u00e3o, bem como o desempenho de usinas hidrel\u00e9tricas e e\u00f3licas e de linhas de distribui\u00e7\u00e3o. &#8220;Tamb\u00e9m vai impactar a opera\u00e7\u00e3o dos medidores inteligentes, que j\u00e1 est\u00e3o em 81 munic\u00edpios&#8221;, afirma. &nbsp;<\/p>\n\n\n\n<p>Servi\u00e7os diretos de atendimento ao cliente, como call center ou o processamento de informa\u00e7\u00f5es para o mercado livre de energia, tamb\u00e9m ser\u00e3o impactados positivamente pela incorpora\u00e7\u00e3o.&nbsp;<\/p>\n\n\n\n<p>Foto: Copel<\/p>\n","protected":false},"excerpt":{"rendered":"<p>Em um movimento importante para o setor de energia brasileiro, a Companhia Paranaense de Energia (Copel) anuncia para 2024 a migra\u00e7\u00e3o dos seus servi\u00e7os de Tecnologia da Informa\u00e7\u00e3o (TI) para a nuvem do Google (Google Cloud).\u00a0 A colabora\u00e7\u00e3o durante os pr\u00f3ximos cinco anos possibilitar\u00e1 \u00e0 Copel ter uma infraestrutura mais flex\u00edvel, escal\u00e1vel e segura, permitindo [&hellip;]<\/p>\n","protected":false},"author":2,"featured_media":17838,"comment_status":"open","ping_status":"open","sticky":false,"template":"","format":"standard","meta":{"om_disable_all_campaigns":false,"_monsterinsights_skip_tracking":false,"_monsterinsights_sitenote_active":false,"_monsterinsights_sitenote_note":"","_monsterinsights_sitenote_category":0,"footnotes":""},"categories":[18,12],"tags":[],"class_list":["post-17837","post","type-post","status-publish","format-standard","has-post-thumbnail","hentry","category-parana","category-tecnologia"],"_links":{"self":[{"href":"https:\/\/acontecenafronteira.com.br\/index.php\/wp-json\/wp\/v2\/posts\/17837","targetHints":{"allow":["GET"]}}],"collection":[{"href":"https:\/\/acontecenafronteira.com.br\/index.php\/wp-json\/wp\/v2\/posts"}],"about":[{"href":"https:\/\/acontecenafronteira.com.br\/index.php\/wp-json\/wp\/v2\/types\/post"}],"author":[{"embeddable":true,"href":"https:\/\/acontecenafronteira.com.br\/index.php\/wp-json\/wp\/v2\/users\/2"}],"replies":[{"embeddable":true,"href":"https:\/\/acontecenafronteira.com.br\/index.php\/wp-json\/wp\/v2\/comments?post=17837"}],"version-history":[{"count":1,"href":"https:\/\/acontecenafronteira.com.br\/index.php\/wp-json\/wp\/v2\/posts\/17837\/revisions"}],"predecessor-version":[{"id":17839,"href":"https:\/\/acontecenafronteira.com.br\/index.php\/wp-json\/wp\/v2\/posts\/17837\/revisions\/17839"}],"wp:featuredmedia":[{"embeddable":true,"href":"https:\/\/acontecenafronteira.com.br\/index.php\/wp-json\/wp\/v2\/media\/17838"}],"wp:attachment":[{"href":"https:\/\/acontecenafronteira.com.br\/index.php\/wp-json\/wp\/v2\/media?parent=17837"}],"wp:term":[{"taxonomy":"category","embeddable":true,"href":"https:\/\/acontecenafronteira.com.br\/index.php\/wp-json\/wp\/v2\/categories?post=17837"},{"taxonomy":"post_tag","embeddable":true,"href":"https:\/\/acontecenafronteira.com.br\/index.php\/wp-json\/wp\/v2\/tags?post=17837"}],"curies":[{"name":"wp","href":"https:\/\/api.w.org\/{rel}","templated":true}]}}