{"id":17696,"date":"2024-02-10T13:20:02","date_gmt":"2024-02-10T16:20:02","guid":{"rendered":"https:\/\/acontecenafronteira.com.br\/?p=17696"},"modified":"2024-02-10T13:20:02","modified_gmt":"2024-02-10T16:20:02","slug":"de-guaira-a-guaratuba-30-rally-transparana-comeca-a-percorrer-2-mil-quilometros-neste-domingo","status":"publish","type":"post","link":"https:\/\/acontecenafronteira.com.br\/index.php\/2024\/02\/10\/de-guaira-a-guaratuba-30-rally-transparana-comeca-a-percorrer-2-mil-quilometros-neste-domingo\/","title":{"rendered":"De Gua\u00edra a Guaratuba: 30\u00b0 Rally Transparan\u00e1 come\u00e7a a percorrer 2 mil quil\u00f4metros neste domingo"},"content":{"rendered":"\n<p><strong><em>Al\u00e9m da folia de Carnaval, o Paran\u00e1 se prepara para receber uma das mais desafiadoras competi\u00e7\u00f5es automobil\u00edsticas do Brasil, o 30\u00b0 Rally de Regularidade Transparan\u00e1. O trajeto envolve mais de 2 mil quil\u00f4metros em sete dias. <\/em><\/strong><\/p>\n\n\n\n<p>O roteiro conta com sete grandes etapas e pelo menos 114 cidades envolvidas direta e indiretamente. E tudo isso come\u00e7a nesta domingo (11), quando mais de 300 ve\u00edculos partir\u00e3o de Gua\u00edra, na divisa com o Paraguai, rumo a Guaratuba, no Litoral, com chegada dentro das atra\u00e7\u00f5es do Ver\u00e3o Maior Paran\u00e1.<\/p>\n\n\n\n<p>A competi\u00e7\u00e3o envolve pilotos de Rally 4&#215;4, Trilha 4&#215;4, Adventure e Motos. Todos v\u00e3o realizar o mesmo percurso: Gua\u00edra, Umuarama, Apucarana,&nbsp;Guarapuava, Castro, Curitiba e Guaratuba.&nbsp;A iniciativa conta com apoio do Jeep Club do Paran\u00e1,&nbsp;Federa\u00e7\u00e3o Paranaense de Automobilismo, Federa\u00e7\u00e3o Paranaense de Motociclismo, al\u00e9m de Itaipu Binacional, Copel, Sanepar e outros.&nbsp;As inscri\u00e7\u00f5es ainda est\u00e3o abertas e podem ser feitas atrav\u00e9s do&nbsp;<a href=\"https:\/\/www.transparana.com.br\/noticia.php?id=107\" target=\"_blank\" rel=\"noreferrer noopener\">site oficial do evento<\/a>.&nbsp;<\/p>\n\n\n\n<p>A programa\u00e7\u00e3o come\u00e7a neste s\u00e1bado (10), no Parque das Marinas, em Gua\u00edra, com a retirada dos kits, seguida por um briefing para todas as categorias. No domingo, a competi\u00e7\u00e3o come\u00e7a com o chamado pr\u00f3logo e a primeira premia\u00e7\u00e3o est\u00e1 prevista para o final da tarde.<\/p>\n\n\n\n<p>Na segunda-feira (12), os competidores largam a partir das 8 horas em dire\u00e7\u00e3o ao Lago Aratimb\u00f3, em Umuarama. Na ter\u00e7a, seguem para Apucarana, com chegada no Espa\u00e7o das Feiras. A quarta-feira (14), que marca a metade da prova, leva os participantes at\u00e9 o Parque Lacerda Werneck, em Guarapuava. O destino de quinta-feira (15) \u00e9 o Parque de Exposi\u00e7\u00f5es Dario Macedo, em Castro, o trecho mais longo do rally.<\/p>\n\n\n\n<p>De Castro, os competidores seguem na sexta-feira (16), a partir das 8h, em dire\u00e7\u00e3o a Curitiba. A largada ser\u00e1 no Parque Lacustre e a chegada no Armaz\u00e9m Garagem. No s\u00e1bado (17), os participantes fazem o \u00faltimo trecho, entre Curitiba e Guaratuba, em dire\u00e7\u00e3o \u00e0 Pra\u00e7a dos Namorados.<\/p>\n\n\n\n<p>Helio Wirbiski, secret\u00e1rio estadual do Esporte, diz que o Paran\u00e1 est\u00e1 muito orgulhoso de receber o maior rally de regularidade do Pa\u00eds. &#8220;Convidamos a todos que gostam de automobilismo e de esporte de motor para que estejam conosco nas cidades com mobiliza\u00e7\u00e3o e parada. Ser\u00e1 uma festa maravilhosa do automobilismo do Paran\u00e1&#8221;, convida.<\/p>\n\n\n\n<p><strong>AL\u00c9M DAS ESTRADAS<\/strong>&nbsp;\u2013 O Transparan\u00e1 n\u00e3o \u00e9 apenas com uma competi\u00e7\u00e3o esportiva, mas tamb\u00e9m um evento que promove solidariedade e preserva\u00e7\u00e3o ambiental. Como parte das a\u00e7\u00f5es sociais, novamente est\u00e3o previstas a entrega de kits de higiene pessoal para mulheres em situa\u00e7\u00e3o de vulnerabilidade socaial, a distribui\u00e7\u00e3o de cestas b\u00e1sicas, o lan\u00e7amento de sementes de mata nativa ao longo da trilha e a oportunidade para alunos da Apae conhecerem os ve\u00edculos e darem uma volta.<\/p>\n\n\n\n<p><strong>FESTIVAL DA FAM\u00cdLIA<\/strong>&nbsp;\u2013 No dia 17, na chegada, entre 10h e 18h, acontece mais uma edi\u00e7\u00e3o do Festival da Fam\u00edlia, dessa vez em Guaratuba, aguardando a chegada dos pilotos.&nbsp;O evento conta com diversas atividades esportivas pr\u00f3ximo \u00e0 Pra\u00e7a dos Namorados, com v\u00f4lei, futebol, peteca, badminton, beach tennis, mini futebol e mini v\u00f4lei, com acompanhamento de acad\u00eamicos de educa\u00e7\u00e3o f\u00edsica e profissionais de educa\u00e7\u00e3o.&nbsp;No per\u00edodo da tarde, o p\u00fablico pode curtir o show da banda Denorex.<\/p>\n\n\n\n<p><strong>PROGRAMA\u00c7\u00c3O OFICIAL TRANSPARAN\u00c1 30 ANOS<\/strong><\/p>\n\n\n\n<p><strong>GUA\u00cdRA<\/strong><\/p>\n\n\n\n<p>Dia 11\/02 &#8211; domingo<\/p>\n\n\n\n<p>Local: Parque das Marinas<\/p>\n\n\n\n<p>Largada \u00e0s 15h e premia\u00e7\u00e3o \u00e0s 18h<\/p>\n\n\n\n<p><strong>GUA\u00cdRA &#8211; UMUARAMA<\/strong><\/p>\n\n\n\n<p>Dia 12\/02 &#8211; segunda-feira<\/p>\n\n\n\n<p>Sa\u00edda: Parque das Marinas (8h)<\/p>\n\n\n\n<p>Chegada: Lago Aratimb\u00f3<\/p>\n\n\n\n<p>Premia\u00e7\u00e3o \u00e0s 18h30<\/p>\n\n\n\n<p><strong>UMUARAMA &#8211; APUCARANA<\/strong><\/p>\n\n\n\n<p>Dia 13\/02 &#8211; ter\u00e7a-feira<\/p>\n\n\n\n<p>Sa\u00edda: Lago Aratimb\u00f3 (8h)<\/p>\n\n\n\n<p>Chegada: Espa\u00e7o das feiras<\/p>\n\n\n\n<p>Premia\u00e7\u00e3o \u00e0s 18h30<\/p>\n\n\n\n<p><strong>APUCARANA &#8211; GUARAPUAVA<\/strong><\/p>\n\n\n\n<p>Dia 14\/02 &#8211; quarta-feira<\/p>\n\n\n\n<p>Sa\u00edda: Espa\u00e7o das feiras (7h30)<\/p>\n\n\n\n<p>Chegada: Parque Lacerda Werneck<\/p>\n\n\n\n<p>Premia\u00e7\u00e3o \u00e0s 18h30<\/p>\n\n\n\n<p><strong>GUARAPUAVA &#8211; CASTRO<\/strong><\/p>\n\n\n\n<p>Dia 15\/02 &#8211; quinta-feira&nbsp;<\/p>\n\n\n\n<p>Sa\u00edda: Parque Lacerda Werneck (7H)<\/p>\n\n\n\n<p>Chegada: Parque de Exposi\u00e7\u00f5es Dario Macedo<\/p>\n\n\n\n<p>Premia\u00e7\u00e3o \u00e0s 18h30<\/p>\n\n\n\n<p><strong>CASTRO &#8211; CURITIBA<\/strong><\/p>\n\n\n\n<p>Dia 16\/02 &#8211; sexta-feira<\/p>\n\n\n\n<p>Sa\u00edda: Parque Lacustre (8h)<\/p>\n\n\n\n<p>Chegada: Armaz\u00e9m Garagem<\/p>\n\n\n\n<p>Premia\u00e7\u00e3o \u00e0s 18h30<\/p>\n\n\n\n<p><strong>CURITIBA &#8211; GUARATUBA<\/strong><\/p>\n\n\n\n<p>Dia 17\/02 &#8211; s\u00e1bado<\/p>\n\n\n\n<p>Sa\u00edda: Academia Militar do Guatup\u00ea &#8211; S\u00e3o Jos\u00e9 dos Pinhais (8h)<\/p>\n\n\n\n<p>Chegada: Pra\u00e7a dos Namorados (14h)<\/p>\n\n\n\n<p>Premia\u00e7\u00e3o \u00e0s 18h30 e premia\u00e7\u00e3o geral \u00e0s 19h30<\/p>\n","protected":false},"excerpt":{"rendered":"<p>Al\u00e9m da folia de Carnaval, o Paran\u00e1 se prepara para receber uma das mais desafiadoras competi\u00e7\u00f5es automobil\u00edsticas do Brasil, o 30\u00b0 Rally de Regularidade Transparan\u00e1. O trajeto envolve mais de 2 mil quil\u00f4metros em sete dias. O roteiro conta com sete grandes etapas e pelo menos 114 cidades envolvidas direta e indiretamente. E tudo isso [&hellip;]<\/p>\n","protected":false},"author":2,"featured_media":17697,"comment_status":"open","ping_status":"open","sticky":false,"template":"","format":"standard","meta":{"om_disable_all_campaigns":false,"_monsterinsights_skip_tracking":false,"_monsterinsights_sitenote_active":false,"_monsterinsights_sitenote_note":"","_monsterinsights_sitenote_category":0,"footnotes":""},"categories":[18],"tags":[],"class_list":["post-17696","post","type-post","status-publish","format-standard","has-post-thumbnail","hentry","category-parana"],"_links":{"self":[{"href":"https:\/\/acontecenafronteira.com.br\/index.php\/wp-json\/wp\/v2\/posts\/17696","targetHints":{"allow":["GET"]}}],"collection":[{"href":"https:\/\/acontecenafronteira.com.br\/index.php\/wp-json\/wp\/v2\/posts"}],"about":[{"href":"https:\/\/acontecenafronteira.com.br\/index.php\/wp-json\/wp\/v2\/types\/post"}],"author":[{"embeddable":true,"href":"https:\/\/acontecenafronteira.com.br\/index.php\/wp-json\/wp\/v2\/users\/2"}],"replies":[{"embeddable":true,"href":"https:\/\/acontecenafronteira.com.br\/index.php\/wp-json\/wp\/v2\/comments?post=17696"}],"version-history":[{"count":1,"href":"https:\/\/acontecenafronteira.com.br\/index.php\/wp-json\/wp\/v2\/posts\/17696\/revisions"}],"predecessor-version":[{"id":17698,"href":"https:\/\/acontecenafronteira.com.br\/index.php\/wp-json\/wp\/v2\/posts\/17696\/revisions\/17698"}],"wp:featuredmedia":[{"embeddable":true,"href":"https:\/\/acontecenafronteira.com.br\/index.php\/wp-json\/wp\/v2\/media\/17697"}],"wp:attachment":[{"href":"https:\/\/acontecenafronteira.com.br\/index.php\/wp-json\/wp\/v2\/media?parent=17696"}],"wp:term":[{"taxonomy":"category","embeddable":true,"href":"https:\/\/acontecenafronteira.com.br\/index.php\/wp-json\/wp\/v2\/categories?post=17696"},{"taxonomy":"post_tag","embeddable":true,"href":"https:\/\/acontecenafronteira.com.br\/index.php\/wp-json\/wp\/v2\/tags?post=17696"}],"curies":[{"name":"wp","href":"https:\/\/api.w.org\/{rel}","templated":true}]}}