{"id":17693,"date":"2024-02-10T13:16:41","date_gmt":"2024-02-10T16:16:41","guid":{"rendered":"https:\/\/acontecenafronteira.com.br\/?p=17693"},"modified":"2024-02-10T13:16:41","modified_gmt":"2024-02-10T16:16:41","slug":"estado-disponibiliza-plataforma-de-acompanhamento-de-indicadores-sobre-mulheres","status":"publish","type":"post","link":"https:\/\/acontecenafronteira.com.br\/index.php\/2024\/02\/10\/estado-disponibiliza-plataforma-de-acompanhamento-de-indicadores-sobre-mulheres\/","title":{"rendered":"Estado disponibiliza plataforma de acompanhamento de indicadores sobre mulheres"},"content":{"rendered":"\n<p><strong><em>Uma plataforma de BI (business intelligence) desenvolvida por meio de uma parceria entre a Secretaria da Mulher, Igualdade Racial e Pessoa Idosa (Semipi) e o\u00a0Instituto Paranaense de Desenvolvimento Econ\u00f4mico e Social (Ipardes) apresenta um diagn\u00f3stico da realidade das mulheres do Estado, com um olhar individualizado para cada um dos 399 munic\u00edpios. Trata-se do &#8220;Painel Mulheres do Paran\u00e1&#8221;, que j\u00e1 est\u00e1 dispon\u00edvel no\u00a0<a href=\"https:\/\/www.ipardes.pr.gov.br\/Pagina\/Mulheres-do-Parana\" target=\"_blank\" rel=\"noreferrer noopener\">site do Ipardes<\/a>\u00a0para a consulta de gestores p\u00fablicos, acad\u00eamicos e comunidade em geral.\u00a0<\/em><\/strong><\/p>\n\n\n\n<p>A parceria entre as institui\u00e7\u00f5es permite a amplia\u00e7\u00e3o dos indicadores dispon\u00edveis com olhar transversal de g\u00eanero, ra\u00e7a e faixa et\u00e1ria. O Termo de Coopera\u00e7\u00e3o firmado entre a Semipi e o Ipardes tem como objetivo a produ\u00e7\u00e3o de informa\u00e7\u00f5es, an\u00e1lises estat\u00edsticas e avalia\u00e7\u00f5es sobre a realidade e os avan\u00e7os relacionados \u00e0s paranaenses.<\/p>\n\n\n\n<p>A&nbsp;ferramenta tamb\u00e9m permite aos munic\u00edpios aprimorarem a constru\u00e7\u00e3o e execu\u00e7\u00e3o de pol\u00edticas voltadas a este segmento da popula\u00e7\u00e3o, al\u00e9m de favorecer a comunidade cient\u00edfica envolvida na quest\u00e3o e os gestores p\u00fablicos no geral. A metodologia re\u00fane um conjunto de ferramentas, tecnologias e processos que possibilitam coletar, armazenar, analisar e visualizar dados, conferindo assertividade a pol\u00edticas p\u00fablicas.<\/p>\n\n\n\n<blockquote class=\"wp-block-quote is-layout-flow wp-block-quote-is-layout-flow\">\n<p>\u201cA parceria com o Ipardes \u00e9 fundamental para a constru\u00e7\u00e3o de pol\u00edticas p\u00fablicas baseadas em evid\u00eancias. Esta \u00e9 uma das diretrizes da Semipi, que tem buscado inovar na implementa\u00e7\u00e3o de pol\u00edticas, construindo estrat\u00e9gias sustentadas por informa\u00e7\u00f5es de qualidade e dados anal\u00edticos\u201d, afirma a secret\u00e1ria estadual da Mulher, Leandre Dal Ponte.<\/p>\n<\/blockquote>\n\n\n\n<p>Al\u00e9m do Painel Mulheres do Paran\u00e1, a coopera\u00e7\u00e3o prev\u00ea a elabora\u00e7\u00e3o de outro BI envolvendo informa\u00e7\u00f5es que permitam an\u00e1lise e maior conhecimento&nbsp;direcionados a g\u00eanero, ra\u00e7a, faixa et\u00e1ria e povos e comunidades tradicionais \u2013 todas as \u00e1reas atendidas pela pasta.<\/p>\n\n\n\n<p>Para o diretor-presidente do Ipardes, Jorge Callado, o Painel das Mulheres do Paran\u00e1 \u00e9 emblem\u00e1tico no que diz respeito aos esfor\u00e7os dos \u00f3rg\u00e3os e entidades do Estado para disponibilizar dados socioecon\u00f4micos aos agentes p\u00fablicos e privados, apoiando, consequentemente, a elabora\u00e7\u00e3o de pol\u00edticas e a\u00e7\u00f5es espec\u00edficas.<\/p>\n\n\n\n<blockquote class=\"wp-block-quote is-layout-flow wp-block-quote-is-layout-flow\">\n<p>\u201cCom o Painel, os gestores ter\u00e3o uma radiografia da condi\u00e7\u00e3o da mulher paranaense, inclusive em \u00e2mbito municipal, permitindo a identifica\u00e7\u00e3o de car\u00eancias e potencialidades relacionadas \u00e0 popula\u00e7\u00e3o feminina&#8221;, ressalta.<\/p>\n<\/blockquote>\n\n\n\n<p><strong>PAINEL&nbsp;<\/strong>\u2013 A ferramenta disponibiliza dados dos 399 munic\u00edpios em tr\u00eas \u00e1reas principais: viol\u00eancia, sa\u00fade e popula\u00e7\u00e3o. Em alguns casos, os indicadores tamb\u00e9m mostram dados da m\u00e9dia do Estado e a s\u00e9rie hist\u00f3rica.&nbsp;A partir da consulta \u00e9 poss\u00edvel verificar o \u00edndice de viol\u00eancia contra a mulher, o \u00edndice de viol\u00eancia dom\u00e9stica contra a mulher e o n\u00famero de feminic\u00eddios a cada mil mulheres de 18 anos ou mais. Esses dados s\u00e3o da Secretaria de Estado da Seguran\u00e7a P\u00fablica.<\/p>\n\n\n\n<p>Na \u00e1rea da sa\u00fade, o painel mostra a taxa de mortalidade neonatal, gravidez por faixa et\u00e1ria, taxa de mortalidade materna, cobertura de consultas pr\u00e9-natal e taxa de incid\u00eancia de HIV\/Aids, conforme dados do Minist\u00e9rio da Sa\u00fade \u2013 DataSUS.<\/p>\n\n\n\n<p>Nos indicadores populacionais, \u00e9 poss\u00edvel verificar a popula\u00e7\u00e3o censit\u00e1ria no Paran\u00e1, com dados do Censo 2022. Al\u00e9m disso, o BI apresenta o n\u00famero de empregos, o rendimento m\u00e9dio de mulheres e homens no Estado,&nbsp;incluindo a participa\u00e7\u00e3o em cargos de chefia, segundo a&nbsp;Rela\u00e7\u00e3o Anual de Informa\u00e7\u00f5es Sociais&nbsp;(Rais), do Minist\u00e9rio do Trabalho e Emprego.&nbsp;<\/p>\n\n\n\n<p>Outro indicador dispon\u00edvel trata do perfil das elei\u00e7\u00f5es municipais em cada cidade. A ferramenta permite verificar a quantidade de eleitorado, o n\u00famero de candidatos e os candidatos eleitos, entre mulheres e homens.<\/p>\n\n\n\n<p>Os dados t\u00eam como base informa\u00e7\u00f5es do Ipardes, de outras pastas do governo estadual, do governo federal e do Tribunal Superior Eleitoral (TSE).<\/p>\n\n\n\n<p>Foto: Robson Mafra\/SEMIPI<\/p>\n","protected":false},"excerpt":{"rendered":"<p>Uma plataforma de BI (business intelligence) desenvolvida por meio de uma parceria entre a Secretaria da Mulher, Igualdade Racial e Pessoa Idosa (Semipi) e o\u00a0Instituto Paranaense de Desenvolvimento Econ\u00f4mico e Social (Ipardes) apresenta um diagn\u00f3stico da realidade das mulheres do Estado, com um olhar individualizado para cada um dos 399 munic\u00edpios. Trata-se do &#8220;Painel Mulheres [&hellip;]<\/p>\n","protected":false},"author":2,"featured_media":17694,"comment_status":"open","ping_status":"open","sticky":false,"template":"","format":"standard","meta":{"om_disable_all_campaigns":false,"_monsterinsights_skip_tracking":false,"_monsterinsights_sitenote_active":false,"_monsterinsights_sitenote_note":"","_monsterinsights_sitenote_category":0,"footnotes":""},"categories":[18],"tags":[],"class_list":["post-17693","post","type-post","status-publish","format-standard","has-post-thumbnail","hentry","category-parana"],"_links":{"self":[{"href":"https:\/\/acontecenafronteira.com.br\/index.php\/wp-json\/wp\/v2\/posts\/17693","targetHints":{"allow":["GET"]}}],"collection":[{"href":"https:\/\/acontecenafronteira.com.br\/index.php\/wp-json\/wp\/v2\/posts"}],"about":[{"href":"https:\/\/acontecenafronteira.com.br\/index.php\/wp-json\/wp\/v2\/types\/post"}],"author":[{"embeddable":true,"href":"https:\/\/acontecenafronteira.com.br\/index.php\/wp-json\/wp\/v2\/users\/2"}],"replies":[{"embeddable":true,"href":"https:\/\/acontecenafronteira.com.br\/index.php\/wp-json\/wp\/v2\/comments?post=17693"}],"version-history":[{"count":1,"href":"https:\/\/acontecenafronteira.com.br\/index.php\/wp-json\/wp\/v2\/posts\/17693\/revisions"}],"predecessor-version":[{"id":17695,"href":"https:\/\/acontecenafronteira.com.br\/index.php\/wp-json\/wp\/v2\/posts\/17693\/revisions\/17695"}],"wp:featuredmedia":[{"embeddable":true,"href":"https:\/\/acontecenafronteira.com.br\/index.php\/wp-json\/wp\/v2\/media\/17694"}],"wp:attachment":[{"href":"https:\/\/acontecenafronteira.com.br\/index.php\/wp-json\/wp\/v2\/media?parent=17693"}],"wp:term":[{"taxonomy":"category","embeddable":true,"href":"https:\/\/acontecenafronteira.com.br\/index.php\/wp-json\/wp\/v2\/categories?post=17693"},{"taxonomy":"post_tag","embeddable":true,"href":"https:\/\/acontecenafronteira.com.br\/index.php\/wp-json\/wp\/v2\/tags?post=17693"}],"curies":[{"name":"wp","href":"https:\/\/api.w.org\/{rel}","templated":true}]}}