{"id":17687,"date":"2024-02-09T19:45:39","date_gmt":"2024-02-09T22:45:39","guid":{"rendered":"https:\/\/acontecenafronteira.com.br\/?p=17687"},"modified":"2024-02-09T19:45:40","modified_gmt":"2024-02-09T22:45:40","slug":"com-drones-e-coleira-tech-de-vacas-alunos-da-rede-estadual-levaram-projetos-ao-show-rural","status":"publish","type":"post","link":"https:\/\/acontecenafronteira.com.br\/index.php\/2024\/02\/09\/com-drones-e-coleira-tech-de-vacas-alunos-da-rede-estadual-levaram-projetos-ao-show-rural\/","title":{"rendered":"Com drones e coleira tech de vacas, alunos da rede estadual levaram projetos ao Show Rural"},"content":{"rendered":"\n<p><strong><em>No espa\u00e7o destinado \u00e0 Secretaria de Estado da Educa\u00e7\u00e3o (Seed\/PR) no estande do Sindicato Rural de Cascavel, no Show Rural Coopavel, seis estudantes de 16 anos, em m\u00e9dia, de col\u00e9gios agr\u00edcolas de regi\u00f5es distintas do Paran\u00e1, apresentaram projetos desenvolvidos ao longo do curso.<\/em><\/strong><\/p>\n\n\n\n<p>Eles foram escolhidos entre milhares de alunos para demonstrar como absorveram o conte\u00fado voltado para a inova\u00e7\u00e3o tecnol\u00f3gica e a sustentabilidade.<\/p>\n\n\n\n<p>Os trabalhos, exibidos em formato de pain\u00e9is, foram realizados pelos pr\u00f3prios alunos com solu\u00e7\u00f5es para a agricultura de precis\u00e3o como drones de pulveriza\u00e7\u00e3o, monitoramento de gado de leite com microchips e recomposi\u00e7\u00e3o de matas nativas.&nbsp;<\/p>\n\n\n\n<p>Destaques na Prova Paran\u00e1 Agro e em sala de aula, Stefany Volgai e Renan Zonatto, do Centro Estadual de Educa\u00e7\u00e3o Profissional Assis Brasil, de Clevel\u00e2ndia (no Sudoeste), explicaram ao p\u00fablico todos os detalhes e funcionalidades dos drones de pulveriza\u00e7\u00e3o (um deles em exposi\u00e7\u00e3o no espa\u00e7o), capazes de fotografar, mapear e depositar defensivos agr\u00edcolas ou fungicidas em \u00e1reas pr\u00e9-determinadas.<\/p>\n\n\n\n<blockquote class=\"wp-block-quote is-layout-flow wp-block-quote-is-layout-flow\">\n<p>\u201cUma das vantagens do drone de pulveriza\u00e7\u00e3o est\u00e1 no tempo prop\u00edcio para aplica\u00e7\u00e3o de um produto. Quando o solo est\u00e1 muito encharcado, dizemos que ele est\u00e1 acima da capacidade. N\u00e3o \u00e9 poss\u00edvel entrar na lavoura e fazer uma opera\u00e7\u00e3o agr\u00edcola. Esse \u00e9 o momento para fazer a aplica\u00e7\u00e3o do produto e o drone nos direciona com essas informa\u00e7\u00f5es, inclusive da \u00e1rea espec\u00edfica\u201d, explica Stefany. \u201cComo conhecemos bem as fun\u00e7\u00f5es do equipamento e entendemos as partes te\u00f3ricas e pr\u00e1ticas, explicamos tudo a quem tem curiosidade com a tecnologia\u201d, arremata Renan.<\/p>\n<\/blockquote>\n\n\n\n<p><strong>TECNOLOGIA A FAVOR DA PRODUTIVIDADE<\/strong>&nbsp;\u2013 Com a coleira de monitoramento de vacas, utilizada no Centro Estadual de Educa\u00e7\u00e3o Profissional Oleg\u00e1rio Macedo de Castro, regi\u00e3o dos Campos Gerais, Igor Henrique Rodrigues Bonfim e Odair Rodrigo Trautenmuller, demonstram aos visitantes do espa\u00e7o da Seed que o equipamento auxilia o produtor rural em seu dia a dia.<\/p>\n\n\n\n<blockquote class=\"wp-block-quote is-layout-flow wp-block-quote-is-layout-flow\">\n<p>\u201cO equipamento traz informa\u00e7\u00f5es sobre o rebanho bovino, especialmente as vacas. Mostra quatro itens: ofega\u00e7\u00e3o, rumina\u00e7\u00e3o, \u00f3cio e atividade do animal. Se a vaca entra em cio, o colar indica para o aplicativo (parte do equipamento) o melhor hor\u00e1rio e jeito para insemin\u00e1-la e at\u00e9 qual o melhor s\u00eamen\u201d, diz Bonfim.&nbsp;<\/p>\n<\/blockquote>\n\n\n\n<p>Foi o fabricante que forneceu o equipamento ao col\u00e9gio a um pre\u00e7o mais em conta e s\u00e3o os estudantes, que tamb\u00e9m atuam na fazenda-escola da Unidade Did\u00e1tica Produtiva (UDP), que monitoram as 54 vacas da propriedade.&nbsp;<\/p>\n\n\n\n<blockquote class=\"wp-block-quote is-layout-flow wp-block-quote-is-layout-flow\">\n<p>\u201c\u00c9 a primeira vez na hist\u00f3ria que a gente vem para a feira. Tem sido muito gratificante ver os nossos alunos mais t\u00edmidos no primeiro dia e agora no final j\u00e1 se soltando, apresentando o projeto em detalhes\u201d, observa H\u00e9lio Rentz, diretor da UDP do col\u00e9gio.<\/p>\n<\/blockquote>\n\n\n\n<p><strong>MATA ADENTRO&nbsp;<\/strong>\u2013 Hoje no 3\u00ba ano do curso de t\u00e9cnico agr\u00edcola no Centro Estadual de Educa\u00e7\u00e3o Profissional Agr\u00edcola Get\u00falio Vargas, em Palmeira, tamb\u00e9m nos Campos Gerais, Carolini Ribas Toneti e Franciele Kuczer tocam um projeto de restaura\u00e7\u00e3o florestal em uma planta\u00e7\u00e3o de eucalipto e de algumas \u00e1rvores nativas dentro da fazenda-escola. \u201cFizemos o corte dessas \u00e1rvores de eucalipto e plantamos novas mudas de \u00e1rvores nativas do bioma da Mata Atl\u00e2ntica. Elas est\u00e3o se desenvolvendo bem e observamos que h\u00e1&nbsp; um \u00edndice satisfat\u00f3rio da biodiversidade\u201d, explica Carolini.<\/p>\n\n\n\n<p>Franciele Kuczer destaca a parceria da escola com uma empresa, que tem a inten\u00e7\u00e3o de aumentar a biodiversidade dentro do col\u00e9gio, entre outros objetivos. \u201cA finalidade do trabalho \u00e9 ainda proteger as \u00e1rvores dos inimigos naturais, como pragas e insetos, e reduzir o uso de defensivos agr\u00edcolas. Uma nova oportunidade para contribuir com a preserva\u00e7\u00e3o ambiental\u201d, enfatiza.<\/p>\n\n\n\n<p><strong>PARTICIPA\u00c7\u00c3O NA FEIRA<\/strong>&nbsp;\u2013 Quando n\u00e3o est\u00e3o repetindo aos visitantes o significado e a import\u00e2ncia dos projetos, os jovens estudantes circulam pela feira, assistem a palestras, se familiarizam com as novidades e j\u00e1 fazem planos. \u201cQuero voltar sempre, porque vou levar para a vida essa experi\u00eancia\u201d, afirma Odair, que quer ser veterin\u00e1rio. Henrique quer seguir carreira como zootecnista. \u201cEstar aqui \u00e9 uma experi\u00eancia \u00fanica que jamais poderia imaginar e que n\u00e3o vou esquecer\u201d.<\/p>\n\n\n\n<blockquote class=\"wp-block-quote is-layout-flow wp-block-quote-is-layout-flow\">\n<p>\u201cPara a gente, que tem 16 anos e vem de um munic\u00edpio pequeno, \u00e9 a realiza\u00e7\u00e3o de um sonho poder participar desse momento\u201d, arrisca Carolini, futura engenheira agr\u00f4noma.<\/p>\n<\/blockquote>\n\n\n\n<p>Foto: Anderson Batista\/Seed-Pr<\/p>\n","protected":false},"excerpt":{"rendered":"<p>No espa\u00e7o destinado \u00e0 Secretaria de Estado da Educa\u00e7\u00e3o (Seed\/PR) no estande do Sindicato Rural de Cascavel, no Show Rural Coopavel, seis estudantes de 16 anos, em m\u00e9dia, de col\u00e9gios agr\u00edcolas de regi\u00f5es distintas do Paran\u00e1, apresentaram projetos desenvolvidos ao longo do curso. Eles foram escolhidos entre milhares de alunos para demonstrar como absorveram o [&hellip;]<\/p>\n","protected":false},"author":2,"featured_media":17688,"comment_status":"open","ping_status":"open","sticky":false,"template":"","format":"standard","meta":{"om_disable_all_campaigns":false,"_monsterinsights_skip_tracking":false,"_monsterinsights_sitenote_active":false,"_monsterinsights_sitenote_note":"","_monsterinsights_sitenote_category":0,"footnotes":""},"categories":[18],"tags":[],"class_list":["post-17687","post","type-post","status-publish","format-standard","has-post-thumbnail","hentry","category-parana"],"_links":{"self":[{"href":"https:\/\/acontecenafronteira.com.br\/index.php\/wp-json\/wp\/v2\/posts\/17687","targetHints":{"allow":["GET"]}}],"collection":[{"href":"https:\/\/acontecenafronteira.com.br\/index.php\/wp-json\/wp\/v2\/posts"}],"about":[{"href":"https:\/\/acontecenafronteira.com.br\/index.php\/wp-json\/wp\/v2\/types\/post"}],"author":[{"embeddable":true,"href":"https:\/\/acontecenafronteira.com.br\/index.php\/wp-json\/wp\/v2\/users\/2"}],"replies":[{"embeddable":true,"href":"https:\/\/acontecenafronteira.com.br\/index.php\/wp-json\/wp\/v2\/comments?post=17687"}],"version-history":[{"count":1,"href":"https:\/\/acontecenafronteira.com.br\/index.php\/wp-json\/wp\/v2\/posts\/17687\/revisions"}],"predecessor-version":[{"id":17689,"href":"https:\/\/acontecenafronteira.com.br\/index.php\/wp-json\/wp\/v2\/posts\/17687\/revisions\/17689"}],"wp:featuredmedia":[{"embeddable":true,"href":"https:\/\/acontecenafronteira.com.br\/index.php\/wp-json\/wp\/v2\/media\/17688"}],"wp:attachment":[{"href":"https:\/\/acontecenafronteira.com.br\/index.php\/wp-json\/wp\/v2\/media?parent=17687"}],"wp:term":[{"taxonomy":"category","embeddable":true,"href":"https:\/\/acontecenafronteira.com.br\/index.php\/wp-json\/wp\/v2\/categories?post=17687"},{"taxonomy":"post_tag","embeddable":true,"href":"https:\/\/acontecenafronteira.com.br\/index.php\/wp-json\/wp\/v2\/tags?post=17687"}],"curies":[{"name":"wp","href":"https:\/\/api.w.org\/{rel}","templated":true}]}}