{"id":17678,"date":"2024-02-08T23:18:35","date_gmt":"2024-02-09T02:18:35","guid":{"rendered":"https:\/\/acontecenafronteira.com.br\/?p=17678"},"modified":"2024-02-08T23:18:35","modified_gmt":"2024-02-09T02:18:35","slug":"prefeituras-das-cidades-fronteiricas-avancam-para-potencializar-turismo-trinacional","status":"publish","type":"post","link":"https:\/\/acontecenafronteira.com.br\/index.php\/2024\/02\/08\/prefeituras-das-cidades-fronteiricas-avancam-para-potencializar-turismo-trinacional\/","title":{"rendered":"Prefeituras das cidades fronteiri\u00e7as avan\u00e7am para potencializar turismo trinacional"},"content":{"rendered":"\n<p><strong><em>Secret\u00e1rios de turismo dos munic\u00edpios lim\u00edtrofes se reuniram nesta quarta-feira (07), em Foz, para debater estrat\u00e9gias com vistas a fomentar o destino da tr\u00edplice fronteira<\/em><\/strong><\/p>\n\n\n\n<p>Os secret\u00e1rios de Turismo de Foz do Igua\u00e7u (Brasil), Ciudad del Este (Paraguai), Hernandarias (Paraguai), Presidente Franco (Paraguai) e Puerto Iguaz\u00fa (Argentina) se reuniram nesta quarta-feira (07) para discutir estrat\u00e9gias de promo\u00e7\u00e3o integrada do turismo na regi\u00e3o trinacional.<\/p>\n\n\n\n<p>O encontro, na sede da pasta local, teve como objetivo principal fortalecer a coopera\u00e7\u00e3o entre as cidades lim\u00edtrofes para impulsionar o turismo e o desenvolvimento regional. Al\u00e9m de pontuarem os desafios em comum, os gestores avan\u00e7aram na formula\u00e7\u00e3o de a\u00e7\u00f5es para promo\u00e7\u00e3o do destino da tr\u00edplice fronteira.<\/p>\n\n\n\n<p>Entre os encaminhamentos da reuni\u00e3o est\u00e3o a produ\u00e7\u00e3o de um material gr\u00e1fico do destino integrado, a participa\u00e7\u00e3o conjunta em feiras do segmento e realiza\u00e7\u00e3o de atividades para o p\u00fablico-alvo, em datas comemorativas.<\/p>\n\n\n\n<p>O diferencial \u00e9 oferecer a diversidade de experi\u00eancias existente na regi\u00e3o trinacional. \u201cA regi\u00e3o possui um potencial tur\u00edstico enorme, com atrativos naturais, culturais e entretenimento \u00fanicos no mundo. O objetivo \u00e9 aproveitar esses ativos e tornar a experi\u00eancia dos visitantes muito mais rica\u201d, ressaltou o secret\u00e1rio de Turismo e Projetos Estrat\u00e9gicos de Foz, Andr\u00e9 Alliana.<\/p>\n\n\n\n<p>Para ele, a promo\u00e7\u00e3o integrada \u00e9 fundamental para ampliar a visita\u00e7\u00e3o no destino trinacional. \u201cVamos potencializar a divulga\u00e7\u00e3o dessas oportunidades que os visitantes podem ter pelas caracter\u00edsticas da regi\u00e3o como a proximidade entre as cidades e a possibilidade de conhecer tr\u00eas pa\u00edses na mesma viagem\u201d, completou.<\/p>\n\n\n\n<p>Representantes do setor de turismo do Paraguai manifestaram entusiasmo com a concretiza\u00e7\u00e3o das estrat\u00e9gias que vem sendo debatidas ao logo dos \u00faltimos anos. \u201cUm encontro muito produtivo e estamos muito entusiasmados porque as ideias que estamos debatendo h\u00e1 cerca de dois anos est\u00e3o muito pr\u00f3ximas de se materializarem porque estamos em um momento favor\u00e1vel e com o mesmo objetivo em comum que \u00e9 beneficiar a regi\u00e3o trinacional\u201d, refor\u00e7ou a secret\u00e1ria de turismo de Ciudad Del Este, Liliana Flores.<\/p>\n\n\n\n<p><strong>Import\u00e2ncia do turismo para a regi\u00e3o<\/strong><\/p>\n\n\n\n<p>O turismo tem um papel fundamental na regi\u00e3o de fronteira entre Brasil, Paraguai e Argentina, impulsionando o desenvolvimento econ\u00f4mico e social e promovendo a integra\u00e7\u00e3o regional.<\/p>\n\n\n\n<p>O volume de visitantes nas Cataratas do Igua\u00e7u em 2023 ultrapassou a marca de 3,3 milh\u00f5es, al\u00e9m da visita\u00e7\u00e3o aos demais atrativos na regi\u00e3o que oferecem uma enorme diversidade de op\u00e7\u00f5es.<\/p>\n","protected":false},"excerpt":{"rendered":"<p>Secret\u00e1rios de turismo dos munic\u00edpios lim\u00edtrofes se reuniram nesta quarta-feira (07), em Foz, para debater estrat\u00e9gias com vistas a fomentar o destino da tr\u00edplice fronteira Os secret\u00e1rios de Turismo de Foz do Igua\u00e7u (Brasil), Ciudad del Este (Paraguai), Hernandarias (Paraguai), Presidente Franco (Paraguai) e Puerto Iguaz\u00fa (Argentina) se reuniram nesta quarta-feira (07) para discutir estrat\u00e9gias [&hellip;]<\/p>\n","protected":false},"author":2,"featured_media":17679,"comment_status":"open","ping_status":"open","sticky":false,"template":"","format":"standard","meta":{"om_disable_all_campaigns":false,"_monsterinsights_skip_tracking":false,"_monsterinsights_sitenote_active":false,"_monsterinsights_sitenote_note":"","_monsterinsights_sitenote_category":0,"footnotes":""},"categories":[4],"tags":[],"class_list":["post-17678","post","type-post","status-publish","format-standard","has-post-thumbnail","hentry","category-cidade"],"_links":{"self":[{"href":"https:\/\/acontecenafronteira.com.br\/index.php\/wp-json\/wp\/v2\/posts\/17678","targetHints":{"allow":["GET"]}}],"collection":[{"href":"https:\/\/acontecenafronteira.com.br\/index.php\/wp-json\/wp\/v2\/posts"}],"about":[{"href":"https:\/\/acontecenafronteira.com.br\/index.php\/wp-json\/wp\/v2\/types\/post"}],"author":[{"embeddable":true,"href":"https:\/\/acontecenafronteira.com.br\/index.php\/wp-json\/wp\/v2\/users\/2"}],"replies":[{"embeddable":true,"href":"https:\/\/acontecenafronteira.com.br\/index.php\/wp-json\/wp\/v2\/comments?post=17678"}],"version-history":[{"count":1,"href":"https:\/\/acontecenafronteira.com.br\/index.php\/wp-json\/wp\/v2\/posts\/17678\/revisions"}],"predecessor-version":[{"id":17680,"href":"https:\/\/acontecenafronteira.com.br\/index.php\/wp-json\/wp\/v2\/posts\/17678\/revisions\/17680"}],"wp:featuredmedia":[{"embeddable":true,"href":"https:\/\/acontecenafronteira.com.br\/index.php\/wp-json\/wp\/v2\/media\/17679"}],"wp:attachment":[{"href":"https:\/\/acontecenafronteira.com.br\/index.php\/wp-json\/wp\/v2\/media?parent=17678"}],"wp:term":[{"taxonomy":"category","embeddable":true,"href":"https:\/\/acontecenafronteira.com.br\/index.php\/wp-json\/wp\/v2\/categories?post=17678"},{"taxonomy":"post_tag","embeddable":true,"href":"https:\/\/acontecenafronteira.com.br\/index.php\/wp-json\/wp\/v2\/tags?post=17678"}],"curies":[{"name":"wp","href":"https:\/\/api.w.org\/{rel}","templated":true}]}}