{"id":17662,"date":"2024-02-06T10:36:17","date_gmt":"2024-02-06T13:36:17","guid":{"rendered":"https:\/\/acontecenafronteira.com.br\/?p=17662"},"modified":"2024-02-06T10:36:18","modified_gmt":"2024-02-06T13:36:18","slug":"prefeitura-reforca-esquema-de-seguranca-para-o-carnafalls","status":"publish","type":"post","link":"https:\/\/acontecenafronteira.com.br\/index.php\/2024\/02\/06\/prefeitura-reforca-esquema-de-seguranca-para-o-carnafalls\/","title":{"rendered":"Prefeitura refor\u00e7a esquema de seguran\u00e7a para o Carnafalls"},"content":{"rendered":"\n<p><strong><em>For\u00e7a-tarefa contar\u00e1 com efetivos da Guarda Municipal, Pol\u00edcia Militar, Foztrans e Corpo de Bombeiros durante toda a programa\u00e7\u00e3o, dos dias 10 a 13 de fevereiro, na Pra\u00e7a da Paz<\/em><\/strong><\/p>\n\n\n\n<p>A Prefeitura de Foz j\u00e1 organizou o esquema de seguran\u00e7a para garantir aos foli\u00f5es mais um carnaval divertido e tranquilo. Assim como nas edi\u00e7\u00f5es anteriores, uma for\u00e7a-tarefa composta por efetivos da Guarda Municipal, Pol\u00edcia Militar, Foztrans e Corpo de Bombeiros estar\u00e1 presentes durante toda a programa\u00e7\u00e3o do evento, que acontece dos dias 10, a 13 de fevereiro, na Pra\u00e7a da Paz.<\/p>\n\n\n\n<p>A reuni\u00e3o de alinhamento das for\u00e7as de seguran\u00e7a aconteceu na \u00faltima sexta-feira (02) sob a condu\u00e7\u00e3o do secret\u00e1rio de Seguran\u00e7a P\u00fablica, Marcos Antonio Jahnke.<\/p>\n\n\n\n<p>\u201cTemos um entrosamento e preparo das for\u00e7as de seguran\u00e7a em Foz, e teremos \u00e0 disposi\u00e7\u00e3o da comunidade efetivos em tempo integral, que incluem desde o monitoramento nos locais dos eventos ao patrulhamento ostensivo e de tr\u00e2nsito nas vias interditadas\u201d, refor\u00e7ou.<\/p>\n\n\n\n<p>O \u00f4nibus de videomonitoramento da Guarda Municipal ficar\u00e1 fixo na Pra\u00e7a da Paz e ter\u00e1 acesso \u00e0s imagens das c\u00e2meras da situadas na Rua Rio Branco e na Avenida Juscelino Kubitschek, cruzamento com a Rua Quintino Bocai\u00fava. O ve\u00edculo tamb\u00e9m servir\u00e1 como ponto de apoio aos agentes de seguran\u00e7a.<\/p>\n\n\n\n<p>Al\u00e9m destas a\u00e7\u00f5es t\u00e1ticas, algumas medidas de preven\u00e7\u00e3o tamb\u00e9m foram adotadas para garantir a seguran\u00e7a entre os foli\u00f5es. Entre elas est\u00e3o a proibi\u00e7\u00e3o de comercializa\u00e7\u00e3o de produtos com embalagens de vidro (garrafas, copos e outros) e a venda de bebidas destiladas.<\/p>\n\n\n\n<blockquote class=\"wp-block-quote is-layout-flow wp-block-quote-is-layout-flow\">\n<p>\u201cA comunidade poder\u00e1 levar cadeiras e caixas t\u00e9rmicas com produtos, mas sempre seguindo essas observa\u00e7\u00f5es a respeito dos recipientes, que pro\u00edbem a utiliza\u00e7\u00e3o de vidro\u201d, completou o diretor-presidente da Funda\u00e7\u00e3o Cultural, Juca Rodrigues.<\/p>\n<\/blockquote>\n\n\n\n<p>Al\u00e9m do efetivo p\u00fablico, equipes de seguran\u00e7a privada prestar\u00e3o servi\u00e7os no evento.<\/p>\n\n\n\n<p><strong>Programa\u00e7\u00e3o<\/strong><br>O Carnafalls acontecer\u00e1 nos dias 10, 11 e 13 de fevereiro na Pra\u00e7a da Paz e no dia 12 na Avenida Brasil (uma organiza\u00e7\u00e3o dos blocos). No s\u00e1bado (10) a festa come\u00e7a \u00e0s 17h; e no domingo (11) e na ter\u00e7a (13) a programa\u00e7\u00e3o inicia \u00e0s 15h com as tradicionais marchinhas. Nos tr\u00eas dias, a programa\u00e7\u00e3o com os blocos e artistas locais seguir\u00e1 at\u00e9 as 23 horas.<\/p>\n\n\n\n<p>Na ter\u00e7a-feira (13) acontecer\u00e1 a tradicional Canja do Galo In\u00e1cio, organizada pelo Rotary Clube Foz do Igua\u00e7u Grande Lago e que este ano ter\u00e1 a renda destinada \u00e0 Associa\u00e7\u00e3o Fraternidade Alian\u00e7a (AFA). A expectativa do clube \u00e9 comercializar 5 mil canjas.<\/p>\n\n\n\n<p><strong>Organiza\u00e7\u00e3o<\/strong><br>O Carnaval \u00e9 uma organiza\u00e7\u00e3o da Prefeitura de Foz do Igua\u00e7u e Funda\u00e7\u00e3o Cultural, em parceria com o Parque Tecnol\u00f3gico Itaipu (PTI) e apoio do Foztrans, Pol\u00edcia Militar, Guarda Municipal e Plusnet.<\/p>\n","protected":false},"excerpt":{"rendered":"<p>For\u00e7a-tarefa contar\u00e1 com efetivos da Guarda Municipal, Pol\u00edcia Militar, Foztrans e Corpo de Bombeiros durante toda a programa\u00e7\u00e3o, dos dias 10 a 13 de fevereiro, na Pra\u00e7a da Paz A Prefeitura de Foz j\u00e1 organizou o esquema de seguran\u00e7a para garantir aos foli\u00f5es mais um carnaval divertido e tranquilo. Assim como nas edi\u00e7\u00f5es anteriores, uma [&hellip;]<\/p>\n","protected":false},"author":2,"featured_media":17663,"comment_status":"open","ping_status":"open","sticky":false,"template":"","format":"standard","meta":{"om_disable_all_campaigns":false,"_monsterinsights_skip_tracking":false,"_monsterinsights_sitenote_active":false,"_monsterinsights_sitenote_note":"","_monsterinsights_sitenote_category":0,"footnotes":""},"categories":[4],"tags":[],"class_list":["post-17662","post","type-post","status-publish","format-standard","has-post-thumbnail","hentry","category-cidade"],"_links":{"self":[{"href":"https:\/\/acontecenafronteira.com.br\/index.php\/wp-json\/wp\/v2\/posts\/17662","targetHints":{"allow":["GET"]}}],"collection":[{"href":"https:\/\/acontecenafronteira.com.br\/index.php\/wp-json\/wp\/v2\/posts"}],"about":[{"href":"https:\/\/acontecenafronteira.com.br\/index.php\/wp-json\/wp\/v2\/types\/post"}],"author":[{"embeddable":true,"href":"https:\/\/acontecenafronteira.com.br\/index.php\/wp-json\/wp\/v2\/users\/2"}],"replies":[{"embeddable":true,"href":"https:\/\/acontecenafronteira.com.br\/index.php\/wp-json\/wp\/v2\/comments?post=17662"}],"version-history":[{"count":1,"href":"https:\/\/acontecenafronteira.com.br\/index.php\/wp-json\/wp\/v2\/posts\/17662\/revisions"}],"predecessor-version":[{"id":17664,"href":"https:\/\/acontecenafronteira.com.br\/index.php\/wp-json\/wp\/v2\/posts\/17662\/revisions\/17664"}],"wp:featuredmedia":[{"embeddable":true,"href":"https:\/\/acontecenafronteira.com.br\/index.php\/wp-json\/wp\/v2\/media\/17663"}],"wp:attachment":[{"href":"https:\/\/acontecenafronteira.com.br\/index.php\/wp-json\/wp\/v2\/media?parent=17662"}],"wp:term":[{"taxonomy":"category","embeddable":true,"href":"https:\/\/acontecenafronteira.com.br\/index.php\/wp-json\/wp\/v2\/categories?post=17662"},{"taxonomy":"post_tag","embeddable":true,"href":"https:\/\/acontecenafronteira.com.br\/index.php\/wp-json\/wp\/v2\/tags?post=17662"}],"curies":[{"name":"wp","href":"https:\/\/api.w.org\/{rel}","templated":true}]}}