{"id":17645,"date":"2024-02-03T16:12:02","date_gmt":"2024-02-03T19:12:02","guid":{"rendered":"https:\/\/acontecenafronteira.com.br\/?p=17645"},"modified":"2024-02-03T16:12:02","modified_gmt":"2024-02-03T19:12:02","slug":"acoes-do-foz-desenvolve-para-2024-serao-definidas-em-oficinas-tematicas","status":"publish","type":"post","link":"https:\/\/acontecenafronteira.com.br\/index.php\/2024\/02\/03\/acoes-do-foz-desenvolve-para-2024-serao-definidas-em-oficinas-tematicas\/","title":{"rendered":"A\u00e7\u00f5es do Foz Desenvolve para 2024 ser\u00e3o definidas em oficinas tem\u00e1ticas"},"content":{"rendered":"\n<p><strong><em>Neste ano os projetos estar\u00e3o alinhados com uma pol\u00edtica p\u00fablica j\u00e1 implantada no munic\u00edpio, que visa a melhoria do ambiente dos pequenos neg\u00f3cios e o desenvolvimento econ\u00f4mico local<\/em><\/strong><\/p>\n\n\n\n<p>Oficinas no dia 23 de fevereiro com os membros do Comit\u00ea Gestor de Desenvolvimento Municipal (CGDM) v\u00e3o definir as principais a\u00e7\u00f5es que ser\u00e3o implementadas neste ano pelo Programa Foz Desenvolve. A proposta foi aprovada nesta sexta-feira, 2, na reuni\u00e3o do comit\u00ea, coordenado pela secret\u00e1ria da Fazenda, Salete Horst.<\/p>\n\n\n\n<blockquote class=\"wp-block-quote is-layout-flow wp-block-quote-is-layout-flow\">\n<p><br>&#8220;Vamos estabelecer o planejamento das a\u00e7\u00f5es do Foz Desenvolve como j\u00e1 realizado nos anos anteriores. Neste ano, com um grande diferencial: os projetos estar\u00e3o alinhados com uma pol\u00edtica p\u00fablica j\u00e1 implantada no munic\u00edpio, que visa a melhoria do ambiente dos pequenos neg\u00f3cios e o desenvolvimento econ\u00f4mico local, regulamentada por decreto brevemente&#8221;, explica Salete Horst.<\/p>\n<\/blockquote>\n\n\n\n<p>Integram o CGDM representantes 34 institui\u00e7\u00f5es do Poder P\u00fablico, C\u00e2mara Municipal, secretarias municipais, sociedade civil organizada, sindicatos e conselhos profissionais, escolas de ensino superior, agentes financeiros, cooperativas de cr\u00e9dito e a Central do Empreendedor.<\/p>\n\n\n\n<p>Ser\u00e3o oficinas tem\u00e1ticas divididas de acordo com os grupos de trabalho integrantes do CGDM: simplifica\u00e7\u00e3o e desburocratiza\u00e7\u00e3o, educa\u00e7\u00e3o empreendedora, acesso ao cr\u00e9dito, acesso ao mercado, acesso \u00e0 justi\u00e7a e associativismo.<\/p>\n\n\n\n<p><strong>Foz Desenvolve<\/strong><br>O Programa Foz Desenvolve re\u00fane a\u00e7\u00f5es e projetos indutores da atividade econ\u00f4mica. Premiado pelo Sebrae do Paran\u00e1 e classificado para a disputa nacional, o programa \u00e9 dividido em eixos definidos pelo CGDM e desenvolvidos pelos grupos de trabalhos. Entre as a\u00e7\u00f5es e projetos est\u00e3o o Repara Foz, Compra Mais Local, Aux\u00edlio Material Escolar e o Destrava Foz.<\/p>\n","protected":false},"excerpt":{"rendered":"<p>Neste ano os projetos estar\u00e3o alinhados com uma pol\u00edtica p\u00fablica j\u00e1 implantada no munic\u00edpio, que visa a melhoria do ambiente dos pequenos neg\u00f3cios e o desenvolvimento econ\u00f4mico local Oficinas no dia 23 de fevereiro com os membros do Comit\u00ea Gestor de Desenvolvimento Municipal (CGDM) v\u00e3o definir as principais a\u00e7\u00f5es que ser\u00e3o implementadas neste ano pelo [&hellip;]<\/p>\n","protected":false},"author":2,"featured_media":17646,"comment_status":"open","ping_status":"open","sticky":false,"template":"","format":"standard","meta":{"om_disable_all_campaigns":false,"_monsterinsights_skip_tracking":false,"_monsterinsights_sitenote_active":false,"_monsterinsights_sitenote_note":"","_monsterinsights_sitenote_category":0,"footnotes":""},"categories":[4],"tags":[],"class_list":["post-17645","post","type-post","status-publish","format-standard","has-post-thumbnail","hentry","category-cidade"],"_links":{"self":[{"href":"https:\/\/acontecenafronteira.com.br\/index.php\/wp-json\/wp\/v2\/posts\/17645","targetHints":{"allow":["GET"]}}],"collection":[{"href":"https:\/\/acontecenafronteira.com.br\/index.php\/wp-json\/wp\/v2\/posts"}],"about":[{"href":"https:\/\/acontecenafronteira.com.br\/index.php\/wp-json\/wp\/v2\/types\/post"}],"author":[{"embeddable":true,"href":"https:\/\/acontecenafronteira.com.br\/index.php\/wp-json\/wp\/v2\/users\/2"}],"replies":[{"embeddable":true,"href":"https:\/\/acontecenafronteira.com.br\/index.php\/wp-json\/wp\/v2\/comments?post=17645"}],"version-history":[{"count":1,"href":"https:\/\/acontecenafronteira.com.br\/index.php\/wp-json\/wp\/v2\/posts\/17645\/revisions"}],"predecessor-version":[{"id":17647,"href":"https:\/\/acontecenafronteira.com.br\/index.php\/wp-json\/wp\/v2\/posts\/17645\/revisions\/17647"}],"wp:featuredmedia":[{"embeddable":true,"href":"https:\/\/acontecenafronteira.com.br\/index.php\/wp-json\/wp\/v2\/media\/17646"}],"wp:attachment":[{"href":"https:\/\/acontecenafronteira.com.br\/index.php\/wp-json\/wp\/v2\/media?parent=17645"}],"wp:term":[{"taxonomy":"category","embeddable":true,"href":"https:\/\/acontecenafronteira.com.br\/index.php\/wp-json\/wp\/v2\/categories?post=17645"},{"taxonomy":"post_tag","embeddable":true,"href":"https:\/\/acontecenafronteira.com.br\/index.php\/wp-json\/wp\/v2\/tags?post=17645"}],"curies":[{"name":"wp","href":"https:\/\/api.w.org\/{rel}","templated":true}]}}