{"id":17575,"date":"2024-01-26T21:32:51","date_gmt":"2024-01-27T00:32:51","guid":{"rendered":"https:\/\/acontecenafronteira.com.br\/?p=17575"},"modified":"2024-01-26T21:32:51","modified_gmt":"2024-01-27T00:32:51","slug":"estado-entrega-sete-novas-ambulancias-para-reforcar-o-samu-do-norte-pioneiro","status":"publish","type":"post","link":"https:\/\/acontecenafronteira.com.br\/index.php\/2024\/01\/26\/estado-entrega-sete-novas-ambulancias-para-reforcar-o-samu-do-norte-pioneiro\/","title":{"rendered":"Estado entrega sete novas ambul\u00e2ncias para refor\u00e7ar o Samu do Norte Pioneiro"},"content":{"rendered":"\n<p><em><strong>O Governo do Estado, por meio da Secretaria da Sa\u00fade (Sesa), entregou nesta sexta-feira (26) sete ambul\u00e2ncias, entre b\u00e1sicas e avan\u00e7adas, destinadas aos munic\u00edpios do Cons\u00f3rcio Intermunicipal de Sa\u00fade do Norte Pioneiro (Cisnorpi).<\/strong><\/em><\/p>\n\n\n\n<p> A iniciativa visa fortalecer o atendimento de urg\u00eancia e emerg\u00eancia de Jacarezinho, Ibaiti, Santo Ant\u00f4nio da Platina, Siqueira Campos, Cambar\u00e1, Joaquim T\u00e1vora e Santana do Itarar\u00e9.\u00a0<\/p>\n\n\n\n<p>Com investimento unit\u00e1rio de aproximadamente R$ 300 mil, as ambul\u00e2ncias integrar\u00e3o o&nbsp;Servi\u00e7o de Atendimento M\u00f3vel de Urg\u00eancia (Samu) destes munic\u00edpios e devem garantir atendimento \u00e1gil em situa\u00e7\u00f5es de emerg\u00eancia, proporcionando maior seguran\u00e7a e cuidado aos cidad\u00e3os dessas localidades.<\/p>\n\n\n\n<p>No evento de entrega, realizado em Jacarezinho, o secret\u00e1rio estadual da Sa\u00fade, Beto Preto, disse que a orienta\u00e7\u00e3o do governador Ratinho Junior \u00e9 para que o tratamento aos munic\u00edpios seja feito de maneira igualit\u00e1ria. \u201cSeja por meio de pr\u00e9dios novos para a estrutura da sa\u00fade, reformas, amplia\u00e7\u00e3o de servi\u00e7os ou expans\u00e3o da frota de ve\u00edculos, todas as nossas a\u00e7\u00f5es s\u00e3o tomadas considerando o melhor cen\u00e1rio poss\u00edvel para os paranaenses&#8221;, destacou.<\/p>\n\n\n\n<p>O apoio do Estado \u00e0 regi\u00e3o foi enfatizado pelo presidente da Cisnorpi e prefeito de Jacarezinho, Marcelo Palhares. &#8220;Nos \u00faltimos anos nossa regi\u00e3o tem recebido muitos investimentos do governo estadual e isso tamb\u00e9m acontece de maneira expressiva na \u00e1rea da sa\u00fade. Estamos passando por grandes transforma\u00e7\u00f5es e estes ve\u00edculos ser\u00e3o respons\u00e1veis pelo salvamento de vidas\u201d, disse.<\/p>\n\n\n\n<p><strong>EXPANS\u00c3O&nbsp;<\/strong>\u2013 Ap\u00f3s 18 anos de opera\u00e7\u00e3o, o Paran\u00e1 atingiu, em 2022, a cobertura de 100% deste servi\u00e7o, abrangendo todos os 399 munic\u00edpios. Ao todo, s\u00e3o 175 bases do Samu distribu\u00eddas pelo Estado, o que permite descentralizar ainda mais os atendimentos para alcan\u00e7ar a popula\u00e7\u00e3o.<\/p>\n\n\n\n<blockquote class=\"wp-block-quote is-layout-flow wp-block-quote-is-layout-flow\">\n<p>&#8220;Ao longo dos anos, o Governo do Estado investiu mais de R$ 300 milh\u00f5es no Samu, o que permitiu uma melhora significativa na rede de urg\u00eancia e emerg\u00eancia. Sabemos que, dependendo da gravidade, a agilidade \u00e9 fundamental no cuidado e \u00e9 por isso que oportunizamos todas as ferramentas dispon\u00edveis para atender os paranaenses que necessitarem de assist\u00eancia&#8221;, disse o secret\u00e1rio.<\/p>\n<\/blockquote>\n\n\n\n<p><strong>PRESEN\u00c7AS&nbsp;<\/strong>\u2013<strong>&nbsp;<\/strong>Tamb\u00e9m participaram do evento os deputados estaduais Alexandre Curi e Luiz Cl\u00e1udio Romanelli. Prefeitos, vereadores e lideran\u00e7as da regi\u00e3o tamb\u00e9m estiveram presentes.<\/p>\n\n\n\n<p>Foto: SESA<\/p>\n","protected":false},"excerpt":{"rendered":"<p>O Governo do Estado, por meio da Secretaria da Sa\u00fade (Sesa), entregou nesta sexta-feira (26) sete ambul\u00e2ncias, entre b\u00e1sicas e avan\u00e7adas, destinadas aos munic\u00edpios do Cons\u00f3rcio Intermunicipal de Sa\u00fade do Norte Pioneiro (Cisnorpi). A iniciativa visa fortalecer o atendimento de urg\u00eancia e emerg\u00eancia de Jacarezinho, Ibaiti, Santo Ant\u00f4nio da Platina, Siqueira Campos, Cambar\u00e1, Joaquim T\u00e1vora [&hellip;]<\/p>\n","protected":false},"author":2,"featured_media":17576,"comment_status":"open","ping_status":"open","sticky":false,"template":"","format":"standard","meta":{"om_disable_all_campaigns":false,"_monsterinsights_skip_tracking":false,"_monsterinsights_sitenote_active":false,"_monsterinsights_sitenote_note":"","_monsterinsights_sitenote_category":0,"footnotes":""},"categories":[18,10],"tags":[],"class_list":["post-17575","post","type-post","status-publish","format-standard","has-post-thumbnail","hentry","category-parana","category-saude"],"_links":{"self":[{"href":"https:\/\/acontecenafronteira.com.br\/index.php\/wp-json\/wp\/v2\/posts\/17575","targetHints":{"allow":["GET"]}}],"collection":[{"href":"https:\/\/acontecenafronteira.com.br\/index.php\/wp-json\/wp\/v2\/posts"}],"about":[{"href":"https:\/\/acontecenafronteira.com.br\/index.php\/wp-json\/wp\/v2\/types\/post"}],"author":[{"embeddable":true,"href":"https:\/\/acontecenafronteira.com.br\/index.php\/wp-json\/wp\/v2\/users\/2"}],"replies":[{"embeddable":true,"href":"https:\/\/acontecenafronteira.com.br\/index.php\/wp-json\/wp\/v2\/comments?post=17575"}],"version-history":[{"count":1,"href":"https:\/\/acontecenafronteira.com.br\/index.php\/wp-json\/wp\/v2\/posts\/17575\/revisions"}],"predecessor-version":[{"id":17577,"href":"https:\/\/acontecenafronteira.com.br\/index.php\/wp-json\/wp\/v2\/posts\/17575\/revisions\/17577"}],"wp:featuredmedia":[{"embeddable":true,"href":"https:\/\/acontecenafronteira.com.br\/index.php\/wp-json\/wp\/v2\/media\/17576"}],"wp:attachment":[{"href":"https:\/\/acontecenafronteira.com.br\/index.php\/wp-json\/wp\/v2\/media?parent=17575"}],"wp:term":[{"taxonomy":"category","embeddable":true,"href":"https:\/\/acontecenafronteira.com.br\/index.php\/wp-json\/wp\/v2\/categories?post=17575"},{"taxonomy":"post_tag","embeddable":true,"href":"https:\/\/acontecenafronteira.com.br\/index.php\/wp-json\/wp\/v2\/tags?post=17575"}],"curies":[{"name":"wp","href":"https:\/\/api.w.org\/{rel}","templated":true}]}}