{"id":17399,"date":"2023-12-18T19:03:31","date_gmt":"2023-12-18T22:03:31","guid":{"rendered":"https:\/\/acontecenafronteira.com.br\/?p=17399"},"modified":"2023-12-18T19:03:31","modified_gmt":"2023-12-18T22:03:31","slug":"inscricoes-para-o-concurso-de-decoracao-do-natal-aguas-e-luzes-sao-prorrogadas-ate-amanha-19","status":"publish","type":"post","link":"https:\/\/acontecenafronteira.com.br\/index.php\/2023\/12\/18\/inscricoes-para-o-concurso-de-decoracao-do-natal-aguas-e-luzes-sao-prorrogadas-ate-amanha-19\/","title":{"rendered":"Inscri\u00e7\u00f5es para o Concurso de Decora\u00e7\u00e3o do Natal \u00c1guas e Luzes s\u00e3o prorrogadas at\u00e9 amanh\u00e3 (19)"},"content":{"rendered":"\n<p><strong><em>Edital prev\u00ea premia\u00e7\u00e3o de at\u00e9 R$10 mil reais para melhores fachadas tem\u00e1ticas. Inscri\u00e7\u00f5es devem ser feitas pelo site: https:\/\/www.natalaguaseluzes.com.br<\/em><\/strong><\/p>\n\n\n\n<p>Os interessados em participar do Concurso de Decora\u00e7\u00e3o do Natal \u00c1gua e Luz ganharam mais um oportunidade e podem se inscrever at\u00e9 \u00e0s 23h59 desta ter\u00e7a-feira (19), no edital que prev\u00ea premia\u00e7\u00f5es de at\u00e9 R$ 10 mil reais para as melhores fachadas tem\u00e1ticas.<\/p>\n\n\n\n<p>Os interessados devem preencher a ficha de inscri\u00e7\u00e3o dispon\u00edvel no link https:\/\/www.natalaguaseluzes.com.br\/, informando: endere\u00e7o completo; CPF ou CNPJ; nome do respons\u00e1vel pela decora\u00e7\u00e3o do im\u00f3vel; inscri\u00e7\u00e3o imobili\u00e1ria; telefone e e-mail para contato; uma imagem da resid\u00eancia, com\u00e9rcio ou meios de hospedagem; e dados banc\u00e1rios para recebimento dos valores do pr\u00eamio.<\/p>\n\n\n\n<p>As tr\u00eas melhores fachadas dos im\u00f3veis de cada categoria (residencial, comercial e meios de hospedagem), receber\u00e3o pr\u00eamios em dinheiro, sendo: R$ 10 mil para os primeiros lugares; R$ 5 mil para os segundos lugares; e R$ 3 mil para os terceiros colocados.<\/p>\n\n\n\n<p>Al\u00e9m disso, as 10 melhores fachadas dos im\u00f3veis de cada uma das tr\u00eas categorias ser\u00e3o escolhidas por uma comiss\u00e3o avaliadora para a segunda fase do concurso, que ter\u00e1 vota\u00e7\u00e3o popular. Os tr\u00eas melhores de cada categoria receber\u00e3o pr\u00eamios em dinheiro.<\/p>\n\n\n\n<p>O objetivo dessa iniciativa \u00e9 promover o esp\u00edrito natalino na cidade, incentivar a criatividade e embelezar Foz no per\u00edodo natalino &#8211; alta temporada para a visita\u00e7\u00e3o tur\u00edstica, que ser\u00e1 impulsionada tamb\u00e9m com a programa\u00e7\u00e3o do Natal \u00c1guas e Luzes 2023, promovida em uma parceria entre a Prefeitura, a Itaipu Binacional e o Parque Tecnol\u00f3gico Itaipu (PTI-BR).<\/p>\n\n\n\n<blockquote class=\"wp-block-quote is-layout-flow wp-block-quote-is-layout-flow\">\n<p>\u201cEsta premia\u00e7\u00e3o tem a inten\u00e7\u00e3o de incentivar que a popula\u00e7\u00e3o participe do Natal \u00c1guas e Luzes este ano, para transformarmos toda a cidade, junto com as atra\u00e7\u00f5es promovidas pela Prefeitura, Itaipu e PTI, em um ambiente m\u00e1gico para ser desfrutado pelos nossos moradores e tamb\u00e9m pelos visitantes\u201d, ressaltou o prefeito Chico Brasileiro.<\/p>\n<\/blockquote>\n\n\n\n<p><strong>Sele\u00e7\u00e3o<\/strong><\/p>\n\n\n\n<p>O processo de sele\u00e7\u00e3o ocorrer\u00e1 em duas fases. A primeira, entre os dias 20 e 22 de dezembro, quando a comiss\u00e3o julgadora escolher\u00e1, entre os inscritos, 10 finalistas para a segunda fase. Estes 10 finalistas ter\u00e3o a foto de seu estabelecimento comercial postadas no site oficial do evento, e ficar\u00e3o abertas para vota\u00e7\u00e3o popular. O per\u00edodo de vota\u00e7\u00e3o ser\u00e1 entre o dia 26 de dezembro at\u00e9 o dia 01 de janeiro de 2024.<\/p>\n\n\n\n<p>O vencedor do \u201cConcurso Natal \u00c1guas e Luzes de Foz do Igua\u00e7u \u2013 2023\u201d receber\u00e1, al\u00e9m da premia\u00e7\u00e3o em dinheiro, um Selo de Destaque. A divulga\u00e7\u00e3o dos ganhadores ser\u00e1 no dia 3 de janeiro de 2024 e a entrega da premia\u00e7\u00e3o no dia 6 de janeiro.<\/p>\n\n\n\n<p><strong>Crit\u00e9rios<\/strong><\/p>\n\n\n\n<p>A comiss\u00e3o avaliadora do concurso ir\u00e1 julgar os seguintes crit\u00e9rios para a avalia\u00e7\u00e3o das decora\u00e7\u00f5es, com pontua\u00e7\u00e3o total de 10 pontos: Originalidade e Criatividade (5 pontos); Impacto Visual (3 pontos); e Harmonia e Est\u00e9tica do Conjunto (2 pontos). As visitas dos integrantes da comiss\u00e3o aos im\u00f3veis ser\u00e3o feitas a partir do dia 20 de dezembro.<\/p>\n\n\n\n<p>As fotos dos 10 melhores escolhidos de cada categoria ser\u00e3o publicadas no site do Natal \u00c1guas e Luzes para vota\u00e7\u00e3o popular, que ficar\u00e1 dispon\u00edvel entre 26 de dezembro e 01 de janeiro de 2024. A divulga\u00e7\u00e3o do ganhador ser\u00e1 no dia 3 de janeiro de 2024 e a entrega da premia\u00e7\u00e3o no dia 6 de janeiro.<\/p>\n","protected":false},"excerpt":{"rendered":"<p>Edital prev\u00ea premia\u00e7\u00e3o de at\u00e9 R$10 mil reais para melhores fachadas tem\u00e1ticas. Inscri\u00e7\u00f5es devem ser feitas pelo site: https:\/\/www.natalaguaseluzes.com.br Os interessados em participar do Concurso de Decora\u00e7\u00e3o do Natal \u00c1gua e Luz ganharam mais um oportunidade e podem se inscrever at\u00e9 \u00e0s 23h59 desta ter\u00e7a-feira (19), no edital que prev\u00ea premia\u00e7\u00f5es de at\u00e9 R$ 10 [&hellip;]<\/p>\n","protected":false},"author":2,"featured_media":17400,"comment_status":"open","ping_status":"open","sticky":false,"template":"","format":"standard","meta":{"om_disable_all_campaigns":false,"_monsterinsights_skip_tracking":false,"_monsterinsights_sitenote_active":false,"_monsterinsights_sitenote_note":"","_monsterinsights_sitenote_category":0,"footnotes":""},"categories":[13],"tags":[],"class_list":["post-17399","post","type-post","status-publish","format-standard","has-post-thumbnail","hentry","category-entretenimento"],"_links":{"self":[{"href":"https:\/\/acontecenafronteira.com.br\/index.php\/wp-json\/wp\/v2\/posts\/17399","targetHints":{"allow":["GET"]}}],"collection":[{"href":"https:\/\/acontecenafronteira.com.br\/index.php\/wp-json\/wp\/v2\/posts"}],"about":[{"href":"https:\/\/acontecenafronteira.com.br\/index.php\/wp-json\/wp\/v2\/types\/post"}],"author":[{"embeddable":true,"href":"https:\/\/acontecenafronteira.com.br\/index.php\/wp-json\/wp\/v2\/users\/2"}],"replies":[{"embeddable":true,"href":"https:\/\/acontecenafronteira.com.br\/index.php\/wp-json\/wp\/v2\/comments?post=17399"}],"version-history":[{"count":1,"href":"https:\/\/acontecenafronteira.com.br\/index.php\/wp-json\/wp\/v2\/posts\/17399\/revisions"}],"predecessor-version":[{"id":17401,"href":"https:\/\/acontecenafronteira.com.br\/index.php\/wp-json\/wp\/v2\/posts\/17399\/revisions\/17401"}],"wp:featuredmedia":[{"embeddable":true,"href":"https:\/\/acontecenafronteira.com.br\/index.php\/wp-json\/wp\/v2\/media\/17400"}],"wp:attachment":[{"href":"https:\/\/acontecenafronteira.com.br\/index.php\/wp-json\/wp\/v2\/media?parent=17399"}],"wp:term":[{"taxonomy":"category","embeddable":true,"href":"https:\/\/acontecenafronteira.com.br\/index.php\/wp-json\/wp\/v2\/categories?post=17399"},{"taxonomy":"post_tag","embeddable":true,"href":"https:\/\/acontecenafronteira.com.br\/index.php\/wp-json\/wp\/v2\/tags?post=17399"}],"curies":[{"name":"wp","href":"https:\/\/api.w.org\/{rel}","templated":true}]}}