{"id":17374,"date":"2023-12-12T20:43:11","date_gmt":"2023-12-12T23:43:11","guid":{"rendered":"https:\/\/acontecenafronteira.com.br\/?p=17374"},"modified":"2023-12-12T20:43:12","modified_gmt":"2023-12-12T23:43:12","slug":"capacitacao-prepara-conselheiros-tutelares-para-assumirem-funcao-em-janeiro","status":"publish","type":"post","link":"https:\/\/acontecenafronteira.com.br\/index.php\/2023\/12\/12\/capacitacao-prepara-conselheiros-tutelares-para-assumirem-funcao-em-janeiro\/","title":{"rendered":"Capacita\u00e7\u00e3o prepara conselheiros tutelares para assumirem fun\u00e7\u00e3o em janeiro"},"content":{"rendered":"\n<p><strong><em>Treinamento dos dias 11 a 13 de dezembro, na sede da Guarda Municipal, conclui \u00faltima etapa do edital de elei\u00e7\u00e3o<\/em><\/strong><\/p>\n\n\n\n<p>Os novos conselheiros tutelares, eleitos neste ano, participam de uma capacita\u00e7\u00e3o, nos dias 11 a 13 de dezembro, com o tema \u201cAtua\u00e7\u00e3o do Conselho Tutelar e o Sistema de Garantias de Direitos\u201d. O evento, que acontece no audit\u00f3rio da Guarda Municipal, \u00e9 a quarta e \u00faltima fase prevista no edital de elei\u00e7\u00e3o e prepara os novos agentes p\u00fablicos para tomarem posse e assumirem a fun\u00e7\u00e3o no dia 10 de janeiro de 2024.<\/p>\n\n\n\n<blockquote class=\"wp-block-quote is-layout-flow wp-block-quote-is-layout-flow\">\n<p>\u201cEssa \u00e9 a fase final do processo eleitoral, que contou com fase de inscri\u00e7\u00f5es, prova te\u00f3rica , avalia\u00e7\u00e3o de experi\u00eancia e quesitos obrigat\u00f3rios, elei\u00e7\u00e3o e agora este treinamento que engloba quest\u00f5es te\u00f3ricas e pr\u00e1ticas voltadas \u00e0 atua\u00e7\u00e3o do conselheiro tutelar, para que possam atuar com muito profissionalismo e conhecimento da rede socioassistencial na defesa e prote\u00e7\u00e3o \u00e0s crian\u00e7as e prestar um servi\u00e7o de qualidade \u00e0 comunidade\u201d, comentou a coordenadora da Comiss\u00e3o de Elei\u00e7\u00e3o, Andressa Trevisan dos Santos.<\/p>\n<\/blockquote>\n\n\n\n<p>Na capacita\u00e7\u00e3o, os conselheiros e seus suplentes aprendem, por exemplo, sobre a estrutura do Conselho Tutelar, as atribui\u00e7\u00f5es e limites da atua\u00e7\u00e3o, legisla\u00e7\u00e3o e direitos, o Sistema de Garantia de Direitos da Crian\u00e7a e do Adolescente, al\u00e9m de um treinamento pr\u00e1tico, onde aprendem a lidar com situa\u00e7\u00f5es delicadas, incluindo abuso, neglig\u00eancia e outras formas de viola\u00e7\u00e3o dos direitos das crian\u00e7as e adolescentes.<\/p>\n\n\n\n<p><strong>Import\u00e2ncia<\/strong><\/p>\n\n\n\n<p>A prepara\u00e7\u00e3o dos conselheiros \u00e9 fundamental para o enfrentamento de uma realidade ainda marcada por muitas viola\u00e7\u00f5es e neglig\u00eancias cometidas contra crian\u00e7as e adolescentes, principalmente no ambiente intrafamiliar.<\/p>\n\n\n\n<blockquote class=\"wp-block-quote is-layout-flow wp-block-quote-is-layout-flow\">\n<p>\u201c\u00c9 primordial aos conselheiros conhecerem a rede de prote\u00e7\u00e3o e ter propriedade sobre suas atribui\u00e7\u00f5es. Ser\u00e3o estes profissionais que estar\u00e3o na linha de frente da prote\u00e7\u00e3o da inf\u00e2ncia e adolesc\u00eancia a partir do pr\u00f3ximo ano. O Conselho Tutelar tem o papel de receber as den\u00fancias de viola\u00e7\u00e3o de direitos e definir o melhor encaminhamento para cada caso e tamb\u00e9m deve ser proativo e resolutivo na sua atua\u00e7\u00e3o\u201d, acrescentou Andressa.<\/p>\n<\/blockquote>\n\n\n\n<p><strong>Eleitos<\/strong><\/p>\n\n\n\n<p>Os novos conselheiros, eleitos em outubro deste ano, atuar\u00e3o nas duas regionais da cidade (Sul e Norte) e ter\u00e3o um mandato de quatro anos. Os dez conselheiros titulares considerados aptos a assumir o cargo s\u00e3o: Agnaldo Franchin, Ademilton Silva, Junior Palestrante, Prof. Joel, Moran, L\u00ea Figueiredo, Jair Meira, Milico, Maria Sirlei e Prof. Gilliard Diniz.<\/p>\n\n\n\n<p>Os conselheiros suplentes aptos estar\u00e3o \u00e0 disposi\u00e7\u00e3o do Conselho Municipal dos Direitos da Crian\u00e7a e do Adolescente (CMDCA) para assumirem em caso de vac\u00e2ncia do cargo ou implanta\u00e7\u00e3o de uma nova unidade do Conselho Tutelar.<\/p>\n","protected":false},"excerpt":{"rendered":"<p>Treinamento dos dias 11 a 13 de dezembro, na sede da Guarda Municipal, conclui \u00faltima etapa do edital de elei\u00e7\u00e3o Os novos conselheiros tutelares, eleitos neste ano, participam de uma capacita\u00e7\u00e3o, nos dias 11 a 13 de dezembro, com o tema \u201cAtua\u00e7\u00e3o do Conselho Tutelar e o Sistema de Garantias de Direitos\u201d. O evento, que [&hellip;]<\/p>\n","protected":false},"author":2,"featured_media":17375,"comment_status":"open","ping_status":"open","sticky":false,"template":"","format":"standard","meta":{"om_disable_all_campaigns":false,"_monsterinsights_skip_tracking":false,"_monsterinsights_sitenote_active":false,"_monsterinsights_sitenote_note":"","_monsterinsights_sitenote_category":0,"footnotes":""},"categories":[4],"tags":[],"class_list":["post-17374","post","type-post","status-publish","format-standard","has-post-thumbnail","hentry","category-cidade"],"_links":{"self":[{"href":"https:\/\/acontecenafronteira.com.br\/index.php\/wp-json\/wp\/v2\/posts\/17374","targetHints":{"allow":["GET"]}}],"collection":[{"href":"https:\/\/acontecenafronteira.com.br\/index.php\/wp-json\/wp\/v2\/posts"}],"about":[{"href":"https:\/\/acontecenafronteira.com.br\/index.php\/wp-json\/wp\/v2\/types\/post"}],"author":[{"embeddable":true,"href":"https:\/\/acontecenafronteira.com.br\/index.php\/wp-json\/wp\/v2\/users\/2"}],"replies":[{"embeddable":true,"href":"https:\/\/acontecenafronteira.com.br\/index.php\/wp-json\/wp\/v2\/comments?post=17374"}],"version-history":[{"count":1,"href":"https:\/\/acontecenafronteira.com.br\/index.php\/wp-json\/wp\/v2\/posts\/17374\/revisions"}],"predecessor-version":[{"id":17376,"href":"https:\/\/acontecenafronteira.com.br\/index.php\/wp-json\/wp\/v2\/posts\/17374\/revisions\/17376"}],"wp:featuredmedia":[{"embeddable":true,"href":"https:\/\/acontecenafronteira.com.br\/index.php\/wp-json\/wp\/v2\/media\/17375"}],"wp:attachment":[{"href":"https:\/\/acontecenafronteira.com.br\/index.php\/wp-json\/wp\/v2\/media?parent=17374"}],"wp:term":[{"taxonomy":"category","embeddable":true,"href":"https:\/\/acontecenafronteira.com.br\/index.php\/wp-json\/wp\/v2\/categories?post=17374"},{"taxonomy":"post_tag","embeddable":true,"href":"https:\/\/acontecenafronteira.com.br\/index.php\/wp-json\/wp\/v2\/tags?post=17374"}],"curies":[{"name":"wp","href":"https:\/\/api.w.org\/{rel}","templated":true}]}}