{"id":17354,"date":"2023-12-05T23:49:56","date_gmt":"2023-12-06T02:49:56","guid":{"rendered":"https:\/\/acontecenafronteira.com.br\/?p=17354"},"modified":"2023-12-05T23:49:56","modified_gmt":"2023-12-06T02:49:56","slug":"foz-do-iguacu-sedia-os-maiores-campeonatos-de-kickboxing-das-americas","status":"publish","type":"post","link":"https:\/\/acontecenafronteira.com.br\/index.php\/2023\/12\/05\/foz-do-iguacu-sedia-os-maiores-campeonatos-de-kickboxing-das-americas\/","title":{"rendered":"Foz do Igua\u00e7u sedia os maiores campeonatos de Kickboxing das Am\u00e9ricas"},"content":{"rendered":"\n<p><em><strong>Campeonatos Panamericano e Sul-Americano e Copa Am\u00e9rica da modalidade ser\u00e3o abertos oficialmente nesta quarta-feira (06), \u00e0s 20h, no Rafain Palace Hotel<\/strong><\/em><\/p>\n\n\n\n<p>Foz do Igua\u00e7u sedia os tr\u00eas maiores campeonatos de Kickboxing das Am\u00e9ricas dos dias 06 a 10 de dezembro, no Rafain Palace Hotel. Mais de 600 atletas de 14 pa\u00edses disputar\u00e3o as competi\u00e7\u00f5es dos Campeonatos Panamericano e Sul-Americano e a Copa Am\u00e9rica da modalidade.<\/p>\n\n\n\n<p>O multievento esportivo contar\u00e1 com a presen\u00e7a dos melhores lutadores do Brasil, Col\u00f4mbia, Estados Unidos da Am\u00e9rica, Bol\u00edvia, Equador, Chile, Peru, Venezuela, El Salvador, Argentina Republica Dominicana, Paraguai, Paquist\u00e3o e Bonaire.<\/p>\n\n\n\n<p>A abertura oficial dos torneios acontecer\u00e1 \u00e0s 20h e contar\u00e1 com a presen\u00e7a de representantes das Associa\u00e7\u00f5es Panamericana e Mundial de Organiza\u00e7\u00f5es de Kickboxing (Wako) e das Confedera\u00e7\u00f5es Panamericana, Sul-Americana e Brasileira de Kickboxing. O evento tamb\u00e9m contar\u00e1 com a participa\u00e7\u00e3o dos secret\u00e1rios de Esporte do Paran\u00e1, Helio Wirbiski e de Foz do Igua\u00e7u, Antonio Sapia.<\/p>\n\n\n\n<p>Foz do Igua\u00e7u foi a cidade escolhida pelas confedera\u00e7\u00f5es da modalidade a sediar a primeira edi\u00e7\u00e3o do Campeonato Panamericano e durante os quatro dias, se tornar\u00e1 vitrine mundial das competi\u00e7\u00f5es, com a transmiss\u00e3o on-line do evento.<\/p>\n\n\n\n<p>Os torneios representam uma modalidade que \u00e9 praticada em mais de 120 pa\u00edses.<\/p>\n\n\n\n<blockquote class=\"wp-block-quote is-layout-flow wp-block-quote-is-layout-flow\">\n<p>\u201cA 1\u00aa edi\u00e7\u00e3o da Copa Panamericana \u00e9 um sonho antigo e escolhemos Foz do Igua\u00e7u por estar localizada na regi\u00e3o da tr\u00edplice fronteira, um dos destinos tur\u00edsticos brasileiros mais visitados anualmente, al\u00e9m de possuir uma gigantesca e bem preparada rede hoteleira, culin\u00e1ria farta e variada, dezenas de atra\u00e7\u00f5es tur\u00edsticas, com destaque para as Cataratas do Igua\u00e7u e toda a diversidade cultural\u201d, expressou o presidente da Confedera\u00e7\u00e3o Brasileira de Kickboxing, mestre Paulo Zorello.<\/p>\n<\/blockquote>\n\n\n\n<p><strong>Import\u00e2ncia<\/strong><\/p>\n\n\n\n<p>A cidade tamb\u00e9m estar\u00e1 representada por atletas da equipe Higa Team Adulto, que possui parceria com a Secretaria Municipal de Esporte e Lazer (SMEL). O grupo ser\u00e1 liderado pelo t\u00e9cnico Gilsomar Higa, que tamb\u00e9m \u00e9 um dos dirigentes da Sele\u00e7\u00e3o Brasileira, comandada pelo treinador principal F\u00e1bio Galv\u00e3o e por Daniel Mattos. Ao todo, a delega\u00e7\u00e3o brasileira contar\u00e1 com a participa\u00e7\u00e3o de mais de 230 atletas.<\/p>\n\n\n\n<blockquote class=\"wp-block-quote is-layout-flow wp-block-quote-is-layout-flow\">\n<p>\u201cPara os atletas de Foz e do pa\u00eds, esse interc\u00e2mbio \u00e9 muito importante porque eles estar\u00e3o em contato com os melhores lutadores do continente, ent\u00e3o \u00e9 um evento de grande relev\u00e2ncia para o esporte e tamb\u00e9m para o fortalecimento da proje\u00e7\u00e3o da cidade no mundo\u201d, comentou mestre Higa, que tamb\u00e9m integra o quadro de t\u00e9cnicos desportivos da SMEL.<\/p>\n<\/blockquote>\n\n\n\n<p>O secret\u00e1rio de Esporte e Lazer, Antonio Sapia, refor\u00e7a que receber o evento \u00e9 um grande orgulho para a cidade, que est\u00e1 sempre de portas abertas para a integra\u00e7\u00e3o das pessoas. \u201cFoz do Igua\u00e7u tem se tornado refer\u00eancia na \u00e1rea esportiva gra\u00e7as ao desenvolvimento e imagem integradora, acolhedora e sobretudo, ao fortalecimento da estrutura e dos servi\u00e7os na cidade nos \u00faltimos anos. \u00c9 um orgulho receber mais este grande evento esportivo\u201d, comentou.<\/p>\n\n\n\n<p><strong>Torneios<\/strong><\/p>\n\n\n\n<p>O Campeonato Panamericano ser\u00e1 voltado \u00e0s categorias \u2018Cadetes\u2019 e \u2018Juniores\u2019 e o Sul-Americano, aos \u2018Adultos\u2019 e \u2018Masters\u2019. J\u00e1 a Copa Am\u00e9rica \u00e9 aberta para adultos. Todos incluem as categorias feminino e masculino.<\/p>\n\n\n\n<p>Os torneios contar\u00e3o com disputas nas oito modalidades de Kickboxing: Point Fight, Light Contact, Kick Light, Full Contact, Low Kicks e K1 Style. Ser\u00e3o premiados os tr\u00eas primeiros colocados por categoria com uma medalha exclusiva do evento. Os tr\u00eas pa\u00edses com as melhores coloca\u00e7\u00f5es gerais tamb\u00e9m receber\u00e3o trof\u00e9us.<\/p>\n\n\n\n<p>O Kickboxing \u00e9 uma \u00e9 um esporte de combate de contato moderno, no qual \u00e9 permitido golpes com m\u00e3os e pernas, segundo a defini\u00e7\u00e3o da Wako (Associa\u00e7\u00e3o Mundial das Organiza\u00e7\u00f5es de Kickboxing). A modalidade criada no ocidente foi inspirada em diversas artes marciais e esportes tradicionais de combate.<\/p>\n\n\n\n<p><strong>Organiza\u00e7\u00e3o<\/strong><\/p>\n\n\n\n<p>Os eventos s\u00e3o uma realiza\u00e7\u00e3o da Confedera\u00e7\u00e3o Brasileira de Kickboxing (CBKB), com a supervis\u00e3o da WAKO Panam e WAKO IF (Associa\u00e7\u00e3o Mundial das Organiza\u00e7\u00f5es de Kickboxing Panamericana e Internacional), em parceria com o Governo do Estado do Paran\u00e1 e a Prefeitura de Foz do Igua\u00e7u, atrav\u00e9s da Secretaria Municipal de Esporte e Lazer. A CBKB \u00e9 a \u00fanica Confedera\u00e7\u00e3o Mundial de Kickboxing reconhecida pelo Comit\u00ea Ol\u00edmpico da modalidade.<\/p>\n\n\n\n<p><strong>Ficha t\u00e9cnica<\/strong><\/p>\n\n\n\n<p>Delega\u00e7\u00e3o brasileira: presidente da CBKB, Paulo Zorello, diretor da Sele\u00e7\u00e3o Brasileira, Jefferson L\u00e1zaro, secret\u00e1ria da CBKB. Paula Oliveira, diretor arbitral, Tiago Peixoto, head coach (treinador principal), F\u00e1bio Galv\u00e3o e t\u00e9cnicos: Daniel Mattos, Gerson Te\u00f3filo, Waldir Fernandes e Gilsomar Higa. Organiza\u00e7\u00e3o: Zeila Plath, Beto Cunha, Alfredo Neto e Kaun Oliveira.<\/p>\n\n\n\n<p><strong>Programa\u00e7\u00e3o<\/strong><\/p>\n\n\n\n<p>QUARTA FEIRA, DIA 06 DE DEZEMBRO DE 2023<br>Chegada do restante das delega\u00e7\u00f5es<br>. 08h00 \u00e0s 17h00 &#8211; Pesagem Oficial dos atletas<br>. 08h30 \u00e0s 18h00 &#8211; Credenciamento<br>. 16h00 \u00e0s 18h00 &#8211; Reuni\u00e3o do Board da Panam<br>. 18h30 \u00e0s 19h30 &#8211; Congresso T\u00e9cnico<br>. 20h00 \u00e0s 22h00 &#8211; Abertura oficial do evento &#8211; Show de Abertura<br>QUINTA FEIRA, DIA 07 DE DEZEMBRO DE 2023<br>09h00 \u00e0s 10h30 &#8211; Congresso Arbitral<br>Sala A: modalidades de ringue<br>Sala B: modalidades de tatame<br>12h00 \u2013 Concentra\u00e7\u00e3o de todas as delega\u00e7\u00f5es<br>13h00 \u2013 Abertura oficial com desfile de todas as delega\u00e7\u00f5es<br>14h00 \u2013 In\u00edcio das competi\u00e7\u00f5es do dia<br>20h00 \u2013 Encerramento das competi\u00e7\u00f5es do dia<br>20h00 &#8211; Jantar do Board da Panam<br>SEXTA FEIRA, DIA 08 DE DEZEMBRO DE 2023<br>07H00 \u00e0s 08h00 \u2013 PESAGEM PARA OS ATLETAS DE RINGUE<br>8h00 \u2013 Concentra\u00e7\u00e3o das delega\u00e7\u00f5es<br>9h00 \u2013 In\u00edcio das competi\u00e7\u00f5es do dia<br>20h00 \u2013 Encerramento previsto das competi\u00e7\u00f5es do dia<br>21h00 \u2013 Jantar dos presidentes<br>S\u00c1BADO, DIA 09 DE DEZEMBRO DE 2023<br>07H00 \u00e0s 08h00 \u2013 PESAGEM PARA OS ATLETAS DE RINGUE<br>8h00 \u2013 Concentra\u00e7\u00e3o das delega\u00e7\u00f5es<br>9h00 \u2013 In\u00edcio das competi\u00e7\u00f5es do dia<br>10:00 am hasta las 12:00 am &#8211; Assembleia Geral da WAKO Panam<br>20h00 \u2013 Encerramento previsto das competi\u00e7\u00f5es do dia<br>DOMINGO, DIA 10 DE DEZEMBRO DE 2023<br>07H00 \u00e0s 08h00 \u2013 PESAGEM PARA OS ATLETAS DE RINGUE<br>8h00 \u2013 Concentra\u00e7\u00e3o das delega\u00e7\u00f5es<br>9h00 \u2013 In\u00edcio das competi\u00e7\u00f5es do dia<br>16h00 \u2013 Encerramento previsto das competi\u00e7\u00f5es do dia<br>Premia\u00e7\u00e3o geral da competi\u00e7\u00e3o<\/p>\n","protected":false},"excerpt":{"rendered":"<p>Campeonatos Panamericano e Sul-Americano e Copa Am\u00e9rica da modalidade ser\u00e3o abertos oficialmente nesta quarta-feira (06), \u00e0s 20h, no Rafain Palace Hotel Foz do Igua\u00e7u sedia os tr\u00eas maiores campeonatos de Kickboxing das Am\u00e9ricas dos dias 06 a 10 de dezembro, no Rafain Palace Hotel. Mais de 600 atletas de 14 pa\u00edses disputar\u00e3o as competi\u00e7\u00f5es dos [&hellip;]<\/p>\n","protected":false},"author":2,"featured_media":17355,"comment_status":"open","ping_status":"open","sticky":false,"template":"","format":"standard","meta":{"om_disable_all_campaigns":false,"_monsterinsights_skip_tracking":false,"_monsterinsights_sitenote_active":false,"_monsterinsights_sitenote_note":"","_monsterinsights_sitenote_category":0,"footnotes":""},"categories":[4,2],"tags":[],"class_list":["post-17354","post","type-post","status-publish","format-standard","has-post-thumbnail","hentry","category-cidade","category-esportes"],"_links":{"self":[{"href":"https:\/\/acontecenafronteira.com.br\/index.php\/wp-json\/wp\/v2\/posts\/17354","targetHints":{"allow":["GET"]}}],"collection":[{"href":"https:\/\/acontecenafronteira.com.br\/index.php\/wp-json\/wp\/v2\/posts"}],"about":[{"href":"https:\/\/acontecenafronteira.com.br\/index.php\/wp-json\/wp\/v2\/types\/post"}],"author":[{"embeddable":true,"href":"https:\/\/acontecenafronteira.com.br\/index.php\/wp-json\/wp\/v2\/users\/2"}],"replies":[{"embeddable":true,"href":"https:\/\/acontecenafronteira.com.br\/index.php\/wp-json\/wp\/v2\/comments?post=17354"}],"version-history":[{"count":1,"href":"https:\/\/acontecenafronteira.com.br\/index.php\/wp-json\/wp\/v2\/posts\/17354\/revisions"}],"predecessor-version":[{"id":17356,"href":"https:\/\/acontecenafronteira.com.br\/index.php\/wp-json\/wp\/v2\/posts\/17354\/revisions\/17356"}],"wp:featuredmedia":[{"embeddable":true,"href":"https:\/\/acontecenafronteira.com.br\/index.php\/wp-json\/wp\/v2\/media\/17355"}],"wp:attachment":[{"href":"https:\/\/acontecenafronteira.com.br\/index.php\/wp-json\/wp\/v2\/media?parent=17354"}],"wp:term":[{"taxonomy":"category","embeddable":true,"href":"https:\/\/acontecenafronteira.com.br\/index.php\/wp-json\/wp\/v2\/categories?post=17354"},{"taxonomy":"post_tag","embeddable":true,"href":"https:\/\/acontecenafronteira.com.br\/index.php\/wp-json\/wp\/v2\/tags?post=17354"}],"curies":[{"name":"wp","href":"https:\/\/api.w.org\/{rel}","templated":true}]}}