{"id":17332,"date":"2023-11-30T23:20:19","date_gmt":"2023-12-01T02:20:19","guid":{"rendered":"https:\/\/acontecenafronteira.com.br\/?p=17332"},"modified":"2023-11-30T23:20:19","modified_gmt":"2023-12-01T02:20:19","slug":"a-policia-civil-de-santa-terezinha-de-itaipu-identificou-os-autores-de-roubo-e-sequestro-carcere-privado","status":"publish","type":"post","link":"https:\/\/acontecenafronteira.com.br\/index.php\/2023\/11\/30\/a-policia-civil-de-santa-terezinha-de-itaipu-identificou-os-autores-de-roubo-e-sequestro-carcere-privado\/","title":{"rendered":"A Pol\u00edcia Civil de Santa Terezinha de Itaipu identificou os autores de roubo e sequestro c\u00e1rcere privado."},"content":{"rendered":"\n<p><strong><em>A Pol\u00edcia Civil de Santa Terezinha de Itaipu concluiu a investiga\u00e7\u00e3o referente a um ocorr\u00eancia de roubo agravado, sequestro e c\u00e1rcere privado ocorrido em 11 de outubro de 2023. que segundo a v\u00edtima quatro indiv\u00edduos perpetraram o roubo de sua camionete nesta cidade, mantendo a v\u00edtima em seu poder por aproximadamente 1 hora e 20 minutos, circulando na \u00e1rea rural sob grave amea\u00e7a.<\/em><\/strong><\/p>\n\n\n\n<p>O Delegado-Chefe da unidade policial, Dr. Geraldo Evangelista Souza J\u00fanior, que supervisionou o inqu\u00e9rito policial, informou que, ap\u00f3s o incidente extremamente grave, os agentes do setor de investiga\u00e7\u00e3o iniciaram dilig\u00eancias em colabora\u00e7\u00e3o com as for\u00e7as de seguran\u00e7a para esclarecer o crime. No decorrer das investiga\u00e7\u00f5es, dois dos quatro assaltantes foram identificados, com idades de 20 e 31 anos, sendo um residente de Foz do Igua\u00e7u e o outro da cidade de Medianeira.<\/p>\n\n\n\n<p>O Delegado ressalta que, durante as dilig\u00eancias, a camionete da v\u00edtima foi recuperada e posteriormente devolvida a ela nesta delegacia.<\/p>\n\n\n\n<p>Essa opera\u00e7\u00e3o foi um esfor\u00e7o conjunto das for\u00e7as policiais e refor\u00e7a o compromisso em garantir a seguran\u00e7a e a justi\u00e7a em nossa comunidade. A Pol\u00edcia Civil continua a trabalhar diligentemente para responsabilizar os outros dois envolvidos nesse crime.<\/p>\n\n\n\n<p><\/p>\n","protected":false},"excerpt":{"rendered":"<p>A Pol\u00edcia Civil de Santa Terezinha de Itaipu concluiu a investiga\u00e7\u00e3o referente a um ocorr\u00eancia de roubo agravado, sequestro e c\u00e1rcere privado ocorrido em 11 de outubro de 2023. que segundo a v\u00edtima quatro indiv\u00edduos perpetraram o roubo de sua camionete nesta cidade, mantendo a v\u00edtima em seu poder por aproximadamente 1 hora e 20 [&hellip;]<\/p>\n","protected":false},"author":2,"featured_media":17333,"comment_status":"open","ping_status":"open","sticky":false,"template":"","format":"standard","meta":{"om_disable_all_campaigns":false,"_monsterinsights_skip_tracking":false,"_monsterinsights_sitenote_active":false,"_monsterinsights_sitenote_note":"","_monsterinsights_sitenote_category":0,"footnotes":""},"categories":[5],"tags":[],"class_list":["post-17332","post","type-post","status-publish","format-standard","has-post-thumbnail","hentry","category-policia"],"_links":{"self":[{"href":"https:\/\/acontecenafronteira.com.br\/index.php\/wp-json\/wp\/v2\/posts\/17332","targetHints":{"allow":["GET"]}}],"collection":[{"href":"https:\/\/acontecenafronteira.com.br\/index.php\/wp-json\/wp\/v2\/posts"}],"about":[{"href":"https:\/\/acontecenafronteira.com.br\/index.php\/wp-json\/wp\/v2\/types\/post"}],"author":[{"embeddable":true,"href":"https:\/\/acontecenafronteira.com.br\/index.php\/wp-json\/wp\/v2\/users\/2"}],"replies":[{"embeddable":true,"href":"https:\/\/acontecenafronteira.com.br\/index.php\/wp-json\/wp\/v2\/comments?post=17332"}],"version-history":[{"count":1,"href":"https:\/\/acontecenafronteira.com.br\/index.php\/wp-json\/wp\/v2\/posts\/17332\/revisions"}],"predecessor-version":[{"id":17334,"href":"https:\/\/acontecenafronteira.com.br\/index.php\/wp-json\/wp\/v2\/posts\/17332\/revisions\/17334"}],"wp:featuredmedia":[{"embeddable":true,"href":"https:\/\/acontecenafronteira.com.br\/index.php\/wp-json\/wp\/v2\/media\/17333"}],"wp:attachment":[{"href":"https:\/\/acontecenafronteira.com.br\/index.php\/wp-json\/wp\/v2\/media?parent=17332"}],"wp:term":[{"taxonomy":"category","embeddable":true,"href":"https:\/\/acontecenafronteira.com.br\/index.php\/wp-json\/wp\/v2\/categories?post=17332"},{"taxonomy":"post_tag","embeddable":true,"href":"https:\/\/acontecenafronteira.com.br\/index.php\/wp-json\/wp\/v2\/tags?post=17332"}],"curies":[{"name":"wp","href":"https:\/\/api.w.org\/{rel}","templated":true}]}}