{"id":17329,"date":"2023-11-30T23:18:23","date_gmt":"2023-12-01T02:18:23","guid":{"rendered":"https:\/\/acontecenafronteira.com.br\/?p=17329"},"modified":"2023-11-30T23:18:23","modified_gmt":"2023-12-01T02:18:23","slug":"copel-amplia-frota-de-veiculos-eletricos-com-foco-na-descarbonizacao","status":"publish","type":"post","link":"https:\/\/acontecenafronteira.com.br\/index.php\/2023\/11\/30\/copel-amplia-frota-de-veiculos-eletricos-com-foco-na-descarbonizacao\/","title":{"rendered":"Copel amplia frota de ve\u00edculos el\u00e9tricos com foco na descarboniza\u00e7\u00e3o"},"content":{"rendered":"\n<p><strong><em>Protagonista no incentivo \u00e0 eletromobilidade por meio de pesquisa, desenvolvimento e parcerias com startups, a Copel d\u00e1 mais um passo em favor do transporte sustent\u00e1vel, com a substitui\u00e7\u00e3o de mais 24 ve\u00edculos leves por modelos el\u00e9tricos que ir\u00e3o compor sua frota de uso di\u00e1rio.<\/em><\/strong><\/p>\n\n\n\n<p>A Companhia, que j\u00e1 possu\u00eda nove el\u00e9tricos rodando no Paran\u00e1, agora passa a ter 17% dos autom\u00f3veis administrativos movidos a eletricidade. Como parte da meta de neutralizar as emiss\u00f5es de carbono at\u00e9 2030, a empresa objetiva chegar ao final desta d\u00e9cada com a metade de seus autom\u00f3veis abastecidos com energia el\u00e9trica.<\/p>\n\n\n\n<p>O novo contrato de loca\u00e7\u00e3o disponibiliza ve\u00edculos Kwid E-Tech, da fabricante Renault, por um per\u00edodo de 36 meses, que a empresa passa utilizar em Cascavel, Curitiba, Londrina, Maring\u00e1, Paranagu\u00e1, Ponta Grossa, S\u00e3o Jos\u00e9 dos Pinhais, e nas usinas Governador Bento Munhoz da Rocha Netto (Foz do Areia), Ney Aminthas de Barros Braga (Segredo) e Gov. Jos\u00e9 Richa (Salto Caxias).<\/p>\n\n\n\n<p>A Copel foi pioneira no uso de ve\u00edculos el\u00e9tricos e a partir de 2018 passou a estruturar a maior eletrovia do Pa\u00eds, com 12 postos de recarga ao longo de 730 quil\u00f4metros da rodovia BR-277, ligando o extremo Leste ao extremo Oeste do Estado. Em 2021, a empresa lan\u00e7ou um programa de compartilhamento e loca\u00e7\u00e3o de ve\u00edculos el\u00e9tricos para uso nas atividades corporativas, em parceria com a Renault do Brasil. No ano seguinte, novos eletropostos foram instalados em uma prova de conceito realizada por meio do programa de incentivo a startups Copel Volt.<\/p>\n\n\n\n<p>O Paran\u00e1 se destaca na ado\u00e7\u00e3o de ve\u00edculos el\u00e9tricos, ocupando a segunda posi\u00e7\u00e3o no ranking nacional de ve\u00edculos leves 100% el\u00e9tricos, atr\u00e1s apenas da frota de S\u00e3o Paulo, segundo a Secretaria Nacional de Tr\u00e2nsito (Senatran). S\u00e3o 1.792 unidades da frota paranaense, que representam 11,72% da frota nacional de carros 100% el\u00e9tricos.<\/p>\n\n\n\n<p><strong>GERA\u00c7\u00c3O SOLAR&nbsp;<\/strong>\u2013 O pr\u00f3ximo passo da Copel ser\u00e1 ampliar a gera\u00e7\u00e3o fotovoltaica para o abastecimento da frota el\u00e9trica nas depend\u00eancias da empresa. O carport instalado na sede da Companhia tem capacidade instalada de 12,5KWp e est\u00e1 em obras de amplia\u00e7\u00e3o para atingir a capacidade m\u00e1xima prevista de 25KWp. Na sequ\u00eancia, os planos preveem a instala\u00e7\u00e3o de quatro novas unidades geradoras com 8KWp de capacidade, em Ponta Grossa, Londrina, Cascavel e na usina de Foz do Areia.<\/p>\n\n\n\n<p>Foto: COPEL<\/p>\n","protected":false},"excerpt":{"rendered":"<p>Protagonista no incentivo \u00e0 eletromobilidade por meio de pesquisa, desenvolvimento e parcerias com startups, a Copel d\u00e1 mais um passo em favor do transporte sustent\u00e1vel, com a substitui\u00e7\u00e3o de mais 24 ve\u00edculos leves por modelos el\u00e9tricos que ir\u00e3o compor sua frota de uso di\u00e1rio. A Companhia, que j\u00e1 possu\u00eda nove el\u00e9tricos rodando no Paran\u00e1, agora [&hellip;]<\/p>\n","protected":false},"author":2,"featured_media":17330,"comment_status":"open","ping_status":"open","sticky":false,"template":"","format":"standard","meta":{"om_disable_all_campaigns":false,"_monsterinsights_skip_tracking":false,"_monsterinsights_sitenote_active":false,"_monsterinsights_sitenote_note":"","_monsterinsights_sitenote_category":0,"footnotes":""},"categories":[18],"tags":[],"class_list":["post-17329","post","type-post","status-publish","format-standard","has-post-thumbnail","hentry","category-parana"],"_links":{"self":[{"href":"https:\/\/acontecenafronteira.com.br\/index.php\/wp-json\/wp\/v2\/posts\/17329","targetHints":{"allow":["GET"]}}],"collection":[{"href":"https:\/\/acontecenafronteira.com.br\/index.php\/wp-json\/wp\/v2\/posts"}],"about":[{"href":"https:\/\/acontecenafronteira.com.br\/index.php\/wp-json\/wp\/v2\/types\/post"}],"author":[{"embeddable":true,"href":"https:\/\/acontecenafronteira.com.br\/index.php\/wp-json\/wp\/v2\/users\/2"}],"replies":[{"embeddable":true,"href":"https:\/\/acontecenafronteira.com.br\/index.php\/wp-json\/wp\/v2\/comments?post=17329"}],"version-history":[{"count":1,"href":"https:\/\/acontecenafronteira.com.br\/index.php\/wp-json\/wp\/v2\/posts\/17329\/revisions"}],"predecessor-version":[{"id":17331,"href":"https:\/\/acontecenafronteira.com.br\/index.php\/wp-json\/wp\/v2\/posts\/17329\/revisions\/17331"}],"wp:featuredmedia":[{"embeddable":true,"href":"https:\/\/acontecenafronteira.com.br\/index.php\/wp-json\/wp\/v2\/media\/17330"}],"wp:attachment":[{"href":"https:\/\/acontecenafronteira.com.br\/index.php\/wp-json\/wp\/v2\/media?parent=17329"}],"wp:term":[{"taxonomy":"category","embeddable":true,"href":"https:\/\/acontecenafronteira.com.br\/index.php\/wp-json\/wp\/v2\/categories?post=17329"},{"taxonomy":"post_tag","embeddable":true,"href":"https:\/\/acontecenafronteira.com.br\/index.php\/wp-json\/wp\/v2\/tags?post=17329"}],"curies":[{"name":"wp","href":"https:\/\/api.w.org\/{rel}","templated":true}]}}