{"id":17323,"date":"2023-11-29T23:52:08","date_gmt":"2023-11-30T02:52:08","guid":{"rendered":"https:\/\/acontecenafronteira.com.br\/?p=17323"},"modified":"2023-11-29T23:52:08","modified_gmt":"2023-11-30T02:52:08","slug":"secretaria-de-turismo-participou-de-79-eventos-de-promocao-do-destino-em-2023","status":"publish","type":"post","link":"https:\/\/acontecenafronteira.com.br\/index.php\/2023\/11\/29\/secretaria-de-turismo-participou-de-79-eventos-de-promocao-do-destino-em-2023\/","title":{"rendered":"Secretaria de Turismo participou de 79 eventos de promo\u00e7\u00e3o do Destino em 2023"},"content":{"rendered":"\n<p><strong><em>Balan\u00e7o das a\u00e7\u00f5es e alinhamento dos projetos para 2024 foram temas de reuni\u00e3o com o trade tur\u00edstico<\/em><\/strong><\/p>\n\n\n\n<p>A Secretaria de Turismo e Projetos Estrat\u00e9gicos de Foz do Igua\u00e7u participou de 79 a\u00e7\u00f5es, entre feiras, workshops, road shows e eventos de promo\u00e7\u00e3o do Destino Igua\u00e7u ao longo de 2023 com investimentos que chegam a R$ 2,4 milh\u00f5es. A pasta tamb\u00e9m emitiu mais de 400 alvar\u00e1s para a realiza\u00e7\u00e3o de eventos em Foz do Igua\u00e7u, que atra\u00edram cerca de 290 mil participantes.<\/p>\n\n\n\n<p>O site do destino (https:\/\/destino.foz.br\/), onde s\u00e3o divulgados todos os atrativos tur\u00edsticos de Foz do Igua\u00e7u e os eventos sediados no munic\u00edpio, recebeu mais de 110 mil visitas este ano.<br>Estes e outros dados foram apresentados nesta ter\u00e7a-feira (28) aos atrativos tur\u00edsticos e meios de hospedagem durante uma reuni\u00e3o na sede da SMTU, onde tamb\u00e9m foram abordadas as a\u00e7\u00f5es e projetos para 2024. Nesta quarta-feira (29), o balan\u00e7o ser\u00e1 apresentado \u00e0s ag\u00eancias de turismo.<\/p>\n\n\n\n<p>O intuito, de acordo com o secret\u00e1rio da pasta Andr\u00e9 Alliana, \u00e9 apresentar o balan\u00e7o das a\u00e7\u00f5es em 2023, mas tamb\u00e9m ouvir sugest\u00f5es e alinhar o planejamento para potenciais atividades em 2024.<\/p>\n\n\n\n<blockquote class=\"wp-block-quote is-layout-flow wp-block-quote-is-layout-flow\">\n<p>\u201cSomente nos meses de setembro e outubro, a Secretaria de Turismo participou de 24 eventos considerados estrat\u00e9gicos para atrair visitantes para Foz do Igua\u00e7u. A participa\u00e7\u00e3o em eventos, com estandes, apresenta\u00e7\u00f5es e contato com operadoras do turismo e outros atores do segmento, faz parte da estrat\u00e9gia da Prefeitura de Foz do Igua\u00e7u para a promo\u00e7\u00e3o do destino\u201d, comentou. \u201cQueremos, para o pr\u00f3ximo ano, fortalecer essas a\u00e7\u00f5es e parcerias para atra\u00e7\u00e3o de turistas e a amplia\u00e7\u00e3o da perman\u00eancia deles na cidade\u201d, reiterou Alianna.<\/p>\n<\/blockquote>\n\n\n\n<p>Um dos mais recentes eventos apoiados pela SMTU foi o Foz Internacional Boat Show, que encerrou no \u00faltimo domingo (26) com cerca de R$ 30 milh\u00f5es em neg\u00f3cios movimentados, o que impacta diretamente na gera\u00e7\u00e3o de empregos do setor n\u00e1utico.<\/p>\n\n\n\n<p>Nos \u00faltimos meses, a Secretaria de Turismo tamb\u00e9m participou da ABAV Expo, uma das maiores feiras da Am\u00e9rica Latina, realizada no Rio de Janeiro, com foco na capta\u00e7\u00e3o de voos para o destino; da Feira Internacional de Turismo da Am\u00e9rica Latina, na Argentina, que atraiu mais de 70 mil participantes; do IMEX Am\u00e9rica 2023, realizado em Las Vegas e voltado ao segmento de eventos corporativos, entre outros eventos.<\/p>\n\n\n\n<p>Nesta quarta-feira (29), o Prefeito Chico Brasileiro viaja para China, onde participa, a convite do governo daquele pa\u00eds, do F\u00f3rum Liangzhu, com presen\u00e7a de funcion\u00e1rios, peritos e profissionais da cultura de diversos pa\u00edses. A inten\u00e7\u00e3o \u00e9 ampliar as alian\u00e7as aumentando a chegada de visitantes estrangeiros atra\u00eddos principalmente pelas belezas naturais de Foz do Igua\u00e7u.<\/p>\n","protected":false},"excerpt":{"rendered":"<p>Balan\u00e7o das a\u00e7\u00f5es e alinhamento dos projetos para 2024 foram temas de reuni\u00e3o com o trade tur\u00edstico A Secretaria de Turismo e Projetos Estrat\u00e9gicos de Foz do Igua\u00e7u participou de 79 a\u00e7\u00f5es, entre feiras, workshops, road shows e eventos de promo\u00e7\u00e3o do Destino Igua\u00e7u ao longo de 2023 com investimentos que chegam a R$ 2,4 [&hellip;]<\/p>\n","protected":false},"author":2,"featured_media":17324,"comment_status":"open","ping_status":"open","sticky":false,"template":"","format":"standard","meta":{"om_disable_all_campaigns":false,"_monsterinsights_skip_tracking":false,"_monsterinsights_sitenote_active":false,"_monsterinsights_sitenote_note":"","_monsterinsights_sitenote_category":0,"footnotes":""},"categories":[9],"tags":[],"class_list":["post-17323","post","type-post","status-publish","format-standard","has-post-thumbnail","hentry","category-turismo"],"_links":{"self":[{"href":"https:\/\/acontecenafronteira.com.br\/index.php\/wp-json\/wp\/v2\/posts\/17323","targetHints":{"allow":["GET"]}}],"collection":[{"href":"https:\/\/acontecenafronteira.com.br\/index.php\/wp-json\/wp\/v2\/posts"}],"about":[{"href":"https:\/\/acontecenafronteira.com.br\/index.php\/wp-json\/wp\/v2\/types\/post"}],"author":[{"embeddable":true,"href":"https:\/\/acontecenafronteira.com.br\/index.php\/wp-json\/wp\/v2\/users\/2"}],"replies":[{"embeddable":true,"href":"https:\/\/acontecenafronteira.com.br\/index.php\/wp-json\/wp\/v2\/comments?post=17323"}],"version-history":[{"count":1,"href":"https:\/\/acontecenafronteira.com.br\/index.php\/wp-json\/wp\/v2\/posts\/17323\/revisions"}],"predecessor-version":[{"id":17325,"href":"https:\/\/acontecenafronteira.com.br\/index.php\/wp-json\/wp\/v2\/posts\/17323\/revisions\/17325"}],"wp:featuredmedia":[{"embeddable":true,"href":"https:\/\/acontecenafronteira.com.br\/index.php\/wp-json\/wp\/v2\/media\/17324"}],"wp:attachment":[{"href":"https:\/\/acontecenafronteira.com.br\/index.php\/wp-json\/wp\/v2\/media?parent=17323"}],"wp:term":[{"taxonomy":"category","embeddable":true,"href":"https:\/\/acontecenafronteira.com.br\/index.php\/wp-json\/wp\/v2\/categories?post=17323"},{"taxonomy":"post_tag","embeddable":true,"href":"https:\/\/acontecenafronteira.com.br\/index.php\/wp-json\/wp\/v2\/tags?post=17323"}],"curies":[{"name":"wp","href":"https:\/\/api.w.org\/{rel}","templated":true}]}}