{"id":17289,"date":"2023-11-23T23:42:57","date_gmt":"2023-11-24T02:42:57","guid":{"rendered":"https:\/\/acontecenafronteira.com.br\/?p=17289"},"modified":"2023-11-23T23:42:57","modified_gmt":"2023-11-24T02:42:57","slug":"policia-penal-leva-alunos-de-enfermagem-para-atender-apenados-em-piraquara","status":"publish","type":"post","link":"https:\/\/acontecenafronteira.com.br\/index.php\/2023\/11\/23\/policia-penal-leva-alunos-de-enfermagem-para-atender-apenados-em-piraquara\/","title":{"rendered":"Pol\u00edcia Penal leva alunos de enfermagem para atender apenados, em Piraquara"},"content":{"rendered":"\n<p><strong><em>A Pol\u00edcia Penal do Paran\u00e1 (PPPR), em parceria com o Col\u00e9gio Estadual Campos Sales, de Campina Grande do Sul, na Regi\u00e3o Metropolitana de Curitiba, promoveu nesta semana a\u00e7\u00f5es voltadas \u00e0 sa\u00fade das pessoas privadas de liberdade (PPLs) custodiadas na Penitenci\u00e1ria Central do Estado \u2013 Unidade de Progress\u00e3o (PCE-UP), localizada no Complexo Penitenci\u00e1rio de Piraquara, tamb\u00e9m na RMC. <\/em><\/strong><\/p>\n\n\n\n<p>As atividades s\u00e3o alinhadas com a campanha Novembro Azul, sobre cuidados com a sa\u00fade do homem.<\/p>\n\n\n\n<p>A parceria entre a PPPR e o Campos Sales possibilita um campo de est\u00e1gio para 25 alunos do primeiro per\u00edodo do curso t\u00e9cnico em enfermagem. A iniciativa atende a disciplina de Introdu\u00e7\u00e3o \u00e0 Assist\u00eancia em Enfermagem. Entre as atividades estiveram triagem e medidas preventivas e orienta\u00e7\u00f5es referentes \u00e0 sa\u00fade do homem, destinadas a todos os custodiados da unidade penal.&nbsp;<\/p>\n\n\n\n<p>O professor e enfermeiro Francisco Luiz Slomp disse que foi poss\u00edvel identificar casos de hipertens\u00e3o e diabetes durante os atendimentos realizados na PCE-UP, o que demanda uma aten\u00e7\u00e3o especial a estes indiv\u00edduos. \u201cOs alunos comunicam os primeiros ou principais agravos da sa\u00fade identificados nos custodiados atrav\u00e9s da entrevista e da aferi\u00e7\u00e3o de sinais vitais. Pudemos identificar alguns casos destas doen\u00e7as e realizar encaminhamento das pessoas para testes r\u00e1pidos de hepatite B, hepatite C, HIV e s\u00edfilis\u201d, informou.<\/p>\n\n\n\n<p>Todos os testes foram realizados dentro da unidade, sem necessidade de levar os apenados a uma unidade de sa\u00fade. Segundo Slomp, nenhum dos testes r\u00e1pidos realizados nestes dois dias de evento diagnosticou doen\u00e7as sexualmente transmiss\u00edveis ou hepatite.<\/p>\n\n\n\n<blockquote class=\"wp-block-quote is-layout-flow wp-block-quote-is-layout-flow\">\n<p>\u201cAs a\u00e7\u00f5es promovidas neste evento, al\u00e9m de conscientizar quanto \u00e0 import\u00e2ncia e a necessidade dos cuidados com a sa\u00fade dos homens, tamb\u00e9m v\u00eam ao encontro aos valores da Unidade de Progress\u00e3o, com execu\u00e7\u00e3o de pena humanizada, oportunizando \u00e0s pessoas privadas de liberdade o efetivo acesso a medidas ressocializadoras e restaurativas\u201d, destacou o diretor da PCE-UP, Marcelo Adriano da Cunha.<\/p>\n<\/blockquote>\n\n\n\n<p>Para a agente de execu\u00e7\u00e3o e t\u00e9cnica de enfermagem da PCE-UP, Andreza Keini Fonseca da Silva Camargo, a\u00e7\u00f5es como esta s\u00e3o necess\u00e1rias para identificar necessidades individuais e coletivas dos custodiados.&nbsp;\u201cA proposta do setor de sa\u00fade com o evento Novembro Azul buscou conhecer e acompanhar a sa\u00fade integral e propor um atendimento humanizado e individual\u201d, disse. Segundo ela, a meta \u00e9 alcan\u00e7ar a totalidade de PPLs para conhecer a demanda coletiva da unidade e realizar a\u00e7\u00f5es preventivas e corretivas.<\/p>\n\n\n\n<p>Foto: Pol\u00edcia Penal<\/p>\n","protected":false},"excerpt":{"rendered":"<p>A Pol\u00edcia Penal do Paran\u00e1 (PPPR), em parceria com o Col\u00e9gio Estadual Campos Sales, de Campina Grande do Sul, na Regi\u00e3o Metropolitana de Curitiba, promoveu nesta semana a\u00e7\u00f5es voltadas \u00e0 sa\u00fade das pessoas privadas de liberdade (PPLs) custodiadas na Penitenci\u00e1ria Central do Estado \u2013 Unidade de Progress\u00e3o (PCE-UP), localizada no Complexo Penitenci\u00e1rio de Piraquara, tamb\u00e9m [&hellip;]<\/p>\n","protected":false},"author":2,"featured_media":17290,"comment_status":"open","ping_status":"open","sticky":false,"template":"","format":"standard","meta":{"om_disable_all_campaigns":false,"_monsterinsights_skip_tracking":false,"_monsterinsights_sitenote_active":false,"_monsterinsights_sitenote_note":"","_monsterinsights_sitenote_category":0,"footnotes":""},"categories":[5,10],"tags":[],"class_list":["post-17289","post","type-post","status-publish","format-standard","has-post-thumbnail","hentry","category-policia","category-saude"],"_links":{"self":[{"href":"https:\/\/acontecenafronteira.com.br\/index.php\/wp-json\/wp\/v2\/posts\/17289","targetHints":{"allow":["GET"]}}],"collection":[{"href":"https:\/\/acontecenafronteira.com.br\/index.php\/wp-json\/wp\/v2\/posts"}],"about":[{"href":"https:\/\/acontecenafronteira.com.br\/index.php\/wp-json\/wp\/v2\/types\/post"}],"author":[{"embeddable":true,"href":"https:\/\/acontecenafronteira.com.br\/index.php\/wp-json\/wp\/v2\/users\/2"}],"replies":[{"embeddable":true,"href":"https:\/\/acontecenafronteira.com.br\/index.php\/wp-json\/wp\/v2\/comments?post=17289"}],"version-history":[{"count":1,"href":"https:\/\/acontecenafronteira.com.br\/index.php\/wp-json\/wp\/v2\/posts\/17289\/revisions"}],"predecessor-version":[{"id":17291,"href":"https:\/\/acontecenafronteira.com.br\/index.php\/wp-json\/wp\/v2\/posts\/17289\/revisions\/17291"}],"wp:featuredmedia":[{"embeddable":true,"href":"https:\/\/acontecenafronteira.com.br\/index.php\/wp-json\/wp\/v2\/media\/17290"}],"wp:attachment":[{"href":"https:\/\/acontecenafronteira.com.br\/index.php\/wp-json\/wp\/v2\/media?parent=17289"}],"wp:term":[{"taxonomy":"category","embeddable":true,"href":"https:\/\/acontecenafronteira.com.br\/index.php\/wp-json\/wp\/v2\/categories?post=17289"},{"taxonomy":"post_tag","embeddable":true,"href":"https:\/\/acontecenafronteira.com.br\/index.php\/wp-json\/wp\/v2\/tags?post=17289"}],"curies":[{"name":"wp","href":"https:\/\/api.w.org\/{rel}","templated":true}]}}